{"id":521444,"date":"2025-11-08T22:12:15","date_gmt":"2025-11-08T22:12:15","guid":{"rendered":"https:\/\/www.europesays.com\/fr\/521444\/"},"modified":"2025-11-08T22:12:15","modified_gmt":"2025-11-08T22:12:15","slug":"guerre-en-ukraine-lagence-internationale-de-lenergie-atomique-annonce-la-reparation-de-la-deuxieme-ligne-electrique-de-la-centrale-de-zaporijjia","status":"publish","type":"post","link":"https:\/\/www.europesays.com\/fr\/521444\/","title":{"rendered":"Guerre en Ukraine: l&rsquo;Agence internationale de l&rsquo;\u00e9nergie atomique annonce la r\u00e9paration de la deuxi\u00e8me ligne \u00e9lectrique de la centrale de Zaporijjia"},"content":{"rendered":"<p class=\"ap-StoryElement ap-StoryElement--mb ap-StoryText\">L&rsquo;administration russe de la centrale a d\u00e9clar\u00e9 sur Telegram que cette r\u00e9paration renforcerait consid\u00e9rablement la stabilit\u00e9 du syst\u00e8me \u00e9nerg\u00e9tique. Elle a ajout\u00e9 que la remise en service de la ligne \u00e9tait \u00e9galement importante pour l&rsquo;approvisionnement en chauffage de la ville occup\u00e9e d&rsquo;Enerhodar, o\u00f9 se trouve la centrale.<\/p>\n<p><a href=\"https:\/\/www.dhnet.be\/actu\/2025\/11\/08\/guerre-en-ukraine-les-veuves-noires-ces-femmes-accusees-depouser-des-soldats-pour-toucher-170000-a-leur-mort-X3CRRJKNVZHDXA3S2TBY5J73KA\/\" target=\"_self\" class=\"ap-StoryInterstitialLink ap-StoryElement ap-StoryElement--mb\" rel=\"noopener\">Guerre en Ukraine : les \u00ab\u00a0veuves noires\u00a0\u00bb, ces femmes accus\u00e9es d&rsquo;\u00e9pouser des soldats pour toucher 170.000\u202f\u20ac \u00e0 leur mort<\/a><\/p>\n<p class=\"ap-StoryElement ap-StoryElement--mb ap-StoryText\">En octobre, la ministre ukrainienne de l&rsquo;\u00c9nergie, Svitlana Hrynchuk, avait confirm\u00e9 la r\u00e9paration de la premi\u00e8re ligne tout en accusant \u00e0 nouveau la partie russe de bombarder syst\u00e9matiquement les lignes \u00e9lectriques afin d&rsquo;isoler la centrale du r\u00e9seau ukrainien. La Russie accuse, pour sa part, l&rsquo;Ukraine de viser les lignes afin de d\u00e9stabiliser la situation s\u00e9curitaire et de provoquer une intervention internationale.<\/p>\n<p> Plus grande centrale nucl\u00e9aire d&rsquo;Europe<\/p>\n<p class=\"ap-StoryElement ap-StoryElement--mb ap-StoryText\">Plus grande centrale nucl\u00e9aire d&rsquo;Europe, avec six r\u00e9acteurs et une puissance nominale de 6.000 m\u00e9gawatts, le site de Zaporijjia est occup\u00e9 par les troupes russes depuis mars 2022, peu apr\u00e8s le d\u00e9but de la guerre men\u00e9e par Moscou contre l&rsquo;Ukraine.<\/p>\n<p><a href=\"https:\/\/www.dhnet.be\/actu\/monde\/2025\/11\/07\/guerre-en-ukraine-au-moins-1400-africains-combattent-aux-cotes-de-la-russie-X5G7SOK6OZCUTJ6UJFTGFCWFNU\/\" target=\"_self\" class=\"ap-StoryInterstitialLink ap-StoryElement ap-StoryElement--mb\" rel=\"noopener\">Guerre en Ukraine: \u00ab\u00a0Au moins 1.400 Africains combattent aux c\u00f4t\u00e9s de la Russie\u00a0\u00bb<\/a><\/p>\n<p class=\"ap-StoryElement ap-StoryElement--mb ap-StoryText\">Les r\u00e9acteurs sont \u00e0 l&rsquo;arr\u00eat pour des raisons de s\u00e9curit\u00e9, mais doivent continuer \u00e0 \u00eatre refroidis. Les syst\u00e8mes de refroidissement sont aliment\u00e9s par les lignes \u00e9lectriques d\u00e9sormais restaur\u00e9es. En cas de coupure, des g\u00e9n\u00e9rateurs diesel assurent le maintien du refroidissement.<\/p>\n","protected":false},"excerpt":{"rendered":"L&rsquo;administration russe de la centrale a d\u00e9clar\u00e9 sur Telegram que cette r\u00e9paration renforcerait consid\u00e9rablement la stabilit\u00e9 du syst\u00e8me&hellip;\n","protected":false},"author":2,"featured_media":521445,"comment_status":"","ping_status":"","sticky":false,"template":"","format":"standard","meta":{"footnotes":""},"categories":[1590],"tags":[11,2120,1777,674,12,5654,3521,132,220],"class_list":{"0":"post-521444","1":"post","2":"type-post","3":"status-publish","4":"format-standard","5":"has-post-thumbnail","7":"category-ukraine","8":"tag-actualites","9":"tag-conflit","10":"tag-eu","11":"tag-europe","12":"tag-news","13":"tag-nucleaire","14":"tag-onu","15":"tag-russie","16":"tag-ukraine"},"share_on_mastodon":{"url":"https:\/\/pubeurope.com\/@fr\/115516378084138221","error":""},"_links":{"self":[{"href":"https:\/\/www.europesays.com\/fr\/wp-json\/wp\/v2\/posts\/521444","targetHints":{"allow":["GET"]}}],"collection":[{"href":"https:\/\/www.europesays.com\/fr\/wp-json\/wp\/v2\/posts"}],"about":[{"href":"https:\/\/www.europesays.com\/fr\/wp-json\/wp\/v2\/types\/post"}],"author":[{"embeddable":true,"href":"https:\/\/www.europesays.com\/fr\/wp-json\/wp\/v2\/users\/2"}],"replies":[{"embeddable":true,"href":"https:\/\/www.europesays.com\/fr\/wp-json\/wp\/v2\/comments?post=521444"}],"version-history":[{"count":0,"href":"https:\/\/www.europesays.com\/fr\/wp-json\/wp\/v2\/posts\/521444\/revisions"}],"wp:featuredmedia":[{"embeddable":true,"href":"https:\/\/www.europesays.com\/fr\/wp-json\/wp\/v2\/media\/521445"}],"wp:attachment":[{"href":"https:\/\/www.europesays.com\/fr\/wp-json\/wp\/v2\/media?parent=521444"}],"wp:term":[{"taxonomy":"category","embeddable":true,"href":"https:\/\/www.europesays.com\/fr\/wp-json\/wp\/v2\/categories?post=521444"},{"taxonomy":"post_tag","embeddable":true,"href":"https:\/\/www.europesays.com\/fr\/wp-json\/wp\/v2\/tags?post=521444"}],"curies":[{"name":"wp","href":"https:\/\/api.w.org\/{rel}","templated":true}]}}