{"id":521446,"date":"2025-11-08T22:13:12","date_gmt":"2025-11-08T22:13:12","guid":{"rendered":"https:\/\/www.europesays.com\/fr\/521446\/"},"modified":"2025-11-08T22:13:12","modified_gmt":"2025-11-08T22:13:12","slug":"shutdown-aux-etats-unis-en-allemagne-larmee-americaine-avait-recommande-a-ses-troupes-de-se-fournir-a-la-banque-alimentaire","status":"publish","type":"post","link":"https:\/\/www.europesays.com\/fr\/521446\/","title":{"rendered":"\u00ab\u00a0Shutdown\u00a0\u00bb aux \u00c9tats-Unis\u00a0: en Allemagne, l\u2019arm\u00e9e am\u00e9ricaine avait recommand\u00e9 \u00e0 ses troupes de se fournir \u00e0 la banque alimentaire"},"content":{"rendered":"<p class=\"paragraph text_align_left lp-f-body-02\">Samedi, <a href=\"https:\/\/www.leparisien.fr\/international\/etats-unis\/donald-trump\/\" target=\"_self\" rel=\"nofollow noopener\">Donald Trump<\/a> a ordonn\u00e9 que les militaires am\u00e9ricains re\u00e7oivent bien leur solde mercredi prochain malgr\u00e9 le <a href=\"https:\/\/www.leparisien.fr\/international\/etats-unis\/paralysie-budgetaire-risque-de-licenciements-les-etats-unis-en-mode-shutdown-voici-ce-quil-va-se-passer-01-10-2025-OP2CJABHFJFDVAAJCWEUYUEGJQ.php\" target=\"_self\" rel=\"nofollow noopener\">blocage budg\u00e9taire<\/a>. Une bonne nouvelle pour les troupes. En Allemagne, les 37 000 soldats am\u00e9ricains s\u2019inqui\u00e9taient pour leur solde. Ils craignaient m\u00eame de ne plus recevoir le moindre p\u00e9cule \u00e0 la mi-novembre, selon <a href=\"https:\/\/de.euronews.com\/2025\/11\/05\/shutdown-us-soldaten-tafel-trump-ramstein\" target=\"_self\" rel=\"nofollow noopener\">Euronews<\/a>.<\/p>\n<p class=\"paragraph text_align_left lp-f-body-02\">Mercredi, soucieux de rassurer les recrues, le commandement de la garnison am\u00e9ricaine de Bavi\u00e8re avait mis en ligne un guide recensant les organisations humanitaires allemandes distribuant de la nourriture aux personnes dans le besoin.<\/p>\n<p><img decoding=\"async\" class=\"image \" loading=\"lazy\" src=\"https:\/\/www.europesays.com\/fr\/wp-content\/uploads\/2025\/11\/3QIBFRL5YBGJVIRQUYG2XCP65M.jpeg\" alt=\"Une liste d'organisations allemandes et d'applications pour se nourrir sans trop d\u00e9penser. US Army Garrison Bavaria.\" align=\"\" data-rubrique-principale=\"\" data-article-type=\"\" fetchpriority=\"auto\"\/>Une liste d&rsquo;organisations allemandes et d&rsquo;applications pour se nourrir sans trop d\u00e9penser. US Army Garrison Bavaria.<\/p>\n<p class=\"paragraph text_align_left lp-f-body-02\">Des banques alimentaires y sont signal\u00e9es mais aussi des applications comme Too Good To Go.<\/p>\n<p>Des conseils retir\u00e9s du site de l\u2019US Army<\/p>\n<p class=\"paragraph text_align_left lp-f-body-02\">Instruction de la hi\u00e9rarchie\u00a0? La liste a \u00e9t\u00e9 retir\u00e9e du <a href=\"https:\/\/home.army.mil\/bavaria\/about\/shutdown-guidance\" target=\"_self\" rel=\"nofollow noopener\">site bavarois de l\u2019US Army<\/a>. Samedi on peut y lire dans le \u00ab\u00a0Shutdown Guidance\u00a0\u00bb que l\u2019\u00e9quipe de la garnison de l\u2019arm\u00e9e am\u00e9ricaine en Bavi\u00e8re continuera d\u2019assurer les services essentiels \u00e0 la vie quotidienne, \u00e0 la sant\u00e9 et \u00e0 la s\u00e9curit\u00e9 des personnes travaillant et vivant dans notre communaut\u00e9\u00a0\u00bb. D\u2019autres services ne seront pas assur\u00e9s, comme la livraison de mat\u00e9riel \u00e9lectrom\u00e9nager.<\/p>\n<p class=\"paragraph text_align_left lp-f-body-02\">Selon Euronews, un r\u00e8glement de l\u2019OTAN interdit l\u2019application des dispositions allemandes en mati\u00e8re de s\u00e9curit\u00e9 sociale et de protection sociale aux troupes \u00e9trang\u00e8res.<\/p>\n<p>Des avances sur salaires faites par Berlin aux civils<\/p>\n<p class=\"paragraph text_align_left lp-f-body-02\">Pour les quelque <a href=\"https:\/\/www.leparisien.fr\/international\/allemagne\/pourquoi-lallemagne-va-regler-les-salaires-des-11-000-employes-civils-des-bases-militaires-americaines-dans-le-pays-22-10-2025-2ORM5GNKJBCY7BFGEUXNQ3RWRM.php\" target=\"_self\" rel=\"nofollow noopener\">11 000 employ\u00e9s civils <\/a>des forces arm\u00e9es am\u00e9ricaines en Allemagne, Berlin \u00ab\u00a0a pris en charge leurs salaires d\u2019octobre et pr\u00e9voit de les verser \u00e9galement en novembre\u00a0\u00bb, selon le site du magazine <a href=\"https:\/\/www.spiegel.de\/panorama\/us-militaer-in-bayern-empfahl-truppe-gang-zur-tafel-a-6f366675-c1aa-465a-9a46-2379fb73c2fc\" target=\"_self\" rel=\"nofollow noopener\">Der Spiegel.<\/a><\/p>\n<p class=\"paragraph text_align_left lp-f-body-02\">Le minist\u00e8re de l\u2019Int\u00e9rieur a confirm\u00e9 que les paiements d\u2019octobre ont \u00e9t\u00e9 effectu\u00e9s dans les d\u00e9lais. Pour la seule Rh\u00e9nanie-Palatinat, o\u00f9 se trouve la<a href=\"https:\/\/www.leparisien.fr\/international\/guerre-en-ukraine-a-ramstein-la-livraison-de-nouveaux-chars-est-restee-en-suspens-20-01-2023-EAEK75XIBFAARLSVME7L7GNWSA.php\" target=\"_self\" rel=\"nofollow noopener\"> base a\u00e9rienne de Ramstein<\/a>, -la plus grande d\u2019Europe-, la R\u00e9publique f\u00e9d\u00e9rale a avanc\u00e9 environ 43\u00a0millions d\u2019euros. L\u2019Allemagne sera rembours\u00e9e ult\u00e9rieurement par les \u00c9tats-Unis.<\/p>\n<p class=\"paragraph text_align_left lp-f-body-02\">Le syndicat ver.di a soulign\u00e9 que le droit du travail allemand, les conventions collectives et le droit de la s\u00e9curit\u00e9 sociale leur sont pleinement applicables.<\/p>\n","protected":false},"excerpt":{"rendered":"Samedi, Donald Trump a ordonn\u00e9 que les militaires am\u00e9ricains re\u00e7oivent bien leur solde mercredi prochain malgr\u00e9 le blocage&hellip;\n","protected":false},"author":2,"featured_media":521447,"comment_status":"","ping_status":"","sticky":false,"template":"","format":"standard","meta":{"footnotes":""},"categories":[1589],"tags":[11,73,1866,14,12,1864,1865,1863,308],"class_list":{"0":"post-521446","1":"post","2":"type-post","3":"status-publish","4":"format-standard","5":"has-post-thumbnail","7":"category-etats-unis","8":"tag-actualites","9":"tag-etats-unis","10":"tag-etats-unis-damerique","11":"tag-international","12":"tag-news","13":"tag-united-states","14":"tag-united-states-of-america","15":"tag-us","16":"tag-usa"},"share_on_mastodon":{"url":"https:\/\/pubeurope.com\/@fr\/115516382941858544","error":""},"_links":{"self":[{"href":"https:\/\/www.europesays.com\/fr\/wp-json\/wp\/v2\/posts\/521446","targetHints":{"allow":["GET"]}}],"collection":[{"href":"https:\/\/www.europesays.com\/fr\/wp-json\/wp\/v2\/posts"}],"about":[{"href":"https:\/\/www.europesays.com\/fr\/wp-json\/wp\/v2\/types\/post"}],"author":[{"embeddable":true,"href":"https:\/\/www.europesays.com\/fr\/wp-json\/wp\/v2\/users\/2"}],"replies":[{"embeddable":true,"href":"https:\/\/www.europesays.com\/fr\/wp-json\/wp\/v2\/comments?post=521446"}],"version-history":[{"count":0,"href":"https:\/\/www.europesays.com\/fr\/wp-json\/wp\/v2\/posts\/521446\/revisions"}],"wp:featuredmedia":[{"embeddable":true,"href":"https:\/\/www.europesays.com\/fr\/wp-json\/wp\/v2\/media\/521447"}],"wp:attachment":[{"href":"https:\/\/www.europesays.com\/fr\/wp-json\/wp\/v2\/media?parent=521446"}],"wp:term":[{"taxonomy":"category","embeddable":true,"href":"https:\/\/www.europesays.com\/fr\/wp-json\/wp\/v2\/categories?post=521446"},{"taxonomy":"post_tag","embeddable":true,"href":"https:\/\/www.europesays.com\/fr\/wp-json\/wp\/v2\/tags?post=521446"}],"curies":[{"name":"wp","href":"https:\/\/api.w.org\/{rel}","templated":true}]}}