{"id":521448,"date":"2025-11-08T22:14:17","date_gmt":"2025-11-08T22:14:17","guid":{"rendered":"https:\/\/www.europesays.com\/fr\/521448\/"},"modified":"2025-11-08T22:14:17","modified_gmt":"2025-11-08T22:14:17","slug":"concert-israelien-perturbe-a-la-philharmonie-quest-ce-que-le-collectif-palestine-action-classe-terroriste-au-royaume-uni","status":"publish","type":"post","link":"https:\/\/www.europesays.com\/fr\/521448\/","title":{"rendered":"Concert isra\u00e9lien perturb\u00e9 \u00e0 la Philharmonie\u00a0: qu\u2019est-ce que le collectif Palestine Action, class\u00e9 \u00ab\u00a0terroriste\u00a0\u00bb au Royaume-Uni"},"content":{"rendered":"<p class=\"paragraph text_align_left lp-f-body-02\"><a href=\"https:\/\/www.leparisien.fr\/faits-divers\/concert-israelien-perturbe-a-la-philharmonie-trois-femmes-boules-puantes-qui-sont-les-quatre-personnes-arretees-07-11-2025-AKKAW7Z6INAYBAKMAPN3F3TMF4.php\" target=\"_self\" rel=\"nofollow noopener\">Quatre individus ont \u00e9t\u00e9 interpell\u00e9s<\/a> jeudi soir apr\u00e8s des incidents survenus lors d\u2019un concert d\u2019un orchestre isra\u00e9lien \u00e0 la <a href=\"https:\/\/www.leparisien.fr\/faits-divers\/philharmonie-de-paris-des-fumigenes-perturbent-le-concert-de-lorchestre-israelien-07-11-2025-XQ57XQF2TNC5NI3L2YI5NOILXU.php\" target=\"_blank\" rel=\"nofollow noopener\">Philharmonie de Paris<\/a>. Les trois hommes et la femme plac\u00e9s en garde \u00e0 vue ont tent\u00e9 de perturber le concert de l\u2019orchestre philharmonique d<a href=\"https:\/\/www.leparisien.fr\/international\/une-avancee-majeure-trump-se-felicite-de-la-decision-du-kazakhstan-qui-officialise-ses-relations-avec-israel-07-11-2025-CJX3CBMVAVBAPKTKNNEYNGADLI.php\" target=\"_self\" rel=\"nofollow noopener\">\u2019Isra\u00ebl<\/a> par l\u2019usage de fumig\u00e8nes dans les gradins.<\/p>\n<p class=\"paragraph text_align_left lp-f-body-02\">Le groupe <a href=\"https:\/\/www.leparisien.fr\/international\/royaume-uni\/groupe-terroriste-arrestations-massives-5-minutes-pour-comprendre-la-polemique-autour-de-palestine-action-au-royaume-uni-10-08-2025-ZEPJ56MX4ZHTBEEGR4BHCZRTIY.php\" target=\"_self\" rel=\"nofollow noopener\">Palestine Action<\/a> France a revendiqu\u00e9 \u00eatre \u00e0 l\u2019origine des incidents dans un message Instagram intitul\u00e9 \u00ab Pas de musique pour les colons, mort \u00e0 l\u2019occupation \u00bb. Sur le post, le groupe affirme refuser \u00ab que la musique soit utilis\u00e9e pour produire des espaces de l\u00e9gitimit\u00e9 \u00bb de la citoyennet\u00e9 isra\u00e9lienne, qu\u2019elle qualifie de \u00ab supr\u00e9maciste \u00bb.<\/p>\n<p class=\"title-embed-dailymotion lp-color-text lp-f-subtitle-04\">Vid\u00e9oConcert isra\u00e9lien perturb\u00e9 \u00e0 la Philharmonie : trois femmes et un homme en garde \u00e0 vue<\/p>\n<p class=\"paragraph text_align_left lp-f-body-02\">Le groupe affirme aussi que \u00ab tout a \u00e9t\u00e9 tent\u00e9 en amont \u00bb pour faire annuler la repr\u00e9sentation de jeudi, d\u00e9signant le directeur de g\u00e9n\u00e9ral de la Philharmonie Olivier Mantei de \u00ab collaborateur du g\u00e9nocide \u00bb. Apr\u00e8s les interpellations, un rassemblement a \u00e9t\u00e9 organis\u00e9 devant le commissariat du XIXe arrondissement avec des drapeaux free Palestine.<\/p>\n<p>D\u00e9sob\u00e9issance civile<\/p>\n<p class=\"paragraph text_align_left lp-f-body-02\">Jusqu\u2019ici le collectif Palestine Action avait peu fait parler de lui en France. Le groupe se d\u00e9finit dans un post sur Instagram dat\u00e9 de janvier 2024 comme \u00ab un collectif transnational d\u2019individus qui ne tol\u00e8rent pas la participation active de leurs \u00e9tats et de leurs entreprises dans le g\u00e9nocide en cours \u00e0 Gaza \u00bb ainsi que dans le \u00ab maintien de l\u2019entreprise coloniale isra\u00e9lienne \u00bb.<\/p>\n<p class=\"lp-card-podcast-highlighting__title  lp-f-subtitle-05\">[2\/4] L\u2019assassinat du PDG de Renault : la sanglante \u00e9pop\u00e9e du groupe Action directe<\/p>\n<p class=\"lp-card-podcast-highlighting__description lp-f-ui-05\">Crime story raconte chaque semaine les grandes affaires criminelles.<\/p>\n<p><a class=\"lp-card-podcast-highlighting__call-to-action\" data-page-type=\"HP\" data-block-name=\"podcast-highlight\">\u00c9couter<\/a><\/p>\n<p class=\"paragraph text_align_left lp-f-body-02\">Le groupe est originaire du Royaume-Uni, o\u00f9 il a \u00e9t\u00e9 cofond\u00e9 en 2020 par l\u2019activiste Huda Ammori et Richard Barnard, ancien membre d\u2019<a href=\"https:\/\/www.leparisien.fr\/faits-divers\/paris-14-militants-dextinction-rebellion-soupconnes-davoir-planifie-des-actions-de-sabotage-interpelles-27-07-2024-3PDAYTBYYVEPNAHREY7KPFYLBY.php\" target=\"_self\" rel=\"nofollow noopener\">Extinction Rebellion<\/a>. Palestine Action s\u2019est d\u2019ailleurs inspir\u00e9e du mouvement \u00e9cologiste en organisant des campagnes de d\u00e9sob\u00e9issance civile et des actions pacifistes. L\u2019organisation prend r\u00e9guli\u00e8rement pour cible des entreprises qui exportent des armes vers Isra\u00ebl, en occupant ou vandalisant leurs locaux. Avec le conflit entre Isra\u00ebl et le Hamas depuis le <a href=\"https:\/\/www.leparisien.fr\/international\/israel\/une-commission-maintenant-en-israel-netanyahou-toujours-sous-la-menace-dune-enquete-sur-le-7-octobre-23-10-2025-BD62ABM3VJGGFOPKD4SPOMQFJM.php\" target=\"_self\" rel=\"nofollow noopener\">7 octobre 2023<\/a>, le groupe s\u2019est export\u00e9 notamment en Italie, en France et en Espagne.<\/p>\n<p>Interdiction du collectif<\/p>\n<p class=\"paragraph text_align_left lp-f-body-02\">Mais en juillet dernier, le gouvernement britannique porte un coup dur \u00e0 Palestine Action en classant le collectif comme \u00ab organisation terroriste \u00bb, notamment apr\u00e8s des actions sur une base de l\u2019arm\u00e9e de l\u2019air. Le Haut-Commissaire des Nations Unies aux droits de l\u2019homme avait critiqu\u00e9 la d\u00e9cision de Londres. L\u2019interdiction \u00ab soul\u00e8ve de s\u00e9rieuses inqui\u00e9tudes quant \u00e0 l\u2019application des lois antiterroristes \u00e0 des actes qui ne sont pas de nature terroriste \u00bb, s\u2019\u00e9tait inqui\u00e9t\u00e9 Volker T\u00fcrk dans un communiqu\u00e9 publi\u00e9 le 25 juillet.<\/p>\n<p class=\"paragraph text_align_left lp-f-body-02\">Le groupe avait \u00e9galement re\u00e7u de nombreux soutiens de personnalit\u00e9s comme <a href=\"https:\/\/www.leparisien.fr\/international\/royaume-uni\/lautrice-irlandaise-sally-rooney-connue-pour-normal-people-veut-reverser-ses-droits-dauteur-a-palestine-action-et-risque-larrestation-19-08-2025-E7TBJSUQPJHSRC6V3BUHBU42HI.php\" target=\"_self\" rel=\"nofollow noopener\">la romanci\u00e8re irlandaise Sally Rooney<\/a> qui avait annonc\u00e9 reverser une partie de ses revenus \u00e0 Palestine Action. Des manifestations de soutien organis\u00e9es \u00e0 Londres et dans plusieurs villes britanniques ont entra\u00een\u00e9 en septembre l\u2019arrestation de <a href=\"https:\/\/www.leparisien.fr\/faits-divers\/plus-de-400-personnes-interpellees-a-londres-pour-avoir-participe-a-un-rassemblement-de-soutien-a-palestine-action-07-09-2025-GUE5DQFAXRBAHHPAOJDPCSHRFU.php\" target=\"_blank\" rel=\"nofollow noopener\">pr\u00e8s d\u2019un millier de personnes<\/a>. Selon le Guardian, des militants de Palestine Action incarc\u00e9r\u00e9s ont entam\u00e9 une gr\u00e8ve de la faim le 2 novembre en attente de leur proc\u00e8s. La branche britannique du collectif pourra contester son interdiction dans un proc\u00e8s qui se d\u00e9roulera du 15 au 27 novembre.<\/p>\n","protected":false},"excerpt":{"rendered":"Quatre individus ont \u00e9t\u00e9 interpell\u00e9s jeudi soir apr\u00e8s des incidents survenus lors d\u2019un concert d\u2019un orchestre isra\u00e9lien \u00e0&hellip;\n","protected":false},"author":2,"featured_media":518971,"comment_status":"","ping_status":"","sticky":false,"template":"","format":"standard","meta":{"footnotes":""},"categories":[1588],"tags":[11,1777,674,118,12,473,1853,1851,1850,1852],"class_list":{"0":"post-521448","1":"post","2":"type-post","3":"status-publish","4":"format-standard","5":"has-post-thumbnail","7":"category-royaume-uni","8":"tag-actualites","9":"tag-eu","10":"tag-europe","11":"tag-faits-divers","12":"tag-news","13":"tag-royaume-uni","14":"tag-royaume-uni-de-grande-bretagne-et-dirlande-du-nord","15":"tag-uk","16":"tag-united-kingdom","17":"tag-united-kingdom-of-great-britain-and-northern-ireland"},"share_on_mastodon":{"url":"https:\/\/pubeurope.com\/@fr\/115516385786559244","error":""},"_links":{"self":[{"href":"https:\/\/www.europesays.com\/fr\/wp-json\/wp\/v2\/posts\/521448","targetHints":{"allow":["GET"]}}],"collection":[{"href":"https:\/\/www.europesays.com\/fr\/wp-json\/wp\/v2\/posts"}],"about":[{"href":"https:\/\/www.europesays.com\/fr\/wp-json\/wp\/v2\/types\/post"}],"author":[{"embeddable":true,"href":"https:\/\/www.europesays.com\/fr\/wp-json\/wp\/v2\/users\/2"}],"replies":[{"embeddable":true,"href":"https:\/\/www.europesays.com\/fr\/wp-json\/wp\/v2\/comments?post=521448"}],"version-history":[{"count":0,"href":"https:\/\/www.europesays.com\/fr\/wp-json\/wp\/v2\/posts\/521448\/revisions"}],"wp:featuredmedia":[{"embeddable":true,"href":"https:\/\/www.europesays.com\/fr\/wp-json\/wp\/v2\/media\/518971"}],"wp:attachment":[{"href":"https:\/\/www.europesays.com\/fr\/wp-json\/wp\/v2\/media?parent=521448"}],"wp:term":[{"taxonomy":"category","embeddable":true,"href":"https:\/\/www.europesays.com\/fr\/wp-json\/wp\/v2\/categories?post=521448"},{"taxonomy":"post_tag","embeddable":true,"href":"https:\/\/www.europesays.com\/fr\/wp-json\/wp\/v2\/tags?post=521448"}],"curies":[{"name":"wp","href":"https:\/\/api.w.org\/{rel}","templated":true}]}}