{"id":521449,"date":"2025-11-08T22:15:23","date_gmt":"2025-11-08T22:15:23","guid":{"rendered":"https:\/\/www.europesays.com\/fr\/521449\/"},"modified":"2025-11-08T22:15:23","modified_gmt":"2025-11-08T22:15:23","slug":"lallemagne-va-approuver-un-programme-de-defense-de-35-mds-de-dollars-avec-airbus-et-dautres-entreprises-bloomberg-08-11-2025-a-2246","status":"publish","type":"post","link":"https:\/\/www.europesays.com\/fr\/521449\/","title":{"rendered":"L&rsquo;Allemagne va approuver un programme de d\u00e9fense de 3,5 mds de dollars avec Airbus et d&rsquo;autres entreprises-Bloomberg &#8211; 08\/11\/2025 \u00e0 22:46"},"content":{"rendered":"<p>        <img decoding=\"async\" src=\"https:\/\/www.europesays.com\/fr\/wp-content\/uploads\/2025\/11\/96bfe0b623552a5019276bb6651d0dc7-760x509.jpg\" alt=\"Le pr\u00e9sident fran\u00e7ais Macron visite le salon du Bourget 2025\" loading=\"eager\" fetchpriority=\"high\" width=\"760\" height=\"509\" style=\"max-width: 100%!important; height: auto;\"\/><\/p>\n<p class=\"c-image-news__legend\">Le pr\u00e9sident fran\u00e7ais Macron visite le salon du Bourget 2025<\/p>\n<p>\n (Reuters) -L&rsquo;Allemagne s&rsquo;appr\u00eate \u00e0 valider un achat d&rsquo;\u00e9quipements de d\u00e9fense d&rsquo;un total de 3,47 milliards de dollars, incluant l&rsquo;acquisition de 20 h\u00e9licopt\u00e8res de combats d&rsquo;Airbus SE, a rapport\u00e9 samedi Bloomberg News, citant un document du gouvernement.\n<\/p>\n<p>\n Les d\u00e9put\u00e9s doivent donner leur accord durant une r\u00e9union \u00e0 huis clos mercredi, selon Bloomberg.\n<\/p>\n<p>\n Le programme de d\u00e9fense contient \u00e9galement un accord d&rsquo;un montant d&rsquo;un milliard de dollars avec Hensoldt AG et Theon International.\n<\/p>\n<p>\n Un porte-parole du minist\u00e8re allemand de la D\u00e9fense a d\u00e9clin\u00e9 une demande de commentaire.\n<\/p>\n<p>\n (Reportage de Preetika Parashuraman \u00e0 Bengaluru, avec la contribution de Thomas Escritt; version fran\u00e7aise Zhifan Liu)<\/p>\n","protected":false},"excerpt":{"rendered":"Le pr\u00e9sident fran\u00e7ais Macron visite le salon du Bourget 2025 (Reuters) -L&rsquo;Allemagne s&rsquo;appr\u00eate \u00e0 valider un achat d&rsquo;\u00e9quipements&hellip;\n","protected":false},"author":2,"featured_media":521450,"comment_status":"","ping_status":"","sticky":false,"template":"","format":"standard","meta":{"footnotes":""},"categories":[1587],"tags":[400,11,672,398,408,1804,405,1805,1803,1777,674,1801,403,402,399,404,12,1802,401,406,407],"class_list":{"0":"post-521449","1":"post","2":"type-post","3":"status-publish","4":"format-standard","5":"has-post-thumbnail","7":"category-allemagne","8":"tag-action-cac-40","9":"tag-actualites","10":"tag-allemagne","11":"tag-bourse-de-paris","12":"tag-boursorama","13":"tag-bundesrepublik-deutschland","14":"tag-cotations","15":"tag-de","16":"tag-deutschland","17":"tag-eu","18":"tag-europe","19":"tag-germany","20":"tag-indices-devises","21":"tag-investir","22":"tag-investissement","23":"tag-marche-boursier","24":"tag-news","25":"tag-republique-federale-dallemagne","26":"tag-sicav","27":"tag-trackers","28":"tag-warrants"},"share_on_mastodon":{"url":"https:\/\/pubeurope.com\/@fr\/115516390382992999","error":""},"_links":{"self":[{"href":"https:\/\/www.europesays.com\/fr\/wp-json\/wp\/v2\/posts\/521449","targetHints":{"allow":["GET"]}}],"collection":[{"href":"https:\/\/www.europesays.com\/fr\/wp-json\/wp\/v2\/posts"}],"about":[{"href":"https:\/\/www.europesays.com\/fr\/wp-json\/wp\/v2\/types\/post"}],"author":[{"embeddable":true,"href":"https:\/\/www.europesays.com\/fr\/wp-json\/wp\/v2\/users\/2"}],"replies":[{"embeddable":true,"href":"https:\/\/www.europesays.com\/fr\/wp-json\/wp\/v2\/comments?post=521449"}],"version-history":[{"count":0,"href":"https:\/\/www.europesays.com\/fr\/wp-json\/wp\/v2\/posts\/521449\/revisions"}],"wp:featuredmedia":[{"embeddable":true,"href":"https:\/\/www.europesays.com\/fr\/wp-json\/wp\/v2\/media\/521450"}],"wp:attachment":[{"href":"https:\/\/www.europesays.com\/fr\/wp-json\/wp\/v2\/media?parent=521449"}],"wp:term":[{"taxonomy":"category","embeddable":true,"href":"https:\/\/www.europesays.com\/fr\/wp-json\/wp\/v2\/categories?post=521449"},{"taxonomy":"post_tag","embeddable":true,"href":"https:\/\/www.europesays.com\/fr\/wp-json\/wp\/v2\/tags?post=521449"}],"curies":[{"name":"wp","href":"https:\/\/api.w.org\/{rel}","templated":true}]}}