{"id":521453,"date":"2025-11-08T22:17:14","date_gmt":"2025-11-08T22:17:14","guid":{"rendered":"https:\/\/www.europesays.com\/fr\/521453\/"},"modified":"2025-11-08T22:17:14","modified_gmt":"2025-11-08T22:17:14","slug":"budget-2026-une-contribution-financiere-pour-les-etrangers-hors-ue-qui-se-font-soigner-en-france-votee-par-les-deputes","status":"publish","type":"post","link":"https:\/\/www.europesays.com\/fr\/521453\/","title":{"rendered":"Budget 2026 : une contribution financi\u00e8re pour les \u00e9trangers hors UE qui se font soigner en France vot\u00e9e par les d\u00e9put\u00e9s"},"content":{"rendered":"<p>                                            Soci\u00e9t\u00e9\n                                                                            <\/p>\n<p>\n                                            Les d\u00e9put\u00e9s ont vot\u00e9 l&rsquo;adoption d&rsquo;un amendement au projet de loi de financement de la S\u00e9curit\u00e9 sociale (PLFSS) pour l&rsquo;ann\u00e9e 2026, samedi 8 novembre. Celui-ci instaure une contribution financi\u00e8re pour les \u00e9trangers hors Union europ\u00e9enne venus se soigner en France.                                        <\/p>\n<p>                                                Publi\u00e9 le 8 novembre 2025 \u00e0 22h33                                                                                            <\/p>\n<p>                                            <img loading=\"lazy\" width=\"1024\" height=\"683\" src=\"https:\/\/www.europesays.com\/fr\/wp-content\/uploads\/2025\/11\/SIPA_01214805_000039.jpg\" class=\"attachment-post-thumbnail size-post-thumbnail wp-post-image\" alt=\"Cette mesure a \u00e9t\u00e9 vot\u00e9e \u00e0 176 voix contre 79. \u00a9 Photo d'illustration Stephane Lemouton\/SIPA\" decoding=\"async\"  \/><\/p>\n<p>                                            Cette mesure a \u00e9t\u00e9 vot\u00e9e \u00e0 176 voix contre 79. \u00a9 Photo d&rsquo;illustration Stephane Lemouton\/SIPA<\/p>\n<p>Les discussions se poursuivent \u00e0 l\u2019Assembl\u00e9e nationale, o\u00f9 les d\u00e9put\u00e9s sont somm\u00e9s de trouver <a href=\"https:\/\/www.valeursactuelles.com\/clubvaleurs\/economie\/secu-un-budget-non-soutenable-dans-la-duree-alerte-la-cour-des-comptes\" target=\"_blank\" rel=\"noopener\">le budget de la France<\/a> pour l\u2019ann\u00e9e 2026. Alors qu\u2019ils doivent aussi r\u00e9duire le d\u00e9ficit d\u2019au moins 23 milliards d\u2019euros, <a href=\"https:\/\/www.tf1info.fr\/politique\/budget-les-deputes-votent-une-contribution-financiere-pour-les-etrangers-hors-ue-qui-se-font-soigner-en-france-2405526.html\" target=\"_blank\" rel=\"nofollow noopener\">comme le rappelle TF1<\/a>. Samedi 8 novembre, ils ont vot\u00e9 un amendement au projet de loi de financement de la S\u00e9curit\u00e9 sociale (PLFSS).<\/p>\n<p><a href=\"https:\/\/www.valeursactuelles.com\/politique\/budget-2026-200-chefs-dentreprises-denoncent-une-derive-budgetaire-qui-menerait-la-france-a-la-catastrophe\" class=\"h-flex h-align-items-center h-border-tb h-ptb-15\" target=\"_blank\" rel=\"noopener\">A\u00a0LIRE\u00a0Budget 2026 : 200 chefs d\u2019entreprises d\u00e9noncent une d\u00e9rive budg\u00e9taire qui m\u00e8nerait la France \u00ab \u00e0 la catastrophe \u00bb<\/a><\/p>\n<p>Celui-ci garantit l\u2019instauration d\u2019une contribution financi\u00e8re pour les \u00e9trangers hors Union europ\u00e9enne et titulaires d\u2019un visa long s\u00e9jour \u00ab\u00a0visiteurs\u00a0\u00bb qui viennent se soigner dans l\u2019Hexagone.<\/p>\n<p>Un syst\u00e8me qui b\u00e9n\u00e9ficiait \u00e0 de nombreux ressortissants am\u00e9ricains<\/p>\n<p><a href=\"https:\/\/www.valeursactuelles.com\/clubvaleurs\/economie\/budget-2026-les-montagnes-russes-fiscales\" target=\"_blank\" rel=\"noopener\">Cette mesure a \u00e9t\u00e9 vot\u00e9e<\/a> \u00e0 une large majorit\u00e9 : 176 voix pour, 79 contre. Depuis la loi de 2016 instaurant la protection universelle maladie (Puma), tout \u00e9tranger peut b\u00e9n\u00e9ficier de soins gratuits sous certaines conditions : disposer de ressources minimales et d\u2019une assurance sant\u00e9 couvrant ses frais m\u00e9dicaux \u00e0 hauteur de 30 000 euros.<\/p>\n<p><a href=\"https:\/\/www.valeursactuelles.com\/clubvaleurs\/economie\/budget-2026-dans-le-piege-du-49-3\" class=\"h-flex h-align-items-center h-border-tb h-ptb-15\" target=\"_blank\" rel=\"noopener\">A\u00a0LIRE\u00a0Budget 2026 : dans le pi\u00e8ge du 49.3<\/a><\/p>\n<p>TF1 explique que ce syst\u00e8me a surtout pu b\u00e9n\u00e9ficier \u00e0 de nombreux ressortissants am\u00e9ricains, venus profiter du syst\u00e8me de sant\u00e9 en France, face aux tarifs exorbitants des frais de sant\u00e9 de leur pays d\u2019origine.<\/p>\n","protected":false},"excerpt":{"rendered":"Soci\u00e9t\u00e9 Les d\u00e9put\u00e9s ont vot\u00e9 l&rsquo;adoption d&rsquo;un amendement au projet de loi de financement de la S\u00e9curit\u00e9 sociale&hellip;\n","protected":false},"author":2,"featured_media":521454,"comment_status":"","ping_status":"","sticky":false,"template":"","format":"standard","meta":{"footnotes":""},"categories":[1586],"tags":[11,1003,3331,1777,674,1779,1011,27,12,64218,25,71,731,1778,364],"class_list":{"0":"post-521453","1":"post","2":"type-post","3":"status-publish","4":"format-standard","5":"has-post-thumbnail","7":"category-europe","8":"tag-actualites","9":"tag-budget","10":"tag-etrangers","11":"tag-eu","12":"tag-europe","13":"tag-european-union","14":"tag-fr","15":"tag-france","16":"tag-news","17":"tag-plfss","18":"tag-republique-francaise","19":"tag-sante","20":"tag-securite-sociale","21":"tag-ue","22":"tag-union-europeenne"},"share_on_mastodon":{"url":"https:\/\/pubeurope.com\/@fr\/115516398345330067","error":""},"_links":{"self":[{"href":"https:\/\/www.europesays.com\/fr\/wp-json\/wp\/v2\/posts\/521453","targetHints":{"allow":["GET"]}}],"collection":[{"href":"https:\/\/www.europesays.com\/fr\/wp-json\/wp\/v2\/posts"}],"about":[{"href":"https:\/\/www.europesays.com\/fr\/wp-json\/wp\/v2\/types\/post"}],"author":[{"embeddable":true,"href":"https:\/\/www.europesays.com\/fr\/wp-json\/wp\/v2\/users\/2"}],"replies":[{"embeddable":true,"href":"https:\/\/www.europesays.com\/fr\/wp-json\/wp\/v2\/comments?post=521453"}],"version-history":[{"count":0,"href":"https:\/\/www.europesays.com\/fr\/wp-json\/wp\/v2\/posts\/521453\/revisions"}],"wp:featuredmedia":[{"embeddable":true,"href":"https:\/\/www.europesays.com\/fr\/wp-json\/wp\/v2\/media\/521454"}],"wp:attachment":[{"href":"https:\/\/www.europesays.com\/fr\/wp-json\/wp\/v2\/media?parent=521453"}],"wp:term":[{"taxonomy":"category","embeddable":true,"href":"https:\/\/www.europesays.com\/fr\/wp-json\/wp\/v2\/categories?post=521453"},{"taxonomy":"post_tag","embeddable":true,"href":"https:\/\/www.europesays.com\/fr\/wp-json\/wp\/v2\/tags?post=521453"}],"curies":[{"name":"wp","href":"https:\/\/api.w.org\/{rel}","templated":true}]}}