{"id":521456,"date":"2025-11-08T22:19:16","date_gmt":"2025-11-08T22:19:16","guid":{"rendered":"https:\/\/www.europesays.com\/fr\/521456\/"},"modified":"2025-11-08T22:19:16","modified_gmt":"2025-11-08T22:19:16","slug":"3-milliards-deuros-deconomies-par-an-en-regularisant-des-clandestins-le-calcul-de-france-terre-dasile-ignore-completement-la-realite-des-couts","status":"publish","type":"post","link":"https:\/\/www.europesays.com\/fr\/521456\/","title":{"rendered":"3 milliards d\u2019euros d\u2019\u00e9conomies par an en r\u00e9gularisant des clandestins\u00a0? \u00abLe calcul de France Terre d\u2019Asile ignore compl\u00e8tement la r\u00e9alit\u00e9 des co\u00fbts\u00bb"},"content":{"rendered":"<p>\n    <strong>ENTRETIEN <\/strong>&#8211; L\u2019association dirig\u00e9e par Najat Vallaud-Belkacem assure que la r\u00e9gularisation de 250.000 clandestins rapporterait pr\u00e8s de 3 milliards \u00e0 l\u2019\u00c9tat. \u00abCela aurait des r\u00e9percussions \u00e0 la fois sur les finances publiques et sur l\u2019int\u00e9gration\u00bb, rappelle Nicolas Pouvreau-Monti.<\/p>\n<p class=\"fig-paragraph\">Nicolas Pouvreau-Monti est directeur de l\u2019Observatoire de l\u2019immigration et de la d\u00e9mographie.<\/p>\n<p class=\"fig-paragraph\"><strong>LE FIGARO &#8211;\u00a0<\/strong><a href=\"http:\/\/www.lefigaro.fr\/actualite-france\/immigration-refugies-najat-vallaud-belkacem-et-patrick-stefanini-il-faut-aller-au-dela-des-raisonnements-lapidaires-20250717\" data-fig-type=\"Article\" data-gtm-custom-categorie=\"navigation\" data-gtm-custom-action=\"crossclick\" data-gtm-custom-label=\"Contextuel\" data-gtm-event=\"customEventSPE\" data-fig-domain=\"LEFIGARO\" rel=\"nofollow noopener\" target=\"_blank\"><strong>Najat Vallaud-Belkacem<\/strong><\/a> <strong>, dans une \u00e9tude de France Terre d\u2019Asile, affirme qu\u2019une <\/strong><strong>\u00ab politique migratoire plus humaine et efficace rapporterait 3,3 milliards d\u2019euros par an\u00a0\u00bb\u00a0<\/strong> <a href=\"http:\/\/www.lefigaro.fr\/actualite-france\/regulariser-250-000-clandestins-rapporterait-pres-de-3-milliards-d-euros-par-an-a-l-etat-pretend-najat-vallaud-belkacem-20251108\" target=\"_blank\" data-fig-type=\"Article\" rel=\"noopener nofollow\" data-gtm-custom-categorie=\"navigation\" data-gtm-custom-action=\"crossclick\" data-gtm-custom-label=\"Contextuel\" data-gtm-event=\"customEventSPE\" data-fig-domain=\"LEFIGARO\"><strong>dont pr\u00e8s de trois gr\u00e2ce \u00e0 la r\u00e9gularisation de 250.000 clandestins<\/strong><\/a> <strong>. Quelle est votre analyse de ce calcul\u00a0?<\/strong><\/p>\n<p class=\"fig-paragraph\"><strong>Nicolas POUVREAU-MONTI.- <\/strong>Ce calcul me laisse assez pantois. L\u2019\u00e9l\u00e9ment central de ce calcul repose sur la r\u00e9gularisation de 250.000 clandestins qui seraient d\u00e9j\u00e0 pr\u00e9sents et int\u00e9gr\u00e9s \u00e9conomiquement en France. Par \u00abint\u00e9gr\u00e9s \u00e9conomiquement\u00bb, j\u2019imagine qu\u2019on sous-entend qu\u2019ils travaillent d\u00e9j\u00e0, mais de mani\u00e8re irr\u00e9guli\u00e8re. Cependant, ce calcul ne prend pas en compte les co\u00fbts associ\u00e9s \u00e0 cette r\u00e9gularisation.<\/p>\n<p class=\"fig-paragraph\">En r\u00e9alit\u00e9, on \u00e9voque des gains fiscaux et sociaux, mais les co\u00fbts li\u00e9s \u00e0 la r\u00e9gularisation sont purement ignor\u00e9s. Le rapport assume explicitement que les \u00abeffets de second rang\u00bb, c\u2019est-\u00e0-dire les\u2026<\/p>\n<p class=\"fig-premium-paywall__infos\">\n        Cet article est r\u00e9serv\u00e9 aux abonn\u00e9s.        Il vous reste 89% \u00e0 d\u00e9couvrir.\n    <\/p>\n<p>                <img  data- alt=\"Le Figaro\" class=\"fig-img--complete fig-img\"\/><\/p>\n<p class=\"fig-premium-paywall__title\">Vous avez envie de lire la suite ?<\/p>\n<p class=\"fig-premium-paywall__subtitle\">D\u00e9bloquez tous les articles imm\u00e9diatement.<\/p>\n<p class=\"fig-premium-paywall__connect\">\n                D\u00e9j\u00e0 abonn\u00e9\u00a0?                <a class=\"fig-premium-paywall__connect-link\" href=\"https:\/\/connect.lefigaro.fr\/login?client=horizon_web&amp;type=main&amp;redirect_uri=https%3A%2F%2Fwww.lefigaro.fr%2Factualite-france%2F3-milliards-d-euros-economies-par-an-en-regularisant-des-clandestins-le-calcul-de-france-terre-d-asile-ignore-completement-la-realite-des-couts-20251108\" data-js-gtm=\"{&quot;customCategorie&quot;: &quot;conversion&quot;, &quot;customAction&quot;: &quot;before_Landing_Connexion_paywall_auto&quot;, &quot;customLabel&quot;: &quot;bGVmaWdhcm8uZnJfXzFmMGJjYjdlLWY3YTktNmYzYS05YjdhLTRmYWFmNjA0Yzg4M19fQXJ0aWNsZQ==_3 milliards d\u2019euros d\u2019\u00e9conomies par an en r\u00e9gularisant des clandestins\u00a0? \u00abLe calcul de France Terre d\u2019Asile ignore compl\u00e8tement la r\u00e9alit\u00e9 des co\u00fbts\u00bb_196&quot;, &quot;customIDSPE&quot;: &quot;bGVmaWdhcm8uZnJfXzFmMGJjYjdlLWY3YTktNmYzYS05YjdhLTRmYWFmNjA0Yzg4M19fQXJ0aWNsZQ==&quot;, &quot;event&quot;: &quot;customEventSPE&quot;}\" rel=\"nofollow noopener\" target=\"_blank\"><br \/>\n                    Connectez-vous<br \/>\n                <\/a>\n            <\/p>\n","protected":false},"excerpt":{"rendered":"ENTRETIEN &#8211; L\u2019association dirig\u00e9e par Najat Vallaud-Belkacem assure que la r\u00e9gularisation de 250.000 clandestins rapporterait pr\u00e8s de 3&hellip;\n","protected":false},"author":2,"featured_media":521457,"comment_status":"","ping_status":"","sticky":false,"template":"","format":"standard","meta":{"footnotes":""},"categories":[2],"tags":[11,1011,27,1061,32318,12,25],"class_list":{"0":"post-521456","1":"post","2":"type-post","3":"status-publish","4":"format-standard","5":"has-post-thumbnail","7":"category-actualites","8":"tag-actualites","9":"tag-fr","10":"tag-france","11":"tag-immigration","12":"tag-najat-vallaud-belkacem","13":"tag-news","14":"tag-republique-francaise"},"share_on_mastodon":{"url":"https:\/\/pubeurope.com\/@fr\/115516405603268519","error":""},"_links":{"self":[{"href":"https:\/\/www.europesays.com\/fr\/wp-json\/wp\/v2\/posts\/521456","targetHints":{"allow":["GET"]}}],"collection":[{"href":"https:\/\/www.europesays.com\/fr\/wp-json\/wp\/v2\/posts"}],"about":[{"href":"https:\/\/www.europesays.com\/fr\/wp-json\/wp\/v2\/types\/post"}],"author":[{"embeddable":true,"href":"https:\/\/www.europesays.com\/fr\/wp-json\/wp\/v2\/users\/2"}],"replies":[{"embeddable":true,"href":"https:\/\/www.europesays.com\/fr\/wp-json\/wp\/v2\/comments?post=521456"}],"version-history":[{"count":0,"href":"https:\/\/www.europesays.com\/fr\/wp-json\/wp\/v2\/posts\/521456\/revisions"}],"wp:featuredmedia":[{"embeddable":true,"href":"https:\/\/www.europesays.com\/fr\/wp-json\/wp\/v2\/media\/521457"}],"wp:attachment":[{"href":"https:\/\/www.europesays.com\/fr\/wp-json\/wp\/v2\/media?parent=521456"}],"wp:term":[{"taxonomy":"category","embeddable":true,"href":"https:\/\/www.europesays.com\/fr\/wp-json\/wp\/v2\/categories?post=521456"},{"taxonomy":"post_tag","embeddable":true,"href":"https:\/\/www.europesays.com\/fr\/wp-json\/wp\/v2\/tags?post=521456"}],"curies":[{"name":"wp","href":"https:\/\/api.w.org\/{rel}","templated":true}]}}