{"id":521458,"date":"2025-11-08T22:20:15","date_gmt":"2025-11-08T22:20:15","guid":{"rendered":"https:\/\/www.europesays.com\/fr\/521458\/"},"modified":"2025-11-08T22:20:15","modified_gmt":"2025-11-08T22:20:15","slug":"france-afrique-du-sud-17-32-pas-de-revanche-mais-une-nouvelle-desillusion-pour-les-bleus","status":"publish","type":"post","link":"https:\/\/www.europesays.com\/fr\/521458\/","title":{"rendered":"France-Afrique du Sud (17-32)\u00a0: pas de revanche mais une nouvelle d\u00e9sillusion pour les Bleus"},"content":{"rendered":"<p class=\"paragraph text_align_left lp-f-body-02\">Un silence. Et un affront de plus. Moins violent peut-\u00eatre que le traumatisme inflig\u00e9 par l\u2019\u00e9jection trop pr\u00e9coce d\u2019un Mondial sur ses terres il y a deux ans, mais une d\u00e9sillusion encore, face \u00e0 cette \u00e9quipe d\u2019Afrique du Sud, devenue le bourreau d\u00e9sign\u00e9 d\u2019un<a href=\"https:\/\/www.leparisien.fr\/sports\/rugby\/xv-de-france\/\" target=\"_blank\" rel=\"noreferrer nofollow noopener\"> XV de France<\/a> pas assez endurant. Dans un Stade de France glac\u00e9 malgr\u00e9 la douceur de ce samedi 8 novembre, <a href=\"https:\/\/www.leparisien.fr\/sports\/rugby\/xv-de-france\/direct-france-afrique-du-sud-les-bleus-pour-une-revanche-face-a-leurs-bourreaux-du-mondial-2023-08-11-2025-HTWRNCPAAFHZHAXF7SOF5TXG2E.php\" target=\"_blank\" rel=\"noreferrer nofollow noopener\">les Bleus ont une nouvelle fois subi la loi des Springboks<\/a> (17-32). Presque une d\u00e9route.<\/p>\n<p class=\"paragraph text_align_left lp-f-body-02\">Il y avait bien s\u00fbr un go\u00fbt de revanche m\u00eame si les contextes n\u2019ayant pas grand-chose \u00e0 voir entre une tourn\u00e9e d\u2019automne et une Coupe du monde, les Bleus avaient r\u00e9fut\u00e9 cet \u00e9tat d\u2019esprit durant toute la semaine. Pas de regard en arri\u00e8re donc. Pas de coup d\u2019\u0153il dans le r\u00e9troviseur vers cette douleur ineffa\u00e7able, ce quart de finale perdu d\u2019un point le 15 octobre 2023 (28-29) dans une enceinte de Saint-Denis qui esp\u00e9rait tant f\u00eater le couronnement de ses h\u00e9ros deux semaines plus tard au lieu de voir l\u2019Afrique du Sud triompher.<\/p>\n<p class=\"paragraph text_align_left lp-f-body-02\">Une montagne encore trop haute pour ces Bleus, deux ans apr\u00e8s. Avant de contourner l\u2019obstacle, encore faut-il s\u2019y frotter. Et sur ce plan-l\u00e0, face \u00e0 une \u00e9quipe b\u00e2tie depuis des temps ancestraux sur le d\u00e9fi physique, tenir est d\u00e9j\u00e0 une \u00e9preuve en soi. Les Bleus d\u2019aujourd\u2019hui semblaient arm\u00e9s pour \u00e7a. Et ils s\u2019en sont plut\u00f4t bien sortis durant un peu plus d\u2019une heure. Souvent mis sur les talons mais pas sur les rotules, Ga\u00ebl Fickou et ses co\u00e9quipiers se sont empar\u00e9s de toutes les munitions \u00e0 leur port\u00e9e. Plus habiles dans les transitions, les Tricolores ont trouv\u00e9 l\u2019ouverture d\u00e8s qu\u2019ils ont approch\u00e9 de la ligne d\u2019en-but adverse.<\/p>\n<p>Les Springboks plus forts malgr\u00e9 une mi-temps \u00e0 14<\/p>\n<p class=\"paragraph text_align_left lp-f-body-02\">Avec un ma\u00eetre \u00e0 jouer \u00e0 la man\u0153uvre : Thomas Ramos. Et un sprinteur alignant les records : Damian Penaud. Le duo a d\u2019abord plant\u00e9 sa fl\u00e8che dans le cuir dur des Springboks. D\u2019un coup d\u2019\u0153il avis\u00e9, l\u2019arri\u00e8re des Bleus a renvers\u00e9 le jeu, et de son pied aiguis\u00e9, a alert\u00e9 son ailier esseul\u00e9 sur son aile droite, <a href=\"https:\/\/www.leparisien.fr\/sports\/rugby\/xv-de-france\/france-afrique-du-sud-les-images-de-lessai-de-damian-penaud-seul-recordman-du-xv-de-france-08-11-2025-YTWNH7YXQJE7LLE24FGEOVOT5U.php\" target=\"_blank\" rel=\"noreferrer nofollow noopener\">filant vers son 39e essai<\/a>, le pla\u00e7ant cette fois-ci seul devant Serge Blanco.<\/p>\n<p class=\"paragraph text_align_left lp-f-body-02\">On joue alors depuis 7 minutes seulement. C\u2019est \u00e0 peu pr\u00e8s de la m\u00eame fa\u00e7on que <a href=\"https:\/\/www.leparisien.fr\/sports\/rugby\/xv-de-france\/france-afrique-du-sud-limage-du-double-de-damian-penaud-apres-un-superbe-mouvement-collectif-08-11-2025-DF4VTWUTLJE3FDUER6GZQHCJOU.php\" target=\"_blank\" rel=\"noreferrer nofollow noopener\">Damian Penaud porte son total \u00e0 40 essais <\/a>vingt minutes plus tard. D\u2019une longue passe cette fois &#8211; de Thomas Ramos encore lui -, l\u2019ailier de l\u2019UBB s\u2019\u00e9chappe et aplatit d\u2019une glissade. Les Bleus, malmen\u00e9s dans le combat, ont r\u00e9agi par leur vivacit\u00e9, leur rapidit\u00e9 d\u2019ex\u00e9cution et leurs initiatives aventureuses. Ils m\u00e8nent 14-6 alors que la demi-heure de jeu approche et leurs incisions, m\u00eame si elles sont rares, font mal aux Sud-Africains.<\/p>\n<p class=\"paragraph text_align_left lp-f-body-02\">Deux ans apr\u00e8s la crispation d\u2019une soir\u00e9e rat\u00e9e, d\u2019un r\u00eave bris\u00e9, les voil\u00e0 pr\u00eats \u00e0 enchanter un stade ne demandant qu\u2019\u00e0 se transformer en chaudron. Mais les flammes sous la marmite ne br\u00fblent pas toutes avec la m\u00eame intensit\u00e9. Quelques erreurs flagrantes emp\u00eachent cette horde bleue de s\u2019\u00e9chapper pour de bon. Il suffit d\u2019un m\u00e8tre de retard du pilier encore un peu vert R\u00e9gis Montagne pour qu\u2019une porte s\u2019ouvre et propulse le demi de m\u00eal\u00e9e Cobus Reinach dans l\u2019en-but (33e, 14-13).<\/p>\n<p class=\"paragraph text_align_left lp-f-body-02\"><a href=\"https:\/\/www.leparisien.fr\/sports\/rugby\/xv-de-france\/france-afrique-du-sud-la-video-du-carton-rouge-sud-africain-apres-un-choc-tres-violent-a-la-tete-sur-thomas-ramos-08-11-2025-6ZSZ3EZORFAFJFVXAST5TEOZVA.php\" target=\"_blank\" rel=\"noreferrer nofollow noopener\">Le carton rouge inflig\u00e9 au deuxi\u00e8me ligne Lood De Jagger<\/a> pour une agression \u00e9paule en avant sur la t\u00eate de Thomas Ramos (39e) aurait cependant d\u00fb donner aux Tricolores l\u2019oxyg\u00e8ne dont ils avaient besoin pour \u00e9touffer leurs adversaires. Mais leur nette domination durant les vingt premi\u00e8res minutes de la seconde p\u00e9riode est rest\u00e9e st\u00e9rile ou presque, laissant les joueurs de Rassie Erasmus \u00e0 leur port\u00e9e, et surtout gonfl\u00e9s d\u2019espoirs.<\/p>\n<p class=\"paragraph text_align_left lp-f-body-02\">L\u2019essai en force, au milieu du maul, du centre Andr\u00e9 Esterhuizen \u00e0 un quart d\u2019heure du terme n\u2019a fait que traduire la diff\u00e9rence de puissance s\u2019imprimant au fil des minutes et laissant les Bleus transperc\u00e9s et hagards, une fois de plus. Avant deux nouveaux essais en guise de coups de poignard\u2026<\/p>\n","protected":false},"excerpt":{"rendered":"Un silence. Et un affront de plus. Moins violent peut-\u00eatre que le traumatisme inflig\u00e9 par l\u2019\u00e9jection trop pr\u00e9coce&hellip;\n","protected":false},"author":2,"featured_media":521459,"comment_status":"","ping_status":"","sticky":false,"template":"","format":"standard","meta":{"footnotes":""},"categories":[4],"tags":[11,1011,27,12,25,479,60,30845],"class_list":{"0":"post-521458","1":"post","2":"type-post","3":"status-publish","4":"format-standard","5":"has-post-thumbnail","7":"category-france","8":"tag-actualites","9":"tag-fr","10":"tag-france","11":"tag-news","12":"tag-republique-francaise","13":"tag-rugby","14":"tag-sports","15":"tag-xv-france"},"share_on_mastodon":{"url":"https:\/\/pubeurope.com\/@fr\/115516409297267734","error":""},"_links":{"self":[{"href":"https:\/\/www.europesays.com\/fr\/wp-json\/wp\/v2\/posts\/521458","targetHints":{"allow":["GET"]}}],"collection":[{"href":"https:\/\/www.europesays.com\/fr\/wp-json\/wp\/v2\/posts"}],"about":[{"href":"https:\/\/www.europesays.com\/fr\/wp-json\/wp\/v2\/types\/post"}],"author":[{"embeddable":true,"href":"https:\/\/www.europesays.com\/fr\/wp-json\/wp\/v2\/users\/2"}],"replies":[{"embeddable":true,"href":"https:\/\/www.europesays.com\/fr\/wp-json\/wp\/v2\/comments?post=521458"}],"version-history":[{"count":0,"href":"https:\/\/www.europesays.com\/fr\/wp-json\/wp\/v2\/posts\/521458\/revisions"}],"wp:featuredmedia":[{"embeddable":true,"href":"https:\/\/www.europesays.com\/fr\/wp-json\/wp\/v2\/media\/521459"}],"wp:attachment":[{"href":"https:\/\/www.europesays.com\/fr\/wp-json\/wp\/v2\/media?parent=521458"}],"wp:term":[{"taxonomy":"category","embeddable":true,"href":"https:\/\/www.europesays.com\/fr\/wp-json\/wp\/v2\/categories?post=521458"},{"taxonomy":"post_tag","embeddable":true,"href":"https:\/\/www.europesays.com\/fr\/wp-json\/wp\/v2\/tags?post=521458"}],"curies":[{"name":"wp","href":"https:\/\/api.w.org\/{rel}","templated":true}]}}