{"id":521460,"date":"2025-11-08T22:23:10","date_gmt":"2025-11-08T22:23:10","guid":{"rendered":"https:\/\/www.europesays.com\/fr\/521460\/"},"modified":"2025-11-08T22:23:10","modified_gmt":"2025-11-08T22:23:10","slug":"france-17-32-afrique-du-sud-test-matches-automne-2025-resume-du-match-08-11-2025-lequipe","status":"publish","type":"post","link":"https:\/\/www.europesays.com\/fr\/521460\/","title":{"rendered":"France 17-32 Afrique du Sud, Test-matches automne 2025 : r\u00e9sum\u00e9 du match (08\/11\/2025) &#8211; L&#039;\u00c9quipe"},"content":{"rendered":"<ol>\n<li><a href=\"https:\/\/news.google.com\/rss\/articles\/CBMiogFBVV95cUxPb3ExZll0Z3V2dkJmQjJrSHRxMjNHS0w0VzYwRy1BcV9UR2VhRGxSVU1TZ2pKR0JXT3AtdjBxTnEzOXdpX1dxWXA2NEEyWk9uc2NLRm5GbVRSYWtGS2h4R0FIRVo3V2IxcllsU0ZuSVg0cUtfSVpESTZMaUdUaGpNRzJoVXBVSFpFQXRjaENqa1hEVGFpNkRodm1Wa2RjRTg3VUE?oc=5\" target=\"_blank\" rel=\"nofollow noopener\">France 17-32 Afrique du Sud, Test-matches automne 2025 : r\u00e9sum\u00e9 du match (08\/11\/2025)<\/a>&nbsp;&nbsp;L&rsquo;\u00c9quipe<\/li>\n<li><a href=\"https:\/\/news.google.com\/rss\/articles\/CBMi4gFBVV95cUxOQ2c2eHFfQjBJamc3NU5VTE9mSGV4UThQOEowM0hVU0ltRUZyNkFsbTBVUEh6bFhVMGVCV0N5dTZIQ0RzS0I4cXZoWGw0eV81Rnp5Wm0wUnhUOWtqVklRVWNEaGp0YXp3OU1OMkpMcGc5QWtLM2ZvcGJ6eVlWVzBOemdYSmpkY0lQalNqTDN3RkJ4S04wVkFRQ0V5UU1yWTRPMElmc2JSUkc2ODVGaEprOEVXaXU1dWRPQnd1NG5YWkJSY1pLN25hcmF6NmNUcl9LOGtsQmxKcXZjMWJrMU02dFFB?oc=5\" target=\"_blank\" rel=\"nofollow noopener\">L\u2019Afrique du Sud fait craquer le XV de France en fin de match<\/a>&nbsp;&nbsp;Le Monde.fr<\/li>\n<li><a href=\"https:\/\/news.google.com\/rss\/articles\/CBMi4gFBVV95cUxQUmluV3M1ZzhGajc0Sm5mQ21iU20zV0NTeWlWQjhveDFoa2l0dm1WdnRmVXRORFVtREp1Yy1JbHotLXgyOGlWU1ZxRVZUb2dibXQzRkU1Zk4wejZvejc1WUM2cUtfX0RUaDcxWTRCNThqSmRweXpGZXVqYTFreTN5ckg5U2g2SkxGQThWNVlFSUppaFVaN0NFZWFNSkdHREJobWhCWjUtX3g2RUFORWpwWUx0MWNrRVc3SUpZclRNVE5CVFZxcXptX2R6QlpfOHd1Y3NZbUxnVGMwU0xEVWotakpn?oc=5\" target=\"_blank\" rel=\"nofollow noopener\">Les Bleus cuits \u00e0 l&rsquo;\u00e9touff\u00e9e<\/a>&nbsp;&nbsp;Eurosport<\/li>\n<li><a href=\"https:\/\/news.google.com\/rss\/articles\/CBMi0wFBVV95cUxPdWhlMmFvMFFnUUt0aG1TZWUxbW4xOV9lTlV2aEpzYWFES1VzbFkxakdRcjAyZkJLdHljUHZJdFZPdGpWZXVyb3NWMGVPalZrRUIxTkY3Y25JTHdBYmcwaUZmaXpISi00RG51bGd3X01RWkgwbGhlWjlvLU8zcVZ5QktaQTRjcEZBbmNGZFhrNC1yNzltRGdpelRwT2hRT0t3UTVRLTNEM1F0X2J2MWcwUG9SOW9makhjNHpFVGE4NC0wQnR1Vi1adklTRWFGbHR5eTA0?oc=5\" target=\"_blank\" rel=\"nofollow noopener\">France &#8211; Afrique du Sud : Gros coup sur la t\u00eate pour les Bleus punis par des Boks \u00e0 14&#8230; Revivez le match avec nous&#8230;<\/a>&nbsp;&nbsp;20 Minutes<\/li>\n<li><a href=\"https:\/\/news.google.com\/rss\/articles\/CBMiwwFBVV95cUxPZDdvQWJjVzhmY1pJd0w3QnFxQWVIM2VRd3Znd1hsTVNiYjBNUEdUS1JwODdNVFVxT0RQSS1kMHhKWXA2YkZoU3dVZlVaZ0l0UERORkF1MGpBYW9fSU9EUG9CTDRldm92b2ZjdUNIQjRsN284bnJKYjZWQ0dzZTI3aUlyQm5tcTZ6Zl9EclU2VllYbG83WXZVbnBZOFdxZElJQWNpQjFtNEpLMXFsZE5qaW5jVV9sYzZCTVFnRHpYZ2tIcmM?oc=5\" target=\"_blank\" rel=\"nofollow noopener\">Tourn\u00e9e d&rsquo;automne : Suivez France &#8211; Afrique du Sud en direct<\/a>&nbsp;&nbsp;Sports &#8211; Orange<\/li>\n<\/ol>\n","protected":false},"excerpt":{"rendered":"France 17-32 Afrique du Sud, Test-matches automne 2025 : r\u00e9sum\u00e9 du match (08\/11\/2025)&nbsp;&nbsp;L&rsquo;\u00c9quipe L\u2019Afrique du Sud fait craquer&hellip;\n","protected":false},"author":2,"featured_media":521461,"comment_status":"","ping_status":"","sticky":false,"template":"","format":"standard","meta":{"footnotes":""},"categories":[1416],"tags":[1011,27,479,1468,60],"class_list":{"0":"post-521460","1":"post","2":"type-post","3":"status-publish","4":"format-standard","5":"has-post-thumbnail","7":"category-rugby","8":"tag-fr","9":"tag-france","10":"tag-rugby","11":"tag-rugby-football","12":"tag-sports"},"share_on_mastodon":{"url":"https:\/\/pubeurope.com\/@fr\/115516421176360817","error":""},"_links":{"self":[{"href":"https:\/\/www.europesays.com\/fr\/wp-json\/wp\/v2\/posts\/521460","targetHints":{"allow":["GET"]}}],"collection":[{"href":"https:\/\/www.europesays.com\/fr\/wp-json\/wp\/v2\/posts"}],"about":[{"href":"https:\/\/www.europesays.com\/fr\/wp-json\/wp\/v2\/types\/post"}],"author":[{"embeddable":true,"href":"https:\/\/www.europesays.com\/fr\/wp-json\/wp\/v2\/users\/2"}],"replies":[{"embeddable":true,"href":"https:\/\/www.europesays.com\/fr\/wp-json\/wp\/v2\/comments?post=521460"}],"version-history":[{"count":0,"href":"https:\/\/www.europesays.com\/fr\/wp-json\/wp\/v2\/posts\/521460\/revisions"}],"wp:featuredmedia":[{"embeddable":true,"href":"https:\/\/www.europesays.com\/fr\/wp-json\/wp\/v2\/media\/521461"}],"wp:attachment":[{"href":"https:\/\/www.europesays.com\/fr\/wp-json\/wp\/v2\/media?parent=521460"}],"wp:term":[{"taxonomy":"category","embeddable":true,"href":"https:\/\/www.europesays.com\/fr\/wp-json\/wp\/v2\/categories?post=521460"},{"taxonomy":"post_tag","embeddable":true,"href":"https:\/\/www.europesays.com\/fr\/wp-json\/wp\/v2\/tags?post=521460"}],"curies":[{"name":"wp","href":"https:\/\/api.w.org\/{rel}","templated":true}]}}