{"id":521464,"date":"2025-11-08T22:28:12","date_gmt":"2025-11-08T22:28:12","guid":{"rendered":"https:\/\/www.europesays.com\/fr\/521464\/"},"modified":"2025-11-08T22:28:12","modified_gmt":"2025-11-08T22:28:12","slug":"championnat-deurope-la-4e-declassee-chez-les-juniors-pour-un-velo-non-conforme-actualite","status":"publish","type":"post","link":"https:\/\/www.europesays.com\/fr\/521464\/","title":{"rendered":"Championnat d\u2019Europe : La 4e d\u00e9class\u00e9e chez les Juniors pour un v\u00e9lo non-conforme &#8211; Actualit\u00e9"},"content":{"rendered":"<p style=\"text-align: justify;\">Class\u00e9e 4e du Championnat d\u2019Europe Juniors Femmes de cyclo-cross ce samedi, Giorgia Pellizotti a \u00e9t\u00e9 d\u00e9class\u00e9e. L\u2019Italienne a utilis\u00e9 \u201cun v\u00e9lo non-conforme\u201d annonce l\u2019Union Cycliste Europ\u00e9enne.<\/p>\n<p>Dans le dernier bulletin d&rsquo;information de l&rsquo;Union Cycliste International, il \u00e9tait rappel\u00e9 que \u201clors des \u00e9preuves de la Coupe du Monde cyclo-cross UCI et des Championnats du Monde cyclo-cross UCI l&rsquo;utilisation de cadres ou de roues non approuv\u00e9s par l\u2019UCI ne sera pas autoris\u00e9e\u201d. Pour rappel, les cadres doivent\u00a0 pr\u00e9senter un logo UCI pour prouver leur homologation.<strong> <a href=\"https:\/\/www.directvelo.com\/articles\/125208\/Giorgia Pellizotti\" target=\"_blank\" rel=\"noopener\">La liste figure sur le site de l&rsquo;instance internationale<\/a>.\u00a0\u00a0<\/strong><\/p>\n<p>La f\u00e9d\u00e9ration italienne de cyclisme a r\u00e9agi \u00e0 cette d\u00e9cision dans la soir\u00e9e. \u201cLa FCI tient \u00e0 pr\u00e9ciser qu\u2019elle est totalement \u00e9trang\u00e8re au processus de validation des cadres soumis \u00e0 l\u2019homologation UCI. Cette op\u00e9ration est effectu\u00e9e de mani\u00e8re autonome par les diff\u00e9rentes entreprises fabricantes\u201d.<\/p>\n<p>\u00c0\u00a0Middelkerke (Belgique), La course Juniors Femmes a \u00e9t\u00e9 remport\u00e9e par Barbora Bukovska (R\u00e9publique tch\u00e8que) devant Nynke Jochems (Pays-Bas) et Nicole Azzetti (Italie). La disqualification de Giorgia Pellizotti <strong><a href=\"https:\/\/www.directvelo.com\/actualite\/125177\/cc-championnat-deurope-elite-femmes-classement\" target=\"_blank\" rel=\"noopener\">permet \u00e0 la Fran\u00e7aise Laly Pichon de passer de la 5e \u00e0 la 4e place<\/a>.<\/strong><\/p>\n","protected":false},"excerpt":{"rendered":"Class\u00e9e 4e du Championnat d\u2019Europe Juniors Femmes de cyclo-cross ce samedi, Giorgia Pellizotti a \u00e9t\u00e9 d\u00e9class\u00e9e. L\u2019Italienne a&hellip;\n","protected":false},"author":2,"featured_media":521465,"comment_status":"","ping_status":"","sticky":false,"template":"","format":"standard","meta":{"footnotes":""},"categories":[1411],"tags":[834,828,836,829,837,827,83,826,824,823,1154,207,814,817,815,816,822,821,832,211,839,1011,27,820,818,819,835,831,830,833,838,60,212,208,825],"class_list":{"0":"post-521464","1":"post","2":"type-post","3":"status-publish","4":"format-standard","5":"has-post-thumbnail","7":"category-cyclisme","8":"tag-attaque","9":"tag-belgique","10":"tag-braquet","11":"tag-bretagne","12":"tag-chute","13":"tag-competition","14":"tag-coupe-de-france","15":"tag-coureur","16":"tag-course-cyclisme","17":"tag-course-cycliste","18":"tag-cycling","19":"tag-cyclisme","20":"tag-direct","21":"tag-direct-velo","22":"tag-directvelo","23":"tag-directvelo-com","24":"tag-epreuve","25":"tag-epreuve-cycliste","26":"tag-federation-francaise-de-cyclisme","27":"tag-ffc","28":"tag-flandres","29":"tag-fr","30":"tag-france","31":"tag-live","32":"tag-live-course","33":"tag-live-epreuve","34":"tag-peloton","35":"tag-radio-peloton","36":"tag-radio-tour","37":"tag-ravitaillement","38":"tag-relance","39":"tag-sports","40":"tag-uci","41":"tag-velo","42":"tag-velos"},"share_on_mastodon":{"url":"https:\/\/pubeurope.com\/@fr\/115516440812278674","error":""},"_links":{"self":[{"href":"https:\/\/www.europesays.com\/fr\/wp-json\/wp\/v2\/posts\/521464","targetHints":{"allow":["GET"]}}],"collection":[{"href":"https:\/\/www.europesays.com\/fr\/wp-json\/wp\/v2\/posts"}],"about":[{"href":"https:\/\/www.europesays.com\/fr\/wp-json\/wp\/v2\/types\/post"}],"author":[{"embeddable":true,"href":"https:\/\/www.europesays.com\/fr\/wp-json\/wp\/v2\/users\/2"}],"replies":[{"embeddable":true,"href":"https:\/\/www.europesays.com\/fr\/wp-json\/wp\/v2\/comments?post=521464"}],"version-history":[{"count":0,"href":"https:\/\/www.europesays.com\/fr\/wp-json\/wp\/v2\/posts\/521464\/revisions"}],"wp:featuredmedia":[{"embeddable":true,"href":"https:\/\/www.europesays.com\/fr\/wp-json\/wp\/v2\/media\/521465"}],"wp:attachment":[{"href":"https:\/\/www.europesays.com\/fr\/wp-json\/wp\/v2\/media?parent=521464"}],"wp:term":[{"taxonomy":"category","embeddable":true,"href":"https:\/\/www.europesays.com\/fr\/wp-json\/wp\/v2\/categories?post=521464"},{"taxonomy":"post_tag","embeddable":true,"href":"https:\/\/www.europesays.com\/fr\/wp-json\/wp\/v2\/tags?post=521464"}],"curies":[{"name":"wp","href":"https:\/\/api.w.org\/{rel}","templated":true}]}}