{"id":521468,"date":"2025-11-08T22:30:14","date_gmt":"2025-11-08T22:30:14","guid":{"rendered":"https:\/\/www.europesays.com\/fr\/521468\/"},"modified":"2025-11-08T22:30:14","modified_gmt":"2025-11-08T22:30:14","slug":"vanessa-paradis-son-fils-jack-depp-discret-mais-brillant-elle-devoile-son-talent-insoupconne","status":"publish","type":"post","link":"https:\/\/www.europesays.com\/fr\/521468\/","title":{"rendered":"Vanessa Paradis : son fils Jack Depp discret mais brillant, elle d\u00e9voile son talent insoup\u00e7onn\u00e9"},"content":{"rendered":"<p data-start=\"407\" data-end=\"780\">Star iconique de sa g\u00e9n\u00e9ration,<br \/>\nVanessa Paradis a form\u00e9 un couple embl\u00e9matique avec Johnny Depp.<br \/>\nLes deux artistes sont rest\u00e9s ensemble pendant quatorze ans et ont<br \/>\nmis fin \u00e0 leur relation en 2012. Pendant leur idylle, <a href=\"https:\/\/www.closermag.fr\/people\/atteint-du-syndrome-johnny-depp-malheureux-sans-ses-enfants-lily-rose-et-jack-3559552\" target=\"_blank\" rel=\"noopener\"><br \/>\nils ont donn\u00e9 naissance \u00e0 deux enfants,<\/a> Jack et Lily-Rose. Si<br \/>\nla benjamine est tr\u00e8s connue du grand public, <strong>son fr\u00e8re<br \/>\na\u00een\u00e9 se fait beaucoup plus discret.<\/strong><\/p>\n<p data-start=\"782\" data-end=\"1063\">Mais il a r\u00e9cemment \u00e9t\u00e9 mis sur<br \/>\nle devant de la sc\u00e8ne. En effet, le jeune homme de 23 ans a<br \/>\ncollabor\u00e9 avec sa maman sur son nouvel album, intitul\u00e9<br \/>\nLe retour des beaux jours.<br \/>\nActuellement en pleine promotion, la chanteuse a fait des<br \/>\nconfidences sur son fils en pleine interview.<\/p>\n<p><strong data-start=\"1074\" data-end=\"1122\">Jack Depp mis en lumi\u00e8re par Vanessa<br \/>\nParadis<\/strong><\/p>\n<p data-start=\"1124\" data-end=\"1472\">N\u00e9 le 9 avril 2002 \u00e0<br \/>\nNeuilly-sur-Seine, Jack a grandi entre la France et les \u00c9tats-Unis<br \/>\net n\u2019a jamais cherch\u00e9 la c\u00e9l\u00e9brit\u00e9. Pendant deux ans, <a href=\"https:\/\/www.closermag.fr\/people\/johnny-depp-son-fils-jack-travaille-en-secret-dans-un-bar-parisien-ou-vanessa-paradis-a-ses-habitudes-3500651\" target=\"_blank\" rel=\"noopener\"><br \/>\nil a m\u00eame travaill\u00e9 incognito dans un restaurant parisien,<\/a> un<br \/>\n\u00e9tablissement libano-br\u00e9silien du quartier de la Bastille. Il<br \/>\nsemblerait que certains ignoraient son lien de parent\u00e9 avec la star<br \/>\nd\u2019Hollywood.<\/p>\n<p data-start=\"1474\" data-end=\"2009\">Tout comme sa m\u00e8re, Jack Depp<br \/>\nest passionn\u00e9 de musique. Il a m\u00eame particip\u00e9 \u00e0 son dernier album,<br \/>\nen tant que compositeur : \u201c<strong>Jack est un super compositeur. J\u2019aime beaucoup sa<br \/>\nmusique, et un jour je lui ai demand\u00e9 si je pouvais utiliser une de<br \/>\nses compositions.<\/strong> J\u2019ai ensuite \u00e9crit le texte. On a choisi<br \/>\nles meilleures chansons pour l\u2019album\u2026 et les leurs avaient vraiment<br \/>\nleur place\u201d, r\u00e9v\u00e8le Vanessa Paradis dans une interview donn\u00e9e<br \/>\nsur <a href=\"https:\/\/www.nostalgie.fr\/artistes\/vanessa-paradis\/actus\/jaime-ce-quil-font-vanessa-paradis-parle-de-ses-collaborations-avec-etienne-daho-et-ses-enfants-lily-rose-et-jack-depp-70250829\" target=\"_blank\" rel=\"nofollow noopener\">Nostalgie<\/a> le 5 novembre. Elle explique<br \/>\nainsi que son a\u00een\u00e9 a particip\u00e9 au morceau \u201cElements\u201d.<\/p>\n<p><strong data-start=\"2020\" data-end=\"2093\">Vanessa Paradis a fait<br \/>\nparticiper ses deux enfants \u00e0 son nouvel album<\/strong><\/p>\n<p data-start=\"2095\" data-end=\"2401\">Pour son dernier projet, l\u2019ex<br \/>\nde Johnny Depp avait \u00e9galement \u00e0 c\u0153ur d\u2019inclure sa fille :<br \/>\n\u201cLily-Rose avait \u00e9crit un<br \/>\npo\u00e8me il y a longtemps, qui m\u2019a profond\u00e9ment touch\u00e9e. Je lui ai<br \/>\ndemand\u00e9 si je pouvais le mettre en musique, et elle a accept\u00e9 avec<br \/>\ngr\u00e2ce.\u201d C\u2019est ainsi qu\u2019est n\u00e9e la chanson \u201cI\u2019m Alive\u201d. Cette interview fut<br \/>\n\u00e9galement l\u2019occasion pour la chanteuse d\u2019expliquer \u00e0 quel point<br \/>\n<a href=\"https:\/\/www.closermag.fr\/people\/je-le-fais-pas-parce-que-ce-sont-mes-enfants-face-a-benjamin-duhamel-vanessa-paradis-tres-franche-3575473\" target=\"_blank\" rel=\"noopener\"><br \/>\nelle est proche de ses enfants<\/a> : \u201cJe les conseille quand ils me le demandent, mais<br \/>\nje leur demande aussi beaucoup leur avis. <strong>J\u2019adore leur<br \/>\ngo\u00fbt, leur esprit, leur intelligence, leur humanit\u00e9 et leur<br \/>\nhumour.<\/strong>\u201d<\/p>\n<p data-start=\"2699\" data-end=\"2849\">Ce projet a donc permis \u00e0<br \/>\nVanessa Paradis de mettre discr\u00e8tement son fils en lumi\u00e8re et de<br \/>\npartager au plus grand nombre sa passion pour la musique.<\/p>\n","protected":false},"excerpt":{"rendered":"Star iconique de sa g\u00e9n\u00e9ration, Vanessa Paradis a form\u00e9 un couple embl\u00e9matique avec Johnny Depp. Les deux artistes&hellip;\n","protected":false},"author":2,"featured_media":454803,"comment_status":"","ping_status":"","sticky":false,"template":"","format":"standard","meta":{"footnotes":""},"categories":[1359],"tags":[58,59,1011,27,973,10245],"class_list":{"0":"post-521468","1":"post","2":"type-post","3":"status-publish","4":"format-standard","5":"has-post-thumbnail","7":"category-people","8":"tag-divertissement","9":"tag-entertainment","10":"tag-fr","11":"tag-france","12":"tag-people","13":"tag-vanessa-paradis"},"share_on_mastodon":{"url":"https:\/\/pubeurope.com\/@fr\/115516448687445387","error":""},"_links":{"self":[{"href":"https:\/\/www.europesays.com\/fr\/wp-json\/wp\/v2\/posts\/521468","targetHints":{"allow":["GET"]}}],"collection":[{"href":"https:\/\/www.europesays.com\/fr\/wp-json\/wp\/v2\/posts"}],"about":[{"href":"https:\/\/www.europesays.com\/fr\/wp-json\/wp\/v2\/types\/post"}],"author":[{"embeddable":true,"href":"https:\/\/www.europesays.com\/fr\/wp-json\/wp\/v2\/users\/2"}],"replies":[{"embeddable":true,"href":"https:\/\/www.europesays.com\/fr\/wp-json\/wp\/v2\/comments?post=521468"}],"version-history":[{"count":0,"href":"https:\/\/www.europesays.com\/fr\/wp-json\/wp\/v2\/posts\/521468\/revisions"}],"wp:featuredmedia":[{"embeddable":true,"href":"https:\/\/www.europesays.com\/fr\/wp-json\/wp\/v2\/media\/454803"}],"wp:attachment":[{"href":"https:\/\/www.europesays.com\/fr\/wp-json\/wp\/v2\/media?parent=521468"}],"wp:term":[{"taxonomy":"category","embeddable":true,"href":"https:\/\/www.europesays.com\/fr\/wp-json\/wp\/v2\/categories?post=521468"},{"taxonomy":"post_tag","embeddable":true,"href":"https:\/\/www.europesays.com\/fr\/wp-json\/wp\/v2\/tags?post=521468"}],"curies":[{"name":"wp","href":"https:\/\/api.w.org\/{rel}","templated":true}]}}