{"id":521470,"date":"2025-11-08T22:33:17","date_gmt":"2025-11-08T22:33:17","guid":{"rendered":"https:\/\/www.europesays.com\/fr\/521470\/"},"modified":"2025-11-08T22:33:17","modified_gmt":"2025-11-08T22:33:17","slug":"il-ne-vous-reste-que-trois-semaines-pour-voir-les-126-episodes-de-cette-serie-recommandee-a-88","status":"publish","type":"post","link":"https:\/\/www.europesays.com\/fr\/521470\/","title":{"rendered":"Il ne vous reste que trois semaines pour voir les 126 \u00e9pisodes de cette s\u00e9rie recommand\u00e9e \u00e0 88%"},"content":{"rendered":"<p>Recommand\u00e9e \u00e0 88%, cette s\u00e9rie de 126 \u00e9pisodes vit ses derniers jours sur la plateforme de streaming Netflix. D\u2019ici trois semaines, elle sera retir\u00e9e du catalogue. C\u2019est donc le bon moment pour la d\u00e9couvrir ou la revoir une nouvelle fois.<\/p>\n<p>Les histoires de super-h\u00e9ros, \u00e7a marche toujours. En 2015, la cha\u00eene am\u00e9ricaine CBS a d\u00e9cid\u00e9 de proposer une nouvelle fiction et, cette fois-ci, c&rsquo;est une femme qui porte la cape ! <a href=\"https:\/\/www.programme-tv.net\/news\/series-tv\/227851-supergirl-netflix-5-bonnes-raisons-de-commencer-la-serie\/\" data-api-deeplink=\"teleloisirs:\/\/news\/227851\" target=\"_blank\" rel=\"noopener\">Il s&rsquo;agit de la s\u00e9rie Supergirl<\/a>, qui raconte<a href=\"https:\/\/www.programme-tv.net\/news\/series-tv\/73629-supergirl-pourquoi-la-serie-avec-la-cousine-de-superman-est-decevante-lanalyse-de-lexpert-des-series-video\/\" data-api-deeplink=\"teleloisirs:\/\/news\/73629\" target=\"_blank\" rel=\"noopener\"> les aventures de Kara Zor-El, la cousine de Superman, alias Supergirl, jou\u00e9e par Melissa Benoist. <\/a>Contrairement \u00e0 son cousin, elle se sent impuissante face \u00e0 ses pouvoirs qu&rsquo;on lui a appris \u00e0 ne pas utiliser. Mais tout va changer lorsqu&rsquo;elle va mener une double vie pour combattre le crime dans sa ville. Une s\u00e9rie actuellement disponible sur la plateforme de streaming Netflix et qui est recommand\u00e9e \u00e0 88% sur le site <a href=\"https:\/\/www.rottentomatoes.com\/tv\/supergirl\" target=\"_blank\" rel=\"noopener\">Rotten Tomatoes<\/a>. Les 126 \u00e9pisodes que comportent les six saisons de Supergirl ne sont, malheureusement, l\u00e0 que pour un temps. <b>Le dimanche 30 novembre prochain, la s\u00e9rie sera retir\u00e9e du catalogue du g\u00e9ant de la SVOD.<\/b><\/p>\n<p>                        La fin de Supergirl a boulevers\u00e9 Melissa Benoist : \u00ab\u00a0Elle a chang\u00e9 ma vie pour le mieux\u00a0\u00bb<\/p>\n<p>La s\u00e9rie a pris fin il y a maintenant quatre ans et, au moment de l&rsquo;annonce de la nouvelle, Melissa Benoist a exprim\u00e9 sa peine sur les r\u00e9seaux sociaux. \u00ab\u00a0Dire que ce fut un honneur d&rsquo;incarner ce personnage embl\u00e9matique serait un euph\u00e9misme. <b>Voir l&rsquo;impact incroyable que la s\u00e9rie a eu sur les jeunes filles du monde entier m&rsquo;a toujours laiss\u00e9e humble et sans voix<\/b>\u00ab\u00a0, a-t-elle dit avant de pr\u00e9ciser : \u00ab\u00a0Elle a eu cet impact sur moi aussi. Elle m&rsquo;a appris que j&rsquo;avais une force insoup\u00e7onn\u00e9e, celle de trouver l&rsquo;espoir dans les endroits les plus sombres, et que nous sommes plus fortes quand nous sommes unies. Ce qu&rsquo;elle repr\u00e9sente nous pousse tous \u00e0 \u00eatre meilleurs. <b>Elle a chang\u00e9 ma vie pour le mieux, et je lui en suis \u00e9ternellement reconnaissante.<\/b>\u00ab\u00a0<\/p>\n<p>            Melissa Benoist est satisfaite du final de Supergirl<\/p>\n<p><a href=\"https:\/\/www.programme-tv.net\/news\/series-tv\/315238-supergirl-comment-se-termine-la-serie\/\" data-api-deeplink=\"teleloisirs:\/\/news\/315238\" target=\"_blank\" rel=\"noopener\">En ce qui concerne la fin de Supergirl<\/a>, la com\u00e9dienne s&rsquo;est r\u00e9jouie de proposer un final haut en couleurs. \u00ab\u00a0Je suis tellement excit\u00e9e que nous puissions planifier la conclusion de ce voyage extraordinaire, et j&rsquo;ai h\u00e2te que vous voyiez ce que nous avons en r\u00e9serve. Je vous promets que nous allons faire une derni\u00e8re saison d&rsquo;enfer\u00a0\u00bb, avait-elle d\u00e9clar\u00e9 avant la diffusion de la derni\u00e8re saison.<\/p>\n<p>Article \u00e9crit avec la collaboration de 6m\u00e9dias.<\/p>\n","protected":false},"excerpt":{"rendered":"Recommand\u00e9e \u00e0 88%, cette s\u00e9rie de 126 \u00e9pisodes vit ses derniers jours sur la plateforme de streaming Netflix.&hellip;\n","protected":false},"author":2,"featured_media":521471,"comment_status":"","ping_status":"","sticky":false,"template":"","format":"standard","meta":{"footnotes":""},"categories":[1356],"tags":[1409,5334,244,58,59,1011,27,64220,64219,127,1722,64222,129,252,1364,64221],"class_list":{"0":"post-521470","1":"post","2":"type-post","3":"status-publish","4":"format-standard","5":"has-post-thumbnail","7":"category-television","8":"tag-bande-annonce","9":"tag-channel_bandes-annonces","10":"tag-commentaire","11":"tag-divertissement","12":"tag-entertainment","13":"tag-fr","14":"tag-france","15":"tag-guid_5812677152001","16":"tag-melissa-benoist","17":"tag-netflix","18":"tag-pub-streaming-netflix","19":"tag-supergirl","20":"tag-svod","21":"tag-television","22":"tag-tv","23":"tag-uuid_d2b98dad-e23a-4c81-9307-def405e8e27f"},"share_on_mastodon":{"url":"https:\/\/pubeurope.com\/@fr\/115516460451849571","error":""},"_links":{"self":[{"href":"https:\/\/www.europesays.com\/fr\/wp-json\/wp\/v2\/posts\/521470","targetHints":{"allow":["GET"]}}],"collection":[{"href":"https:\/\/www.europesays.com\/fr\/wp-json\/wp\/v2\/posts"}],"about":[{"href":"https:\/\/www.europesays.com\/fr\/wp-json\/wp\/v2\/types\/post"}],"author":[{"embeddable":true,"href":"https:\/\/www.europesays.com\/fr\/wp-json\/wp\/v2\/users\/2"}],"replies":[{"embeddable":true,"href":"https:\/\/www.europesays.com\/fr\/wp-json\/wp\/v2\/comments?post=521470"}],"version-history":[{"count":0,"href":"https:\/\/www.europesays.com\/fr\/wp-json\/wp\/v2\/posts\/521470\/revisions"}],"wp:featuredmedia":[{"embeddable":true,"href":"https:\/\/www.europesays.com\/fr\/wp-json\/wp\/v2\/media\/521471"}],"wp:attachment":[{"href":"https:\/\/www.europesays.com\/fr\/wp-json\/wp\/v2\/media?parent=521470"}],"wp:term":[{"taxonomy":"category","embeddable":true,"href":"https:\/\/www.europesays.com\/fr\/wp-json\/wp\/v2\/categories?post=521470"},{"taxonomy":"post_tag","embeddable":true,"href":"https:\/\/www.europesays.com\/fr\/wp-json\/wp\/v2\/tags?post=521470"}],"curies":[{"name":"wp","href":"https:\/\/api.w.org\/{rel}","templated":true}]}}