{"id":521474,"date":"2025-11-08T22:35:20","date_gmt":"2025-11-08T22:35:20","guid":{"rendered":"https:\/\/www.europesays.com\/fr\/521474\/"},"modified":"2025-11-08T22:35:20","modified_gmt":"2025-11-08T22:35:20","slug":"le-studio-abandonne-la-suite-maudite-apres-des-annees-de-galeres-sans-fin","status":"publish","type":"post","link":"https:\/\/www.europesays.com\/fr\/521474\/","title":{"rendered":"le studio abandonne la suite maudite, apr\u00e8s des ann\u00e9es de gal\u00e8res sans fin"},"content":{"rendered":"<p><strong>Apr\u00e8s des ann\u00e9es de montagnes russes, <a href=\"https:\/\/www.ecranlarge.com\/films\/news\/1491619-star-trek-4-pas-mort-jj-abrams-scenariste-complique\" data-type=\"link\" data-id=\"https:\/\/www.ecranlarge.com\/films\/news\/1491619-star-trek-4-pas-mort-jj-abrams-scenariste-complique\" rel=\"nofollow noopener\" target=\"_blank\">Star Trek 4<\/a>, suite directe de la trilogie lanc\u00e9e par <a href=\"https:\/\/www.ecranlarge.com\/personnalite\/653009-j-j-abrams\" data-type=\"people\" data-id=\"33789\" rel=\"nofollow noopener\" target=\"_blank\">J.J. Abrams<\/a>, est finalement abandonn\u00e9, apparemment.<\/strong><\/p>\n<p><strong>Star Trek 4<\/strong> aura particuli\u00e8rement fait parler de lui ces derni\u00e8res ann\u00e9es. La trilogie lanc\u00e9e en 2009 a globalement \u00e9t\u00e9 bien re\u00e7ue par les spectateurs et la critique, m\u00eame si <strong><a href=\"https:\/\/www.ecranlarge.com\/films\/930268-star-trek-3\" data-type=\"films\" data-id=\"906842\" rel=\"nofollow noopener\" target=\"_blank\">Star Trek : Sans Limites<\/a><\/strong> a \u00e9t\u00e9 une d\u00e9ception au box-office. Depuis, on a entendu parler d\u2019une myriade de projets diff\u00e9rents pour relancer la saga. D\u2019abord, \u00e7a devait \u00eatre <strong>une suite directe avec Chris Hemsworth<\/strong> (qui jouait George Samuel Kirk, le p\u00e8re de James Kirk, au d\u00e9but du premier film r\u00e9alis\u00e9 par J.J. Abrams) et la r\u00e9alisatrice <a href=\"https:\/\/www.ecranlarge.com\/personnalite\/682226-s-j-clarkson\" data-type=\"people\" data-id=\"331661\" rel=\"nofollow noopener\" target=\"_blank\">S.J. Clarkson<\/a> (<strong>Madame Web<\/strong>).<\/p>\n<p>                    <img decoding=\"async\" alt=\"\" class=\"wp-image-518375\" style=\"object-fit:cover;width:25px;height:25px\" src=\"https:\/\/www.ecranlarge.com\/content\/uploads\/2023\/09\/arrow-right-circle.svg\"\/><\/p>\n<p>Ensuite, <a href=\"https:\/\/www.ecranlarge.com\/personnalite\/687693-noah-hawley\" data-type=\"people\" data-id=\"336607\" rel=\"nofollow noopener\" target=\"_blank\">Noah Hawley<\/a> (showrunner de <strong>Fargo<\/strong> et <strong>Alien : Earth<\/strong>) est arriv\u00e9 aux manettes, <strong>mais celui-ci ne voulait apparemment pas faire une suite directe \u00e0 Sans Limites. <\/strong>M\u00eame Quentin Tarantino a \u00e9t\u00e9 li\u00e9 \u00e0 un film autour de 2020. La Paramount n\u2019a finalement choisi aucun de ces projets, probablement trop occup\u00e9e \u00e0 g\u00e9rer la crise du Covid. En 2021, c\u2019est <a href=\"https:\/\/www.ecranlarge.com\/personnalite\/688104-matt-shakman\" data-type=\"people\" data-id=\"336981\" rel=\"nofollow noopener\" target=\"_blank\">Matt Shakman<\/a> (<strong>Les 4 Fantastiques : Premiers pas<\/strong>) qui s\u2019est retrouv\u00e9 aux commandes, et le projet est m\u00eame <strong>arriv\u00e9 jusqu\u2019au stade de la pr\u00e9-production avant d\u2019\u00eatre laiss\u00e9 \u00e0 l\u2019abandon. <\/strong><\/p>\n<p>D\u2019ailleurs, c\u2019est digne d\u2019un sketch : la Paramount avait annonc\u00e9 en f\u00e9vrier 2022 que tous les acteurs reprenaient leurs r\u00f4les\u2026 avant d\u2019\u00eatre contredite par un article lunaire de The Hollywood Reporter. Selon le m\u00e9dia am\u00e9ricain, aucun membre du casting ne savait qu\u2019il devait revenir. En bref, c\u2019\u00e9tait un immense bordel. Mais cette fois \u00e7a y est, on en a la confirmation : <strong>Star Trek 4<\/strong> <strong>est vraiment abandonn\u00e9.<\/strong><\/p>\n<p><a href=\"https:\/\/www.ecranlarge.com\/content\/uploads\/2025\/07\/oykmuxjmbwloj2jji1swnhok3pz.jpg\" rel=\"nofollow noopener\" target=\"_blank\"><\/p>\n<p><img loading=\"lazy\" decoding=\"async\" alt=\"Star Trek Into Darkness benedict cumberbatch\" src=\"https:\/\/www.europesays.com\/fr\/wp-content\/uploads\/2025\/11\/oykmuxjmbwloj2jji1swnhok3pz-1260x709.jpg\" width=\"1260\" height=\"709\"  \/><\/p>\n<p><\/a>Bizarres les nouveaux portails de Dr StrangeFin de mission capitaine<\/p>\n<p>Variety a r\u00e9cemment publi\u00e9 un tr\u00e8s long article d\u00e9taillant le d\u00e9roul\u00e9 des <strong>100 premiers jours en poste de David Ellison, nouveau PDG de Paramount Skydance<\/strong>. Pour rappel,  le 7 ao\u00fbt 2025, les studios Skydance Media et Paramount Global ont officiellement fusionn\u00e9, devenant ainsi <strong>\u00ab\u00a0Paramount, a Skydance Corporation\u00a0\u00bb<\/strong>.<\/p>\n<p>On y apprend bon nombre d\u2019informations sur de futures suites, mais aussi sur des projets abandonn\u00e9s. Et m\u00eame si \u00e7a ne vient que confirmer ce dont on se doutait d\u00e9j\u00e0, le papier du m\u00e9dia am\u00e9ricain indique qu\u2019<strong>Ellison a fait une croix d\u00e9finitive sur<\/strong> <strong>Star Trek 4<\/strong> :<\/p>\n<blockquote class=\"wp-block-quote is-layout-flow wp-block-quote-is-layout-flow\">\n<p><strong>\u00ab\u00a0[L\u2019objectif est] \u00e9galement de revitaliser certaines franchises. L\u2019espoir est de produire un nouveau film Star Trek, m\u00eame si le studio a renonc\u00e9 \u00e0 l\u2019id\u00e9e de faire revenir Chris Pine, Zachary Quinto et le reste de la distribution du reboot r\u00e9alis\u00e9 par J.J. Abrams.\u00a0\u00bb<\/strong><\/p>\n<\/blockquote>\n<p><a href=\"https:\/\/www.ecranlarge.com\/content\/uploads\/2025\/07\/plnyampci2oneoxv96dekce3tit.jpg\" rel=\"nofollow noopener\" target=\"_blank\"><\/p>\n<p><img loading=\"lazy\" decoding=\"async\" alt=\"Star Trek Into Darkness\" src=\"https:\/\/www.europesays.com\/fr\/wp-content\/uploads\/2025\/11\/plnyampci2oneoxv96dekce3tit-1260x709.jpg\" width=\"1260\" height=\"709\"  \/><\/p>\n<p><\/a>La production du film, all\u00e9gorie<\/p>\n<p>Plus de doute, <strong>c\u2019est donc officiellement un clap de fin pour l\u2019\u00e9quipage du Capitaine Kirk version Chris Pine.<\/strong> Mais c\u2019est probablement pour le mieux, parce qu\u2019aucun bon film n\u2019aurait pu na\u00eetre apr\u00e8s tant d\u2019ann\u00e9es de gal\u00e8re. Ce qu\u2019il faut surtout retenir, c\u2019est que <strong>Star Trek<\/strong> reviendra sur le grand \u00e9cran, et \u00e7a soul\u00e8ve forc\u00e9ment un paquet de questions. Repartiront-ils de z\u00e9ro ? Trouveront-ils d\u2019autres pans de l\u2019histoire de l\u2019Enterprise \u00e0 raconter ?<\/p>\n<p>                    <img decoding=\"async\" alt=\"\" class=\"wp-image-518375\" style=\"object-fit:cover;width:25px;height:25px\" src=\"https:\/\/www.ecranlarge.com\/content\/uploads\/2023\/09\/arrow-right-circle.svg\"\/><\/p>\n<p><strong>Mais tout ceci est de retour au stade embryonnaire<\/strong>, et il va falloir \u00eatre (tr\u00e8s) patients avant d\u2019avoir des nouvelles. En attendant d\u2019en savoir plus, on peut diriger notre regard vers le prochain film de J.J. Abrams, <strong>Ghostwriter<\/strong>, avec Glen Powell, Jenna Ortega, Emma Mackey et Samuel L. Jackson. On ne sait pas grand-chose de l\u2019\u0153uvre, \u00e0 part qu\u2019elle raconte l\u2019histoire d\u2019un jeune couple confront\u00e9 \u00e0 une entit\u00e9 surnaturelle. <strong>Sa sortie est pr\u00e9vue en 2026.<\/strong><\/p>\n","protected":false},"excerpt":{"rendered":"Apr\u00e8s des ann\u00e9es de montagnes russes, Star Trek 4, suite directe de la trilogie lanc\u00e9e par J.J. Abrams,&hellip;\n","protected":false},"author":2,"featured_media":521475,"comment_status":"","ping_status":"","sticky":false,"template":"","format":"standard","meta":{"footnotes":""},"categories":[1354],"tags":[58,59,1346,1011,27,1360],"class_list":{"0":"post-521474","1":"post","2":"type-post","3":"status-publish","4":"format-standard","5":"has-post-thumbnail","7":"category-films","8":"tag-divertissement","9":"tag-entertainment","10":"tag-films","11":"tag-fr","12":"tag-france","13":"tag-movies"},"share_on_mastodon":{"url":"https:\/\/pubeurope.com\/@fr\/115516469050899975","error":""},"_links":{"self":[{"href":"https:\/\/www.europesays.com\/fr\/wp-json\/wp\/v2\/posts\/521474","targetHints":{"allow":["GET"]}}],"collection":[{"href":"https:\/\/www.europesays.com\/fr\/wp-json\/wp\/v2\/posts"}],"about":[{"href":"https:\/\/www.europesays.com\/fr\/wp-json\/wp\/v2\/types\/post"}],"author":[{"embeddable":true,"href":"https:\/\/www.europesays.com\/fr\/wp-json\/wp\/v2\/users\/2"}],"replies":[{"embeddable":true,"href":"https:\/\/www.europesays.com\/fr\/wp-json\/wp\/v2\/comments?post=521474"}],"version-history":[{"count":0,"href":"https:\/\/www.europesays.com\/fr\/wp-json\/wp\/v2\/posts\/521474\/revisions"}],"wp:featuredmedia":[{"embeddable":true,"href":"https:\/\/www.europesays.com\/fr\/wp-json\/wp\/v2\/media\/521475"}],"wp:attachment":[{"href":"https:\/\/www.europesays.com\/fr\/wp-json\/wp\/v2\/media?parent=521474"}],"wp:term":[{"taxonomy":"category","embeddable":true,"href":"https:\/\/www.europesays.com\/fr\/wp-json\/wp\/v2\/categories?post=521474"},{"taxonomy":"post_tag","embeddable":true,"href":"https:\/\/www.europesays.com\/fr\/wp-json\/wp\/v2\/tags?post=521474"}],"curies":[{"name":"wp","href":"https:\/\/api.w.org\/{rel}","templated":true}]}}