{"id":521479,"date":"2025-11-08T22:38:12","date_gmt":"2025-11-08T22:38:12","guid":{"rendered":"https:\/\/www.europesays.com\/fr\/521479\/"},"modified":"2025-11-08T22:38:12","modified_gmt":"2025-11-08T22:38:12","slug":"star-academy-2025-ema-fond-en-larmes-lors-des-repetitions-sa-peur-la-paralyse","status":"publish","type":"post","link":"https:\/\/www.europesays.com\/fr\/521479\/","title":{"rendered":"Star Academy 2025 : Ema fond en larmes lors des r\u00e9p\u00e9titions, sa peur la paralyse"},"content":{"rendered":"<p><strong>Diffus\u00e9e pour la premi\u00e8re fois sur l\u00a0\u00bbantenne de TF1 en<br \/>\n2001<\/strong>. La\u00a0Star Academy\u00a0a connu des d\u00e9buts plut\u00f4t<br \/>\ncompliqu\u00e9s sur la premi\u00e8re cha\u00eene. Cependant, la popularit\u00e9 du<br \/>\nprogramme a progress\u00e9 au fil des semaines. Au final, plus de 11<br \/>\nmillions de t\u00e9l\u00e9spectateurs ont assist\u00e9\u00a0au <a href=\"https:\/\/www.closermag.fr\/tv-tele-realite\/autres-emissions\/il-y-a-14-ans-jenifer-remportait-la-star-academy-1-video-586221\" rel=\"nofollow noopener\" target=\"_blank\"><br \/>\ntriomphe de Jenifer face \u00e0 Mario<\/a>, lors de la finale de la<br \/>\npremi\u00e8re saison.<\/p>\n<p>Par la suite, la Star Academy est devenue <strong>le<br \/>\nt\u00e9l\u00e9-crochet incontournable de TF1 durant les ann\u00e9es 2000<\/strong>.<br \/>\nCe programme a permis \u00e0 de nombreuses stars d&rsquo;\u00e9merger. Comme<br \/>\nNolwenn Leroy, Elodie Fr\u00e9g\u00e9, Sofia Essa\u00efdi. Ou bien encore le<br \/>\nd\u00e9funt Gr\u00e9gory Lemarchal. Supprim\u00e9e en 2008, la Star Academy a<br \/>\nfinalement effectu\u00e9 son retour sur TF1 en 2022. Dans la foul\u00e9e de<br \/>\nson 20e anniversaire, c\u00e9l\u00e9br\u00e9 l&rsquo;ann\u00e9e pr\u00e9c\u00e9dente sur la premi\u00e8re<br \/>\ncha\u00eene.<\/p>\n<p>Star Academy 2025 : Noah a \u00e9t\u00e9 le troisi\u00e8me candidat \u00e9limin\u00e9<br \/>\ncette saison<\/p>\n<p><strong>La direction de TF1 a r\u00e9alis\u00e9 un pari gagnant<\/strong><br \/>\nen relan\u00e7ant une nouvelle saison in\u00e9dite du t\u00e9l\u00e9-crochet en 2022.<br \/>\n\u00c9tant donn\u00e9 que les t\u00e9l\u00e9spectateurs ont r\u00e9pondu pr\u00e9sent. En raison<br \/>\nde ses excellentes audiences en 2023 et 2024, la Star Academy a \u00e9t\u00e9<br \/>\nrenouvel\u00e9e pour une nouvelle \u00e9dition cette ann\u00e9e. Qui fut<br \/>\nofficiellement lanc\u00e9e par <a href=\"https:\/\/www.closermag.fr\/people\/il-peut-revenir-gene-nikos-aliagas-botte-en-touche-apres-une-question-sur-leviction-de-yanis-marshall-3283750\" target=\"_blank\" rel=\"noopener nofollow\" data-mrf-link=\"https:\/\/www.closermag.fr\/people\/il-peut-revenir-gene-nikos-aliagas-botte-en-touche-apres-une-question-sur-leviction-de-yanis-marshall-3283750\"><br \/>\nNikos Aliagas<\/a> le samedi 18 octobre 2025, en prime time sur<br \/>\nTF1.<\/p>\n<p>\u00ab\u00a0Le ch\u00e2teau de la Star Academy rouvre ses portes pour<br \/>\naccueillir la promotion 2025 !\u00a0<strong>Ils ont entre 18 et 25<br \/>\nans.<\/strong> Talentueux, passionn\u00e9s, d\u00e9termin\u00e9s, ils ont d\u00e9croch\u00e9<br \/>\nleur place au ch\u00e2teau de Dammarie-les-Lys. Le compte \u00e0 rebours est<br \/>\nlanc\u00e9&#8230; et le r\u00eave ne fait que commencer !\u00a0\u00bb, avait notamment<br \/>\nindiqu\u00e9 la premi\u00e8re cha\u00eene dans un communiqu\u00e9.<\/p>\n<p>Ema a fond\u00e9 en larmes \u00e0 l&rsquo;id\u00e9e de<br \/>\nchanter sur une plateforme sur\u00e9lev\u00e9e \u00e0 cause de son vertige<\/p>\n<p><strong>\u00ab\u00a0Qui succ\u00e9dera \u00e0 Marine<\/strong>, grande gagnante de<br \/>\nla saison 2024 avec son album d\u00e9j\u00e0 disque d&rsquo;or, et remportera un<br \/>\ncontrat d&rsquo;enregistrement exclusif avec Sony Music Entertainment<br \/>\nFrance, la production d&rsquo;un premier album, ainsi que 100.000 euros<br \/>\n?\u00a0\u00bb, avait ensuite ajout\u00e9 TF1. Vendredi 7 novembre 2025, le<br \/>\nquatri\u00e8me prime de la Star Academy a \u00e9t\u00e9 pr\u00e9sent\u00e9 par Nikos<br \/>\nAliagas. \u00c0 l&rsquo;issue duquel <a href=\"https:\/\/www.telestar.fr\/tele_realite\/star-academy-2025-quel-eleve-a-ete-elimine-ce-7-novembre-1744736\" rel=\"nofollow noopener\" target=\"_blank\"><br \/>\nNoah fut \u00e9limin\u00e9 du programme<\/a>.<\/p>\n<p>Au lendemain de ce prime, les t\u00e9l\u00e9spectateurs ont pu d\u00e9couvrir<br \/>\nles coulisses des r\u00e9p\u00e9titions des acad\u00e9miciens dans la quotidienne<br \/>\ndiffus\u00e9e sur TF1. Contrainte de chanter une plateforme sur\u00e9lev\u00e9e<br \/>\ndurant l&rsquo;\u00e9mission. Ema a fondu en larmes. En fait, la jeune<br \/>\nchanteuse en herbe a \u00e9t\u00e9 <strong>paralys\u00e9e de peur \u00e0 cause de son<br \/>\nvertige.<\/strong> Au final, elle est tout de m\u00eame parvenue d\u00e9passer<br \/>\nsa phobie durant le prime. Pour livrer la meilleure performance<br \/>\npossible devant le public venu l&rsquo;acclamer en plateau.<\/p>\n","protected":false},"excerpt":{"rendered":"Diffus\u00e9e pour la premi\u00e8re fois sur l\u00a0\u00bbantenne de TF1 en 2001. La\u00a0Star Academy\u00a0a connu des d\u00e9buts plut\u00f4t compliqu\u00e9s&hellip;\n","protected":false},"author":2,"featured_media":521480,"comment_status":"","ping_status":"","sticky":false,"template":"","format":"standard","meta":{"footnotes":""},"categories":[8],"tags":[58,59,1011,27,5095],"class_list":{"0":"post-521479","1":"post","2":"type-post","3":"status-publish","4":"format-standard","5":"has-post-thumbnail","7":"category-divertissement","8":"tag-divertissement","9":"tag-entertainment","10":"tag-fr","11":"tag-france","12":"tag-star-academy"},"share_on_mastodon":{"url":"https:\/\/pubeurope.com\/@fr\/115516480182150123","error":""},"_links":{"self":[{"href":"https:\/\/www.europesays.com\/fr\/wp-json\/wp\/v2\/posts\/521479","targetHints":{"allow":["GET"]}}],"collection":[{"href":"https:\/\/www.europesays.com\/fr\/wp-json\/wp\/v2\/posts"}],"about":[{"href":"https:\/\/www.europesays.com\/fr\/wp-json\/wp\/v2\/types\/post"}],"author":[{"embeddable":true,"href":"https:\/\/www.europesays.com\/fr\/wp-json\/wp\/v2\/users\/2"}],"replies":[{"embeddable":true,"href":"https:\/\/www.europesays.com\/fr\/wp-json\/wp\/v2\/comments?post=521479"}],"version-history":[{"count":0,"href":"https:\/\/www.europesays.com\/fr\/wp-json\/wp\/v2\/posts\/521479\/revisions"}],"wp:featuredmedia":[{"embeddable":true,"href":"https:\/\/www.europesays.com\/fr\/wp-json\/wp\/v2\/media\/521480"}],"wp:attachment":[{"href":"https:\/\/www.europesays.com\/fr\/wp-json\/wp\/v2\/media?parent=521479"}],"wp:term":[{"taxonomy":"category","embeddable":true,"href":"https:\/\/www.europesays.com\/fr\/wp-json\/wp\/v2\/categories?post=521479"},{"taxonomy":"post_tag","embeddable":true,"href":"https:\/\/www.europesays.com\/fr\/wp-json\/wp\/v2\/tags?post=521479"}],"curies":[{"name":"wp","href":"https:\/\/api.w.org\/{rel}","templated":true}]}}