{"id":521485,"date":"2025-11-08T22:41:12","date_gmt":"2025-11-08T22:41:12","guid":{"rendered":"https:\/\/www.europesays.com\/fr\/521485\/"},"modified":"2025-11-08T22:41:12","modified_gmt":"2025-11-08T22:41:12","slug":"le-nouveau-president-promet-de-sortir-le-pays-de-20-ans-de-socialisme","status":"publish","type":"post","link":"https:\/\/www.europesays.com\/fr\/521485\/","title":{"rendered":"Le nouveau pr\u00e9sident promet de sortir le pays de \u00ab\u00a020 ans de socialisme\u00a0\u00bb"},"content":{"rendered":"<p>Le nouveau pr\u00e9sident de centre droit, Rodrigo Paz, a pr\u00eat\u00e9 serment samedi en promettant que \u00ab\u00a0plus jamais\u00a0\u00bb la<a href=\"https:\/\/www.20minutes.fr\/dossier\/bolivie\" class=\"c-link c-link--is-underlined\" target=\"_blank\" rel=\"noopener\"> Bolivie<\/a> ne serait \u00ab\u00a0isol\u00e9e\u00a0\u00bb du monde, tournant la page de vingt ans de gouvernements socialistes dans un pays plong\u00e9 dans une grave crise <a href=\"https:\/\/www.20minutes.fr\/economie\/\" class=\"c-link c-link--is-underlined\" target=\"_blank\" rel=\"noopener\">\u00e9conomique<\/a>.<\/p>\n<p>\u00ab\u00a0Plus jamais une Bolivie isol\u00e9e, soumise \u00e0 des id\u00e9ologies d\u00e9pass\u00e9es, et encore moins une Bolivie qui tourne le dos au monde. La Bolivie revient dans le monde, et le monde revient vers la Bolivie\u00a0\u00bb, a-t-il d\u00e9clar\u00e9 apr\u00e8s avoir pr\u00eat\u00e9 serment, en saluant la pr\u00e9sence de plus de 70 d\u00e9l\u00e9gations internationales venues \u00e0 La\u00a0Paz pour la c\u00e9r\u00e9monie d\u2019investiture.<\/p>\n<p>Parmi les principaux dirigeants pr\u00e9sents, le secr\u00e9taire d\u2019\u00c9tat adjoint am\u00e9ricain, Christopher Landau, et les pr\u00e9sidents Gabriel Boric (<a href=\"https:\/\/www.20minutes.fr\/dossier\/chili\" class=\"c-link c-link--is-underlined\" target=\"_blank\" rel=\"noopener\">Chili<\/a>), <a href=\"https:\/\/www.20minutes.fr\/monde\/javier-milei\/\" class=\"c-link c-link--is-underlined\" target=\"_blank\" rel=\"noopener\">Javier Milei<\/a> (Argentine) et Yamand\u00fa Orsi (<a href=\"https:\/\/www.20minutes.fr\/dossier\/uruguay\" class=\"c-link c-link--is-underlined\" target=\"_blank\" rel=\"noopener\">Uruguay<\/a>).<\/p>\n<p>Virage politique majeur<\/p>\n<p>L\u2019\u00e9lection le 19\u00a0octobre de Rodrigo Paz, 58 ans, fils de l\u2019ancien pr\u00e9sident Jaime Paz Zamora (1989-1993), marque un virage politique majeur dans le pays andin. Elle met fin \u00e0 deux d\u00e9cennies de domination du Mouvement vers le socialisme (MAS), dirig\u00e9 pendant 26 ans par l\u2019ancien pr\u00e9sident, Evo Morales, au pouvoir de\u00a02006 \u00e0\u00a02019, puis par son successeur, le pr\u00e9sident sortant Luis Arce.<\/p>\n<p>D\u00e9j\u00e0 avant son investiture, Rodrigo Paz avait annonc\u00e9 son intention d\u2019ouvrir la Bolivie au monde, en r\u00e9tablissant notamment les relations avec les Etats-Unis, rompues depuis\u00a02008 par <a href=\"https:\/\/www.20minutes.fr\/dossier\/evo_morales\" class=\"c-link c-link--is-underlined\" target=\"_blank\" rel=\"noopener\">Evo Morales<\/a>.<\/p>\n<p>L\u2019ancien s\u00e9nateur acc\u00e8de au pouvoir dans un pays qui, sous Morales a pouss\u00e9 tr\u00e8s loin le virage \u00e0 gauche\u00a0: nationalisation des ressources \u00e9nerg\u00e9tiques, alliances avec le <a href=\"https:\/\/www.20minutes.fr\/monde\/venezuela\/\" class=\"c-link c-link--is-underlined\" target=\"_blank\" rel=\"noopener\">Venezuela<\/a> de Hugo Chavez, Cuba, la <a href=\"https:\/\/www.20minutes.fr\/dossier\/chine\" class=\"c-link c-link--is-underlined\" target=\"_blank\" rel=\"noopener\">Chine<\/a>, la Russie ou encore l\u2019Iran.<\/p>\n","protected":false},"excerpt":{"rendered":"Le nouveau pr\u00e9sident de centre droit, Rodrigo Paz, a pr\u00eat\u00e9 serment samedi en promettant que \u00ab\u00a0plus jamais\u00a0\u00bb la&hellip;\n","protected":false},"author":2,"featured_media":521486,"comment_status":"","ping_status":"","sticky":false,"template":"","format":"standard","meta":{"footnotes":""},"categories":[5],"tags":[11,1261,17314,40896,33,1011,27,14,74,12,4484,316,28],"class_list":{"0":"post-521485","1":"post","2":"type-post","3":"status-publish","4":"format-standard","5":"has-post-thumbnail","7":"category-international","8":"tag-actualites","9":"tag-argent","10":"tag-bolivie","11":"tag-chili","12":"tag-economie","13":"tag-fr","14":"tag-france","15":"tag-international","16":"tag-monde","17":"tag-news","18":"tag-parti-socialiste-ps","19":"tag-politique","20":"tag-world"},"share_on_mastodon":{"url":"https:\/\/pubeurope.com\/@fr\/115516491944364435","error":""},"_links":{"self":[{"href":"https:\/\/www.europesays.com\/fr\/wp-json\/wp\/v2\/posts\/521485","targetHints":{"allow":["GET"]}}],"collection":[{"href":"https:\/\/www.europesays.com\/fr\/wp-json\/wp\/v2\/posts"}],"about":[{"href":"https:\/\/www.europesays.com\/fr\/wp-json\/wp\/v2\/types\/post"}],"author":[{"embeddable":true,"href":"https:\/\/www.europesays.com\/fr\/wp-json\/wp\/v2\/users\/2"}],"replies":[{"embeddable":true,"href":"https:\/\/www.europesays.com\/fr\/wp-json\/wp\/v2\/comments?post=521485"}],"version-history":[{"count":0,"href":"https:\/\/www.europesays.com\/fr\/wp-json\/wp\/v2\/posts\/521485\/revisions"}],"wp:featuredmedia":[{"embeddable":true,"href":"https:\/\/www.europesays.com\/fr\/wp-json\/wp\/v2\/media\/521486"}],"wp:attachment":[{"href":"https:\/\/www.europesays.com\/fr\/wp-json\/wp\/v2\/media?parent=521485"}],"wp:term":[{"taxonomy":"category","embeddable":true,"href":"https:\/\/www.europesays.com\/fr\/wp-json\/wp\/v2\/categories?post=521485"},{"taxonomy":"post_tag","embeddable":true,"href":"https:\/\/www.europesays.com\/fr\/wp-json\/wp\/v2\/tags?post=521485"}],"curies":[{"name":"wp","href":"https:\/\/api.w.org\/{rel}","templated":true}]}}