{"id":521487,"date":"2025-11-08T22:42:11","date_gmt":"2025-11-08T22:42:11","guid":{"rendered":"https:\/\/www.europesays.com\/fr\/521487\/"},"modified":"2025-11-08T22:42:11","modified_gmt":"2025-11-08T22:42:11","slug":"cinq-personnes-mises-en-examen-dont-quatre-ecrouees","status":"publish","type":"post","link":"https:\/\/www.europesays.com\/fr\/521487\/","title":{"rendered":"cinq personnes mises en examen dont quatre \u00e9crou\u00e9es"},"content":{"rendered":"<p>C&rsquo;est une \u00e9tape importante qui pourrait avoir \u00e9t\u00e9 franchie dans le cadre de l&rsquo;enqu\u00eate sur le meurtre d&rsquo;un ressortissant suisse \u00e2g\u00e9 d&rsquo;une soixantaine d&rsquo;ann\u00e9es, dont le corps avait \u00e9t\u00e9 retrouv\u00e9 \u00e0 Borgo, sur une plage du lido de la Marana, le 29 septembre dernier.<\/p>\n<p>Ce vendredi 7 novembre, cinq personnes ont \u00e9t\u00e9 mises en examen par un juge d&rsquo;instruction du tribunal judiciaire de Bastia.<\/p>\n<p>Trois hommes et une femme ont \u00e9t\u00e9 plac\u00e9s en d\u00e9tention provisoire, tandis qu&rsquo;une autre femme fait l&rsquo;objet d&rsquo;un contr\u00f4le judiciaire. Une information confirm\u00e9e par Jean-Philippe Navarre, le procureur de la R\u00e9publique de Bastia.<\/p>\n<p>L&rsquo;un des mis en cause nie \u00ab\u00a0fermement\u00a0\u00bb les faits qui lui sont reproch\u00e9s\u00a0<\/p>\n<p>Dans cette affaire, Maxime Andrei est l&rsquo;un des deux hommes mis en examen pour meurtre. \u00ab\u00a0Si nous ne pouvons que d\u00e9plorer le d\u00e9c\u00e8s d&rsquo;un homme, rien ne permet de caract\u00e9riser une intention homicide et donc de retenir la qualification de meurtre dans ce dossier\u00a0\u00bb, tient \u00e0 souligner Me Francesca Seatelli, son avocate.\u00a0<\/p>\n<p>Mathis Gras a \u00e9galement \u00e9t\u00e9 mis en examen pour meurtre. Malgr\u00e9 nos efforts pour le contacter, son conseil n&rsquo;a pu, pour l&rsquo;heure, \u00eatre joint.\u00a0<\/p>\n<p>Cidji Vela est pour sa part mise en examen pour complicit\u00e9 de meurtre. Me Benjamin Genuini, en charge de sa d\u00e9fense, pr\u00e9cise que celle-ci conteste les faits qui lui sont reproch\u00e9s. \u00ab\u00a0Ma cliente nie fermement \u00eatre complice d&rsquo;un meurtre, et conteste toute responsabilit\u00e9 concernant la mort de cet homme\u00a0\u00bb, fait-il savoir.\u00a0<\/p>\n<p>Antony Chillon est \u00e9galement mis en examen pour complicit\u00e9 de meurtre. Son avocat n&rsquo;a pu \u00eatre contact\u00e9.<\/p>\n<p>Enfin, \u00c9lisa Malicet est, pour l&rsquo;heure, la seule personne mise en cause \u00e0 ne pas \u00eatre incarc\u00e9r\u00e9e. Elle a \u00e9t\u00e9 mise en examen pour non-assistance \u00e0 personne en danger et non d\u00e9nonciation de crime, et a \u00e9t\u00e9 plac\u00e9e sous contr\u00f4le judiciaire. Me Emmanuelle Dupre Casta, son avocate, \u00ab\u00a0confirme les deux chefs de pr\u00e9vention\u00a0\u00bb, mais n&rsquo;a pas souhait\u00e9 faire davantage de commentaires \u00e0 ce stade.\u00a0<\/p>\n<p>Une sixi\u00e8me personne doit \u00eatre d\u00e9f\u00e9r\u00e9e ce lundi 10 novembre\u00a0<\/p>\n<p>Une sixi\u00e8me personne a \u00e9galement \u00e9t\u00e9 entendue cette semaine en r\u00e9gion parisienne. \u00ab\u00a0Elle fait l&rsquo;objet de l&rsquo;ex\u00e9cution d&rsquo;un mandat d&rsquo;amener dans la perspective de son d\u00e9f\u00e8rement ce lundi 10 novembre\u00a0\u00bb, indique le chef du parquet de Haute-Corse.<\/p>\n<p>Tous ces actes proc\u00e9duraux interviennent dans le cadre d&rsquo;une information judiciaire ouverte principalement pour meurtre.\u00a0Joint par Corse-Matin quelques jours apr\u00e8s le d\u00e9but de l&rsquo;instruction, le procureur de la R\u00e9publique de Bastia avait d\u00e9clar\u00e9 \u00ab\u00a0qu&rsquo;au regard des premiers \u00e9l\u00e9ments m\u00e9dico-l\u00e9gaux, qui semblent indiquer que la mort de la victime est cons\u00e9cutive de plusieurs blessures caus\u00e9es par des coups, une information judiciaire a \u00e9t\u00e9 ouverte du chef de meurtre.\u00a0\u00bb<\/p>\n","protected":false},"excerpt":{"rendered":"C&rsquo;est une \u00e9tape importante qui pourrait avoir \u00e9t\u00e9 franchie dans le cadre de l&rsquo;enqu\u00eate sur le meurtre d&rsquo;un&hellip;\n","protected":false},"author":2,"featured_media":521488,"comment_status":"","ping_status":"","sticky":false,"template":"","format":"standard","meta":{"footnotes":""},"categories":[4],"tags":[17,11,64223,1102,3216,274,1011,27,777,12,3744,15656,25,3356,96],"class_list":{"0":"post-521487","1":"post","2":"type-post","3":"status-publish","4":"format-standard","5":"has-post-thumbnail","7":"category-france","8":"tag-17","9":"tag-actualites","10":"tag-borgo","11":"tag-breakingnews","12":"tag-cinq","13":"tag-faits-divers-justice","14":"tag-fr","15":"tag-france","16":"tag-meurtre","17":"tag-news","18":"tag-personnes","19":"tag-plage","20":"tag-republique-francaise","21":"tag-sur","22":"tag-une"},"share_on_mastodon":{"url":"https:\/\/pubeurope.com\/@fr\/115516495947757469","error":""},"_links":{"self":[{"href":"https:\/\/www.europesays.com\/fr\/wp-json\/wp\/v2\/posts\/521487","targetHints":{"allow":["GET"]}}],"collection":[{"href":"https:\/\/www.europesays.com\/fr\/wp-json\/wp\/v2\/posts"}],"about":[{"href":"https:\/\/www.europesays.com\/fr\/wp-json\/wp\/v2\/types\/post"}],"author":[{"embeddable":true,"href":"https:\/\/www.europesays.com\/fr\/wp-json\/wp\/v2\/users\/2"}],"replies":[{"embeddable":true,"href":"https:\/\/www.europesays.com\/fr\/wp-json\/wp\/v2\/comments?post=521487"}],"version-history":[{"count":0,"href":"https:\/\/www.europesays.com\/fr\/wp-json\/wp\/v2\/posts\/521487\/revisions"}],"wp:featuredmedia":[{"embeddable":true,"href":"https:\/\/www.europesays.com\/fr\/wp-json\/wp\/v2\/media\/521488"}],"wp:attachment":[{"href":"https:\/\/www.europesays.com\/fr\/wp-json\/wp\/v2\/media?parent=521487"}],"wp:term":[{"taxonomy":"category","embeddable":true,"href":"https:\/\/www.europesays.com\/fr\/wp-json\/wp\/v2\/categories?post=521487"},{"taxonomy":"post_tag","embeddable":true,"href":"https:\/\/www.europesays.com\/fr\/wp-json\/wp\/v2\/tags?post=521487"}],"curies":[{"name":"wp","href":"https:\/\/api.w.org\/{rel}","templated":true}]}}