{"id":521501,"date":"2025-11-08T22:53:20","date_gmt":"2025-11-08T22:53:20","guid":{"rendered":"https:\/\/www.europesays.com\/fr\/521501\/"},"modified":"2025-11-08T22:53:20","modified_gmt":"2025-11-08T22:53:20","slug":"ball-ligue-feminine-charnay-demarre-trop-mal-pour-esperer-face-a-lattes-montpellier","status":"publish","type":"post","link":"https:\/\/www.europesays.com\/fr\/521501\/","title":{"rendered":"ball &#8211; Ligue f\u00e9minine. Charnay d\u00e9marre trop mal pour esp\u00e9rer face \u00e0 Lattes\/Montpellier"},"content":{"rendered":"<p>Charnay-Montpellier<\/p>\n<p>50-68<\/p>\n<p>Course \u00e0 handicap. Voil\u00e0 dans quoi se lancent les Pinkies samedi soir, au Maurice-Chevalier. Pourquoi\u00a0? Parce que les filles de coach St\u00e9phane Leite sont totalement domin\u00e9es en d\u00e9but de rencontre. Ce qui donne un d\u00e9ficit de 20\u00a0points \u00e0 remonter \u00e0 l\u2019issue du premier quart-temps (11-31).<\/p>\n<p>Ce n\u2019est pas tant l\u2019aridit\u00e9 offensive qui d\u00e9range. Et qui peut arriver. En revanche, les duels perdus se multiplient. \u00ab\u00a0Il va falloir d\u00e9fendre un peu\u00a0\u00bb, lance St\u00e9phane Leite \u00e0 Stella Colas, Nukiya Mayo et Binta Dram\u00e9, qui s\u2019appr\u00eatent \u00e0 entrer&#8230;<\/p>\n","protected":false},"excerpt":{"rendered":"Charnay-Montpellier 50-68 Course \u00e0 handicap. Voil\u00e0 dans quoi se lancent les Pinkies samedi soir, au Maurice-Chevalier. Pourquoi\u00a0? Parce&hellip;\n","protected":false},"author":2,"featured_media":521502,"comment_status":"","ping_status":"","sticky":false,"template":"","format":"standard","meta":{"footnotes":""},"categories":[9599],"tags":[1111,11,1791,8448,3718,1777,674,107,1011,27,5981,2208,12,2680,25,517],"class_list":{"0":"post-521501","1":"post","2":"type-post","3":"status-publish","4":"format-standard","5":"has-post-thumbnail","7":"category-montpellier","8":"tag-actu","9":"tag-actualites","10":"tag-basket-ball","11":"tag-charnay-les-macon","12":"tag-edition-macon","13":"tag-eu","14":"tag-europe","15":"tag-fil-info","16":"tag-fr","17":"tag-france","18":"tag-macon-bassin","19":"tag-montpellier","20":"tag-news","21":"tag-occitanie","22":"tag-republique-francaise","23":"tag-sport"},"share_on_mastodon":{"url":"https:\/\/pubeurope.com\/@fr\/115516539098205697","error":""},"_links":{"self":[{"href":"https:\/\/www.europesays.com\/fr\/wp-json\/wp\/v2\/posts\/521501","targetHints":{"allow":["GET"]}}],"collection":[{"href":"https:\/\/www.europesays.com\/fr\/wp-json\/wp\/v2\/posts"}],"about":[{"href":"https:\/\/www.europesays.com\/fr\/wp-json\/wp\/v2\/types\/post"}],"author":[{"embeddable":true,"href":"https:\/\/www.europesays.com\/fr\/wp-json\/wp\/v2\/users\/2"}],"replies":[{"embeddable":true,"href":"https:\/\/www.europesays.com\/fr\/wp-json\/wp\/v2\/comments?post=521501"}],"version-history":[{"count":0,"href":"https:\/\/www.europesays.com\/fr\/wp-json\/wp\/v2\/posts\/521501\/revisions"}],"wp:featuredmedia":[{"embeddable":true,"href":"https:\/\/www.europesays.com\/fr\/wp-json\/wp\/v2\/media\/521502"}],"wp:attachment":[{"href":"https:\/\/www.europesays.com\/fr\/wp-json\/wp\/v2\/media?parent=521501"}],"wp:term":[{"taxonomy":"category","embeddable":true,"href":"https:\/\/www.europesays.com\/fr\/wp-json\/wp\/v2\/categories?post=521501"},{"taxonomy":"post_tag","embeddable":true,"href":"https:\/\/www.europesays.com\/fr\/wp-json\/wp\/v2\/tags?post=521501"}],"curies":[{"name":"wp","href":"https:\/\/api.w.org\/{rel}","templated":true}]}}