{"id":521503,"date":"2025-11-08T22:55:11","date_gmt":"2025-11-08T22:55:11","guid":{"rendered":"https:\/\/www.europesays.com\/fr\/521503\/"},"modified":"2025-11-08T22:55:11","modified_gmt":"2025-11-08T22:55:11","slug":"n1f-lentente-bro-leon-voit-rouge-contre-rouen","status":"publish","type":"post","link":"https:\/\/www.europesays.com\/fr\/521503\/","title":{"rendered":"N1F\u00a0: l\u2019Entente Bro L\u00e9on voit rouge contre Rouen"},"content":{"rendered":"<p>N1F. Entente Bro L\u00e9on &#8211; Rouen HB\u00a0: 24-36<\/p>\n<p><a href=\"https:\/\/www.letelegramme.fr\/sports\/handball\/n1f-lheure-de-la-bascule-pour-lentente-bro-leon-ce-week-end-face-a-rouen-6924432.php\" rel=\"nofollow noopener\" target=\"_blank\">En qu\u00eate de sa troisi\u00e8me victoire<\/a>, l\u2019Entente Bro L\u00e9on accueillait Rouen, ce samedi soir, \u00e0 Landivisiau. Apr\u00e8s quelques actions cordiales, Rouen musclait son jeu, tant en attaque qu\u2019en d\u00e9fense. L\u2019EBL encaissait les chocs et voyait trois de ses joueuses, Derrien, Guillou et Lando, sortir coup sur coup lors d\u2019un premier quart d\u2019heure mitig\u00e9 (3-8, 16&prime;).<\/p>\n<p>Les locales rencontraient des difficult\u00e9s dans l\u2019application de leur tactique et peinaient \u00e0 rendre les coups. Celles-ci tiraient \u00e0 plusieurs reprises sur la gardienne de Rouen, engendrant un \u00e9chec au tir qui, \u00e0 terme, pouvait co\u00fbter cher (6-13, 22&prime;). Sans r\u00e9veil av\u00e9r\u00e9, l\u2019Entente voyait les Normandes creuser un \u00e9cart inqui\u00e9tant avant la pause (9-19, 30&prime;).<\/p>\n<p>Les exclusions pleuvent<\/p>\n<p>Dans ses buts, Alyssa Le Coat redonnait de l\u2019espoir \u00e0 ses troupes en r\u00e9alisant une s\u00e9rie d\u2019arr\u00eats bienvenue. Malgr\u00e9 cela, Rouen ne perdait pas le nord et maintenait sa pression (14-25, 43&prime;). M\u00eame si les exclusions pleuvaient chez les visiteuses, l\u2019EBL ne parvenait pas \u00e0 inverser le rapport de force (18-31, 51&prime;). Les L\u00e9onardes se contentaient de contenir un \u00e9chec qui s\u2019annon\u00e7ait douloureux. Absente en premi\u00e8re p\u00e9riode, l\u2019Entente soldait les d\u00e9bats sur une d\u00e9faite logique.<\/p>\n<p>Harri Meena, l\u2019entra\u00eeneur l\u00e9onard, exprimait sa \u00ab\u00a0d\u00e9ception avec ces douze buts d\u2019\u00e9cart. Je pense qu\u2019on aurait pu faire mieux m\u00eame si la qualit\u00e9 de l\u2019adversaire est \u00e0 noter\u00a0\u00bb. Malgr\u00e9 \u00ab\u00a0plusieurs options essay\u00e9es, nous avons altern\u00e9 le bon et le moins bon. Rouen est arriv\u00e9 ici en ne nous sous-estimant pas\u00a0\u00bb, analysait le coach avant de faire le constat que \u00ab\u00a0nous avons encore une \u00e9quipe jeune et on peut manquer d\u2019agressivit\u00e9 par moments. Nous n\u2019avons pas \u00e9t\u00e9 capables de tourner la vis alors que la profondeur de banc de Rouen \u00e9tait clairement l\u00e0\u00a0\u00bb.<\/p>\n<p>La fiche technique<\/p>\n<p class=\"tech\"><strong class=\"tech\">Arbitres\u00a0: <\/strong>M. Almeida et M. Le Tiec.<\/p>\n<p class=\"tech\"><strong class=\"tech\">EBL\u00a0: <\/strong>Maz\u00e9 (4 arr\u00eats), Le Coat (6 arr\u00eats + 1 but), Caroff (1 but), Rou\u00e9 (2), Bouvier (1), Derrien (9), Gu\u00e9na (1), Le Mestre, Guillou (2), Lando, Moal, Auguste-Ehleuther (1), Urien (2), Gery (4). Huit minutes d\u2019exclusions temporaires.<\/p>\n<p class=\"tech\"><strong class=\"tech\">Rouen\u00a0: <\/strong>Mora (8 arr\u00eats), Debordeaux (6), Bologne (2 buts), Yelles (1), Hodost (4), Leborgne, Mariniello (2), Nilsen (4), Romero (4), Bruneau (2), Clayton (9), Gillet (5). Quatorze minutes d\u2019exclusions temporaires.<\/p>\n","protected":false},"excerpt":{"rendered":"N1F. Entente Bro L\u00e9on &#8211; Rouen HB\u00a0: 24-36 En qu\u00eate de sa troisi\u00e8me victoire, l\u2019Entente Bro L\u00e9on accueillait&hellip;\n","protected":false},"author":2,"featured_media":521504,"comment_status":"","ping_status":"","sticky":false,"template":"","format":"standard","meta":{"footnotes":""},"categories":[9587],"tags":[1111,11,1777,674,1011,27,1792,6821,12,5161,25,9590,60],"class_list":{"0":"post-521503","1":"post","2":"type-post","3":"status-publish","4":"format-standard","5":"has-post-thumbnail","7":"category-rouen","8":"tag-actu","9":"tag-actualites","10":"tag-eu","11":"tag-europe","12":"tag-fr","13":"tag-france","14":"tag-handball","15":"tag-landivisiau","16":"tag-news","17":"tag-normandie","18":"tag-republique-francaise","19":"tag-rouen","20":"tag-sports"},"share_on_mastodon":{"url":"https:\/\/pubeurope.com\/@fr\/115516546990484001","error":""},"_links":{"self":[{"href":"https:\/\/www.europesays.com\/fr\/wp-json\/wp\/v2\/posts\/521503","targetHints":{"allow":["GET"]}}],"collection":[{"href":"https:\/\/www.europesays.com\/fr\/wp-json\/wp\/v2\/posts"}],"about":[{"href":"https:\/\/www.europesays.com\/fr\/wp-json\/wp\/v2\/types\/post"}],"author":[{"embeddable":true,"href":"https:\/\/www.europesays.com\/fr\/wp-json\/wp\/v2\/users\/2"}],"replies":[{"embeddable":true,"href":"https:\/\/www.europesays.com\/fr\/wp-json\/wp\/v2\/comments?post=521503"}],"version-history":[{"count":0,"href":"https:\/\/www.europesays.com\/fr\/wp-json\/wp\/v2\/posts\/521503\/revisions"}],"wp:featuredmedia":[{"embeddable":true,"href":"https:\/\/www.europesays.com\/fr\/wp-json\/wp\/v2\/media\/521504"}],"wp:attachment":[{"href":"https:\/\/www.europesays.com\/fr\/wp-json\/wp\/v2\/media?parent=521503"}],"wp:term":[{"taxonomy":"category","embeddable":true,"href":"https:\/\/www.europesays.com\/fr\/wp-json\/wp\/v2\/categories?post=521503"},{"taxonomy":"post_tag","embeddable":true,"href":"https:\/\/www.europesays.com\/fr\/wp-json\/wp\/v2\/tags?post=521503"}],"curies":[{"name":"wp","href":"https:\/\/api.w.org\/{rel}","templated":true}]}}