{"id":521510,"date":"2025-11-08T23:01:14","date_gmt":"2025-11-08T23:01:14","guid":{"rendered":"https:\/\/www.europesays.com\/fr\/521510\/"},"modified":"2025-11-08T23:01:14","modified_gmt":"2025-11-08T23:01:14","slug":"les-rencontres-insolites-du-petit-prince-imaginees-par-les-artistes-libres-dalsace","status":"publish","type":"post","link":"https:\/\/www.europesays.com\/fr\/521510\/","title":{"rendered":"les rencontres insolites du Petit Prince imagin\u00e9es par les Artistes libres d\u2019Alsace"},"content":{"rendered":"<p>Ils f\u00eateront leur 40e anniversaire en 2027, mais n\u2019ont pas attendu ce compte rond pour se renouveler et sortir de leur zone de confort.<\/p>\n<p>Au Pavillon Jos\u00e9phine, ce week-end, <a href=\"https:\/\/www.dna.fr\/culture-loisirs\/2025\/05\/03\/le-petit-prince-reinvente-par-les-artistes-libres-d-alsace\" target=\"_blank\" rel=\"nofollow noopener\">les Artistes libres d\u2019Alsace<\/a> pr\u00e9sentent un bel \u00e9chantillon de leurs r\u00e9cents travaux. Mais aussi \u2013 surtout \u2014 leur tout premier ouvrage auto\u00e9dit\u00e9 (vendu 20\u00a0\u20ac) regroupant textes et illustrations inspir\u00e9s du livre embl\u00e9matique d\u2019Antoine de Saint-Exup\u00e9ry.<\/p>\n<p>  Un ours polaire, une cigogne, le <a href=\"https:\/\/www.dna.fr\/p\/mime-marceau\" target=\"_blank\" rel=\"nofollow noopener\">mime Marceau<\/a>&#8230;<\/p>\n<p>Pour Les rencontres du Petit Prince , les membres de l\u2019association (une cinquantaine \u00e0 ce jour) ont \u00e9t\u00e9 invit\u00e9s \u00e0 \u00e9crire dans un premier temps \u00ab\u00a0des historiettes imaginant les rencontres que le Petit Prince aurait pu faire entre le moment o\u00f9 il quitte l\u2019ast\u00e9ro\u00efde B612 et celui o\u00f9 il arrive au pied de l\u2019avion de Saint-Exup\u00e9ry\u00a0\u00bb, r\u00e9sume Gilbert Schlewer, le vice-pr\u00e9sident de l\u2019association.<\/p>\n<p>Les 28 textes sortis de leur imagination ont ensuite donn\u00e9 lieu \u00e0 une quarantaine d\u2019illustrations, reproduites dans le livre et dont les originaux sont expos\u00e9s encore ce dimanche dans le hall du Pavillon Jos\u00e9phine.<\/p>\n<p>Sur les cimaises, le Petit Prince croise ainsi tour \u00e0 tour la route du Dala\u00ef-Lama, d\u2019un ange ou du <a href=\"https:\/\/www.dna.fr\/culture-loisirs\/2023\/03\/18\/mime-marceau-l-enfant-d-alsace-devenu-star-planetaire\" target=\"_blank\" rel=\"nofollow noopener\">mime Marceau<\/a> \u00a0; rencontre ici un dragon, l\u00e0 un ours polaire, une cigogne ou un gorfou dor\u00e9\u00a0; se perd au pied d\u2019un s\u00e9quoia g\u00e9ant ou des jardins de Claude Monet \u00e0 Giverny. Pastels, huiles, bois stri\u00e9, perles de papier, ou mappemonde \u00e0 base de papier m\u00e2ch\u00e9 (l\u2019occasion de recycler opportun\u00e9ment ses exemplaires des DNA )\u00a0; les techniques utilis\u00e9es sont aussi vari\u00e9es que les types de rencontres\u00a0!<\/p>\n<p>\u00c0 noter qu\u2019apr\u00e8s le Pavillon Jos\u00e9phine, une version augment\u00e9e des \u0153uvres li\u00e9es aux Rencontres du Petit Prince sera expos\u00e9e au Ciarus, au 7, rue Finkmatt, du 25\u00a0novembre au 15\u00a0janvier.<\/p>\n<p class=\"note\">L\u2019exposition des Artistes libres d\u2019Alsace se poursuit ce dimanche 9\u00a0novembre de 10\u00a0h \u00e0 18\u00a0h au Pavillon Jos\u00e9phine, parc de l\u2019Orangerie \u00e0 Strasbourg. Entr\u00e9e libre.<\/p>\n","protected":false},"excerpt":{"rendered":"Ils f\u00eateront leur 40e anniversaire en 2027, mais n\u2019ont pas attendu ce compte rond pour se renouveler et&hellip;\n","protected":false},"author":2,"featured_media":521511,"comment_status":"","ping_status":"","sticky":false,"template":"","format":"standard","meta":{"footnotes":""},"categories":[2820],"tags":[1111,11,1687,2880,1777,674,2271,107,1011,27,775,12,25,640,2879],"class_list":{"0":"post-521510","1":"post","2":"type-post","3":"status-publish","4":"format-standard","5":"has-post-thumbnail","7":"category-strasbourg","8":"tag-actu","9":"tag-actualites","10":"tag-culture-loisirs","11":"tag-edition-strasbourg","12":"tag-eu","13":"tag-europe","14":"tag-exposition-arts-plastiques","15":"tag-fil-info","16":"tag-fr","17":"tag-france","18":"tag-grand-est","19":"tag-news","20":"tag-republique-francaise","21":"tag-strasbourg","22":"tag-strasbourg-ville"},"share_on_mastodon":{"url":"https:\/\/pubeurope.com\/@fr\/115516570662619231","error":""},"_links":{"self":[{"href":"https:\/\/www.europesays.com\/fr\/wp-json\/wp\/v2\/posts\/521510","targetHints":{"allow":["GET"]}}],"collection":[{"href":"https:\/\/www.europesays.com\/fr\/wp-json\/wp\/v2\/posts"}],"about":[{"href":"https:\/\/www.europesays.com\/fr\/wp-json\/wp\/v2\/types\/post"}],"author":[{"embeddable":true,"href":"https:\/\/www.europesays.com\/fr\/wp-json\/wp\/v2\/users\/2"}],"replies":[{"embeddable":true,"href":"https:\/\/www.europesays.com\/fr\/wp-json\/wp\/v2\/comments?post=521510"}],"version-history":[{"count":0,"href":"https:\/\/www.europesays.com\/fr\/wp-json\/wp\/v2\/posts\/521510\/revisions"}],"wp:featuredmedia":[{"embeddable":true,"href":"https:\/\/www.europesays.com\/fr\/wp-json\/wp\/v2\/media\/521511"}],"wp:attachment":[{"href":"https:\/\/www.europesays.com\/fr\/wp-json\/wp\/v2\/media?parent=521510"}],"wp:term":[{"taxonomy":"category","embeddable":true,"href":"https:\/\/www.europesays.com\/fr\/wp-json\/wp\/v2\/categories?post=521510"},{"taxonomy":"post_tag","embeddable":true,"href":"https:\/\/www.europesays.com\/fr\/wp-json\/wp\/v2\/tags?post=521510"}],"curies":[{"name":"wp","href":"https:\/\/api.w.org\/{rel}","templated":true}]}}