{"id":521512,"date":"2025-11-08T23:02:13","date_gmt":"2025-11-08T23:02:13","guid":{"rendered":"https:\/\/www.europesays.com\/fr\/521512\/"},"modified":"2025-11-08T23:02:13","modified_gmt":"2025-11-08T23:02:13","slug":"premiere-league-la-rencontre-entre-strasbourg-et-lasse-arretee-a-cause-du-brouillard","status":"publish","type":"post","link":"https:\/\/www.europesays.com\/fr\/521512\/","title":{"rendered":"Premi\u00e8re League. La rencontre entre Strasbourg et\u00a0l&rsquo;ASSE arr\u00eat\u00e9e \u00e0 cause du brouillard"},"content":{"rendered":"<p>Ce contenu est bloqu\u00e9 car vous n&rsquo;avez pas accept\u00e9 les cookies et autres traceurs.<\/p>\n<p>En cliquant sur \u00ab J\u2019accepte \u00bb, les cookies et autres traceurs seront d\u00e9pos\u00e9s et vous pourrez visualiser les contenus  (<a href=\"\" class=\"consentModule_policy\" target=\"_blank\" title=\"Consulter la politique de protection des donn\u00e9es du fournisseur\">plus d&rsquo;informations<\/a>).<\/p>\n<p>En cliquant sur \u00ab J\u2019accepte tous les cookies \u00bb, vous autorisez des d\u00e9p\u00f4ts de cookies et autres traceurs pour le stockage de vos donn\u00e9es sur nos sites et applications \u00e0 des fins de personnalisation et de ciblage publicitaire.<\/p>\n<p class=\"consentModule_secondaryText\">Vous gardez la possibilit\u00e9 de retirer votre consentement \u00e0 tout moment en consultant notre <a href=\"https:\/\/www.ledauphine.com\/protection-des-donnees\" target=\"_blank\" title=\"Consulter notre politique de protection des donn\u00e9es\" rel=\"noopener\">politique de protection des donn\u00e9es<\/a>. <br \/>&#13;<br \/>\n            <a href=\"https:\/\/www.ledauphine.com\/sport\/2025\/11\/08\/javascript:Didomi.notice.show()\" class=\"consentModule_cmp\" target=\"_blank\" rel=\"noopener\">G\u00e9rer mes choix<\/a>&#13;\n        <\/p>\n<p>&#13;<br \/>\n                        J&rsquo;accepte&#13;<br \/>\n            J&rsquo;accepte tous les cookies&#13;\n        <\/p>\n<p>On jouait alors la 35e minute de jeu lorsque l&rsquo;arbitre de la rencontre entre Strasbourg et l&rsquo;AS Saint-\u00c9tienne a d\u00e9cid\u00e9 d&rsquo;interrompre le jeu. En cause, un brouillard trop \u00e9pais alterant la visibilit\u00e9.<\/p>\n<p><strong><a href=\"https:\/\/www.ledauphine.com\/sport\/calendrier-resultats\/football\/national-premiere-ligue-(f)\" target=\"_blank\" rel=\"noopener\">&gt;&gt; Le classement, les r\u00e9sultats et le calendrier de Premi\u00e8re Ligue<\/a><\/strong><\/p>\n<p>Au moment o\u00f9 l&rsquo;officiel a stopp\u00e9 la partie, les\u00a0Alsaciennes menaient (1-0) gr\u00e2ce \u00e0 une r\u00e9alisation de Hannequin sur penalty (5e). Cependant, les Strasbourgeoises ont \u00e9cop\u00e9 d&rsquo;un carton rouge juste (Aigbogun, deux cartons jaunes) avant l&rsquo;interruption.\u00a0<\/p>\n<p>La rencontre doit \u00eatre reprogramm\u00e9e et pourrait reprendre ce dimanche.<\/p>\n","protected":false},"excerpt":{"rendered":"Ce contenu est bloqu\u00e9 car vous n&rsquo;avez pas accept\u00e9 les cookies et autres traceurs. En cliquant sur \u00ab&hellip;\n","protected":false},"author":2,"featured_media":521513,"comment_status":"","ping_status":"","sticky":false,"template":"","format":"standard","meta":{"footnotes":""},"categories":[2820],"tags":[1111,11,9443,1777,674,1701,63,1011,27,775,3367,8423,12,25,517,1947,640],"class_list":{"0":"post-521512","1":"post","2":"type-post","3":"status-publish","4":"format-standard","5":"has-post-thumbnail","7":"category-strasbourg","8":"tag-actu","9":"tag-actualites","10":"tag-asse-as-saint-etienne","11":"tag-eu","12":"tag-europe","13":"tag-fil-info-sport","14":"tag-football","15":"tag-fr","16":"tag-france","17":"tag-grand-est","18":"tag-loire","19":"tag-meteorologie-climat","20":"tag-news","21":"tag-republique-francaise","22":"tag-sport","23":"tag-sport-national","24":"tag-strasbourg"},"share_on_mastodon":{"url":"https:\/\/pubeurope.com\/@fr\/115516574465324774","error":""},"_links":{"self":[{"href":"https:\/\/www.europesays.com\/fr\/wp-json\/wp\/v2\/posts\/521512","targetHints":{"allow":["GET"]}}],"collection":[{"href":"https:\/\/www.europesays.com\/fr\/wp-json\/wp\/v2\/posts"}],"about":[{"href":"https:\/\/www.europesays.com\/fr\/wp-json\/wp\/v2\/types\/post"}],"author":[{"embeddable":true,"href":"https:\/\/www.europesays.com\/fr\/wp-json\/wp\/v2\/users\/2"}],"replies":[{"embeddable":true,"href":"https:\/\/www.europesays.com\/fr\/wp-json\/wp\/v2\/comments?post=521512"}],"version-history":[{"count":0,"href":"https:\/\/www.europesays.com\/fr\/wp-json\/wp\/v2\/posts\/521512\/revisions"}],"wp:featuredmedia":[{"embeddable":true,"href":"https:\/\/www.europesays.com\/fr\/wp-json\/wp\/v2\/media\/521513"}],"wp:attachment":[{"href":"https:\/\/www.europesays.com\/fr\/wp-json\/wp\/v2\/media?parent=521512"}],"wp:term":[{"taxonomy":"category","embeddable":true,"href":"https:\/\/www.europesays.com\/fr\/wp-json\/wp\/v2\/categories?post=521512"},{"taxonomy":"post_tag","embeddable":true,"href":"https:\/\/www.europesays.com\/fr\/wp-json\/wp\/v2\/tags?post=521512"}],"curies":[{"name":"wp","href":"https:\/\/api.w.org\/{rel}","templated":true}]}}