{"id":521514,"date":"2025-11-08T23:04:24","date_gmt":"2025-11-08T23:04:24","guid":{"rendered":"https:\/\/www.europesays.com\/fr\/521514\/"},"modified":"2025-11-08T23:04:24","modified_gmt":"2025-11-08T23:04:24","slug":"le-groupe-du-fc-metz-face-a-nice","status":"publish","type":"post","link":"https:\/\/www.europesays.com\/fr\/521514\/","title":{"rendered":"le groupe du FC Metz face \u00e0 Nice"},"content":{"rendered":"<p class=\"insetTitle\">Le groupe messin<\/p>\n<p><strong>Gardiens<\/strong>\u00a0: Jonathan Fischer, Ousmane Ba.<\/p>\n<p><strong>D\u00e9fenseurs\u00a0<\/strong>: Maxime Colin, Koffi Kouao, Jean-Philippe Gbamin, Terry Yegbe, Sadibou San\u00e9, Cl\u00e9o M\u00e9li\u00e8res.<\/p>\n<p><strong>Milieux\u00a0<\/strong>: Alpha Tour\u00e9, Jessy Deminguet, Benjamin Stambouli, Boubacar Traor\u00e9, Gauthier Hein, Giorgi Tsitaishvili, Isma\u00ebl Guerti.<\/p>\n<p><strong>Attaquants\u00a0<\/strong>: Habib Diallo, Cheikh Sabaly, Morgan Bokele, Joel Asoro, Giorgi Abuashvili, Ibou San\u00e9.<\/p>\n","protected":false},"excerpt":{"rendered":"Le groupe messin Gardiens\u00a0: Jonathan Fischer, Ousmane Ba. D\u00e9fenseurs\u00a0: Maxime Colin, Koffi Kouao, Jean-Philippe Gbamin, Terry Yegbe, Sadibou&hellip;\n","protected":false},"author":2,"featured_media":521515,"comment_status":"","ping_status":"","sticky":false,"template":"","format":"standard","meta":{"footnotes":""},"categories":[2819],"tags":[1111,11,5598,1777,674,8113,63,1011,27,7020,6212,12,2401,882,25,517,1700],"class_list":{"0":"post-521514","1":"post","2":"type-post","3":"status-publish","4":"format-standard","5":"has-post-thumbnail","7":"category-nice","8":"tag-actu","9":"tag-actualites","10":"tag-edition-metz-et-agglomeration","11":"tag-eu","12":"tag-europe","13":"tag-fc-metz","14":"tag-football","15":"tag-fr","16":"tag-france","17":"tag-ligue-1-football","18":"tag-metz","19":"tag-news","20":"tag-nice","21":"tag-provence-alpes-cote-dazur","22":"tag-republique-francaise","23":"tag-sport","24":"tag-sport-lorrain"},"share_on_mastodon":{"url":"https:\/\/pubeurope.com\/@fr\/115516582510859091","error":""},"_links":{"self":[{"href":"https:\/\/www.europesays.com\/fr\/wp-json\/wp\/v2\/posts\/521514","targetHints":{"allow":["GET"]}}],"collection":[{"href":"https:\/\/www.europesays.com\/fr\/wp-json\/wp\/v2\/posts"}],"about":[{"href":"https:\/\/www.europesays.com\/fr\/wp-json\/wp\/v2\/types\/post"}],"author":[{"embeddable":true,"href":"https:\/\/www.europesays.com\/fr\/wp-json\/wp\/v2\/users\/2"}],"replies":[{"embeddable":true,"href":"https:\/\/www.europesays.com\/fr\/wp-json\/wp\/v2\/comments?post=521514"}],"version-history":[{"count":0,"href":"https:\/\/www.europesays.com\/fr\/wp-json\/wp\/v2\/posts\/521514\/revisions"}],"wp:featuredmedia":[{"embeddable":true,"href":"https:\/\/www.europesays.com\/fr\/wp-json\/wp\/v2\/media\/521515"}],"wp:attachment":[{"href":"https:\/\/www.europesays.com\/fr\/wp-json\/wp\/v2\/media?parent=521514"}],"wp:term":[{"taxonomy":"category","embeddable":true,"href":"https:\/\/www.europesays.com\/fr\/wp-json\/wp\/v2\/categories?post=521514"},{"taxonomy":"post_tag","embeddable":true,"href":"https:\/\/www.europesays.com\/fr\/wp-json\/wp\/v2\/tags?post=521514"}],"curies":[{"name":"wp","href":"https:\/\/api.w.org\/{rel}","templated":true}]}}