{"id":521516,"date":"2025-11-08T23:05:15","date_gmt":"2025-11-08T23:05:15","guid":{"rendered":"https:\/\/www.europesays.com\/fr\/521516\/"},"modified":"2025-11-08T23:05:15","modified_gmt":"2025-11-08T23:05:15","slug":"pres-de-nantes-cet-ancien-chai-viticole-devient-un-bar-a-vins-et-un-restaurant","status":"publish","type":"post","link":"https:\/\/www.europesays.com\/fr\/521516\/","title":{"rendered":"Pr\u00e8s de Nantes, cet ancien chai viticole devient un bar \u00e0 vins et un restaurant"},"content":{"rendered":"<p>            Par<br \/>\n        <strong><br \/>\n            <a href=\"https:\/\/actu.fr\/auteur\/laurent-fortin\" title=\"Consulter tous les articles de Laurent Fortin\" target=\"_blank\" rel=\"noopener\">Laurent Fortin<\/a><br \/>\n        <\/strong><\/p>\n<p>        Publi\u00e9 le<\/p>\n<p>            8 nov. 2025 \u00e0 15h18        <\/p>\n<p>Dans la famille Bahuaud, il y a d\u2019abord l\u2019arri\u00e8re-grand-p\u00e8re. Louis. Fr\u00e8re de Donatien, le <a href=\"https:\/\/www.loirevins.fr\/fr\/marque\/11-maison-donatien-bahuaud?srsltid=AfmBOopiqNINhMdv2aYkhlyYNWbfGQGn-_E5AO-UKUAJ-YPx4Hhp3uaS\" target=\"_blank\" rel=\"noopener\">fameux n\u00e9gociant <\/a><b>de La Chapelle-Heulin.<\/b> Lui aussi a une <b>exploitation viticole<\/b>\u2009: le domaine des Laudi\u00e8res \u00e0 la <a href=\"https:\/\/www.google.com\/maps\/place\/La+Grande+No%C3%A9,+44120+Vertou\/@47.1622722,-1.4566627,764m\/data=!3m1!1e3!4m6!3m5!1s0x4805e7b59e9f14a3:0x75b9881444e8a75b!8m2!3d47.163375!4d-1.452116!16s%2Fg%2F1tf1b3nz?entry=ttu&amp;g_ep=EgoyMDI1MTEwNC4xIKXMDSoASAFQAw%3D%3D\" target=\"_blank\" rel=\"noopener\">Grande No\u00eb,<\/a> route de Saint-Fiacre, \u00e0 <a href=\"https:\/\/actu.fr\/pays-de-la-loire\/vertou_44215\" target=\"_blank\" rel=\"noopener\">V<b>ertou<\/b><\/a>. Au fil des successions,<b> l\u2019activit\u00e9 cesse progressivement.<\/b> En <b>2007, les vignes sont arrach\u00e9es.<\/b><\/p>\n<p class=\" wall-content\">Ensuite, il y a l\u2019arri\u00e8re-petit-fils, Antoine Hubert qui <b>s\u2019int\u00e9resse aux b\u00e2tisses qui tombent en d\u00e9su\u00e9tude<\/b>. D\u2019autant que celui qui travaille au <b>d\u00e9veloppement des exploitations viticoles,<\/b> au travers de l\u2019association la<a href=\"https:\/\/www.facebook.com\/Lavignenumerique\/?locale=fr_FR\" target=\"_blank\" rel=\"noopener\"> Vigne num\u00e9rique,<\/a> notamment en cr\u00e9ant une application pour aider les vignerons \u00e0 l\u2019export, cherche un tiers-lieu pour la fili\u00e8re.<\/p>\n<blockquote class=\"ac-article-quote wall-content\">\n<p>On ne pouvait pas laisser \u00e0 l\u2019abandon un tel patrimoine. Il y avait plein de souvenirs d\u2019enfance ici. Entre les vendanges, les grandes tabl\u00e9es\u2026<\/p>\n<\/blockquote>\n<p class=\" wall-content\">Il embarque sa cousine, Marie Fonteneau et son mari, S\u00e9bastian Lang, ainsi qu\u2019une autre cousine, Aur\u00e9lie Tucita, dans l\u2019aventure.<\/p>\n<p class=\" wall-content\">Une cinqui\u00e8me associ\u00e9e, M\u00e9lia Guinet, les rejoint. <b>Ils acqui\u00e8rent un hectare dont les 750\u00a0m2 des quatre b\u00e2timents.<\/b> Finalement, la crise sanitaire et l\u2019exp\u00e9rience d\u2019une guinguette, le temps d\u2019une saison, dans l\u2019ancienne \u00e9cole des filles de la Bernerie-en-Retz, <b>entra\u00eenent une r\u00e9vision du projet pour un accueil plus grand public.<\/b><\/p>\n<p>    <a href=\"https:\/\/www.facebook.com\/plugins\/post.php?href=https%3A%2F%2Fwww.facebook.com%2Fpermalink.php%3Fstory_fbid%3Dpfbid02UP92xQaBu2eb83vLecr1eb2w4kexBiM6Hjkj4w2c3PrDraMogdSvv5k5mvKjMEAVl%26id%3D61567070404650&amp;show_text=true&amp;width=350\" title=\"Ouvrie le lien\" target=\"_blank\" rel=\"noopener\">Cliquez ici pour visualiser le contenu<\/a><\/p>\n<p>Vid\u00e9os : en ce moment sur ActuL\u2019\u00e2me du domaine conserv\u00e9<\/p>\n<p class=\" wall-content\">Renforcement du r\u00e9seau \u00e9lectrique, d\u00e9cloisonnement des int\u00e9rieurs, d\u00e9caissement\u2026 <b>Le chantier est colossal. L<\/b>anc\u00e9 en 2022, il permet une ouverture fin ao\u00fbt dernier. <a href=\"https:\/\/www.lafolleblanche.fr\/\" target=\"_blank\" rel=\"noopener\">La Folle blanche<\/a>, nom de l\u2019\u00e9tablissement en r\u00e9f\u00e9rence au c\u00e9page du gros-plant, est arriv\u00e9e <b>\u00e0 maturit\u00e9. Quasiment au moment des vendanges<\/b>, comme un symbole.<\/p>\n<blockquote class=\"ac-article-quote wall-content\">\n<p>Comme dans toute r\u00e9habilitation, nous avons eu des surprises. Sans parler de l\u2019inflation. Il a fallu aussi faire des choix pour tenir dans le budget (ndlr. 2\u00a0millions d\u2019euros).<\/p>\n<\/blockquote>\n<p>Votre r\u00e9gion, votre actu !<\/p>\n<p>Recevez chaque jour les infos qui comptent pour vous.<\/p>\n<p>\t<a href=\"https:\/\/actu.fr\/newsletter\" class=\"ac-btn ac-btn--corner ac-btn--medium ac-btn--blue800\" target=\"_blank\" rel=\"noopener\">S&rsquo;incrire<\/a><\/p>\n<p>    <img   decoding=\"async\" loading=\"lazy\" class=\"size-large\" src=\"https:\/\/www.europesays.com\/fr\/wp-content\/uploads\/2025\/11\/26820eefd4f863a820eefd4f80e820v-960x640.jpg\" alt=\"L'entr\u00e9e du bar \u00e0 vins.\" width=\"960\" height=\"640\"\/><br \/>\n    L\u2019entr\u00e9e du bar \u00e0 vins. \u00a9La Folle Blanche<\/p>\n<p class=\" wall-content\">Antoine Hubert et son \u00e9quipe n\u2019ont pas h\u00e9sit\u00e9 \u00e0 se retrousser les manches pour effectuer certains travaux et les suivre.<\/p>\n<p class=\" wall-content\">Les trois b\u00e2timents (chais, pressoirs et maison du chef de culture) n\u2019en forment plus qu\u2019un. <b>Tout en conservant une \u00e2me viticole.<\/b> Il y a bien sur <b>les pierres et les poutres apparentes,<\/b> mais aussi <b>ces traces de fa\u00efence des anciennes cuves<\/b>, cette <b>grille en fer forg\u00e9 <\/b>qui barrait l\u2019entr\u00e9e de la propri\u00e9t\u00e9, d\u00e9sormais int\u00e9gr\u00e9e dans l\u2019accueil, <b>ce Saint-Vincent qui tr\u00f4ne<\/b> au-dessus du bar ou encore ces phrases en l\u2019honneur du muscadet grav\u00e9es sur les poutres de l\u2019ancienne cave. Antoine Hubert et ses associ\u00e9s en ont ajout\u00e9 d\u2019autres, comme ce <b>vitrail g\u00e9ant, <\/b>repr\u00e9sentant une sc\u00e8ne de vendanges, r\u00e9cup\u00e9r\u00e9 et d\u00e9poussi\u00e9r\u00e9 dans le ch\u00e2teau du Fesles (Anjou) command\u00e9 par le propri\u00e9taire de l\u2019\u00e9poque Gaston Lenotre.<\/p>\n<p>Lieu hybride<\/p>\n<p class=\" wall-content\"><b>Autant d\u2019authenticit\u00e9 qui tape dans l\u2019\u0153il des clients du lieu. <\/b>Qui peuvent venir \u00e0 cette adresse pour diff\u00e9rentes raisons<b>\u2009: pour d\u00e9jeuner <\/b>du mardi au vendredi, <b>pour boire un verre et grignoter un bout <\/b>(planches, hots-dogs maison\u2026) du mercredi au samedi soir de 18\u2009h \u00e0 23\u2009h (minuit le samedi),<b> pour participer \u00e0 un atelier d\u00e9gustation<\/b> un jeudi et un samedi par mois ou encore en \u00e9tant invit\u00e9 \u00e0 un <b>\u00e9v\u00e9nement professionnel<\/b> (salon, lancement de marques, s\u00e9minaires\u2026) ou personnel (anniversaires, f\u00eate de famille) dans la salle de 109 places assises.<\/p>\n<blockquote class=\"ac-article-quote wall-content\">\n<p>C\u2019est un lieu hybride. Avec pour fil conducteur, le vin.<\/p>\n<p>Marie Fonteneau.<\/p><\/blockquote>\n<p class=\" wall-content\">D\u2019ailleurs, <b>les cinq associ\u00e9s qui font dans l\u2019ultrapolyvalence\u00a0pour ce lancement d\u2019activit\u00e9,<\/b> se sont attach\u00e9s les services de Marine Andr\u00e9, c\u00e9l\u00e8bre<b> sommeli\u00e8re r\u00e9gionale, <\/b>pour avoir occup\u00e9 ce r\u00f4le \u00e0 la Marine (Noirmoutier), Mare aux oiseaux (Saint-Joachim) et Anne de Bretagne (Nantes).<\/p>\n<p class=\" wall-content\">Bien que r\u00e9cemment ouvert, le lieu n\u2019a pas fini de se bonifier.<\/p>\n<blockquote class=\"ac-article-quote wall-content\">\n<p>D\u00e9but 2026, on esp\u00e8re ouvrir l\u2019espace de coworking d\u2019une quinzaine de places, lance Antoine Hubert. On veut aussi d\u00e9velopper l\u2019\u00e9picerie fine dans notre cave. On a \u00e9galement pr\u00e9vu de rouvrir les espaces o\u00f9 \u00e9taient les cuves enterr\u00e9es pour en faire des lieux d\u2019affinage (charcuterie, fromage) qui seront vitr\u00e9s et donc visibles.<\/p>\n<\/blockquote>\n<p class=\" wall-content\">Un futur <b>am\u00e9nagement des ext\u00e9rieurs est programm\u00e9<\/b>, pour<b> retrouver un esprit guinguett<\/b>e. Bref, toutes les facettes du monde de la viticulture.<\/p>\n<p>La Folle blanche, route de Saint-Fiacre. Ouvert du mardi au vendredi midi et du mercredi au samedi soir. Contact\u2009: 02\u200940\u200905\u200942\u200943 ou <a href=\"https:\/\/actu.fr\/cdn-cgi\/l\/email-protection\" class=\"__cf_email__\" data-cfemail=\"51333e3f3b3e2423113d30373e3d3d34333d303f3239347f3723\" target=\"_blank\" rel=\"noopener\">[email\u00a0protected]<\/a> et <a href=\"https:\/\/actu.fr\/cdn-cgi\/l\/email-protection\" class=\"__cf_email__\" data-cfemail=\"3b5e4d5e554f7b575a5d5457575e59575a5558535e155d49\" target=\"_blank\" rel=\"noopener\">[email\u00a0protected]<\/a>. Renseignements sur https:\/\/www.lafolleblanche.fr.<\/p>\n<p class=\" wall-content\">Personnalisez votre actualit\u00e9 en ajoutant vos villes et m\u00e9dias en favori avec <a href=\"https:\/\/moncompte.actu.fr\" title=\"D\u00e9couvez Mon Actu\" rel=\"nofollow noopener\" data-trk=\"{&quot;cta&quot;:{&quot;action&quot;:&quot;https:\\\/\\\/moncompte.actu.fr&quot;,&quot;category&quot;:&quot;mon compte&quot;,&quot;from&quot;:&quot;article footer&quot;,&quot;name&quot;:&quot;Mon actu&quot;,&quot;type&quot;:&quot;cta&quot;}}\" target=\"_blank\">Mon Actu<\/a>.<\/p>\n","protected":false},"excerpt":{"rendered":"Par Laurent Fortin Publi\u00e9 le 8 nov. 2025 \u00e0 15h18 Dans la famille Bahuaud, il y a d\u2019abord&hellip;\n","protected":false},"author":2,"featured_media":521517,"comment_status":"","ping_status":"","sticky":false,"template":"","format":"standard","meta":{"footnotes":""},"categories":[2818],"tags":[1111,11,1777,674,1011,27,4187,766,12,2636,25,1340,104,18193],"class_list":{"0":"post-521516","1":"post","2":"type-post","3":"status-publish","4":"format-standard","5":"has-post-thumbnail","7":"category-nantes","8":"tag-actu","9":"tag-actualites","10":"tag-eu","11":"tag-europe","12":"tag-fr","13":"tag-france","14":"tag-muscadet","15":"tag-nantes","16":"tag-news","17":"tag-pays-de-la-loire","18":"tag-republique-francaise","19":"tag-restaurant","20":"tag-societe","21":"tag-viticulture"},"share_on_mastodon":{"url":"https:\/\/pubeurope.com\/@fr\/115516586874542413","error":""},"_links":{"self":[{"href":"https:\/\/www.europesays.com\/fr\/wp-json\/wp\/v2\/posts\/521516","targetHints":{"allow":["GET"]}}],"collection":[{"href":"https:\/\/www.europesays.com\/fr\/wp-json\/wp\/v2\/posts"}],"about":[{"href":"https:\/\/www.europesays.com\/fr\/wp-json\/wp\/v2\/types\/post"}],"author":[{"embeddable":true,"href":"https:\/\/www.europesays.com\/fr\/wp-json\/wp\/v2\/users\/2"}],"replies":[{"embeddable":true,"href":"https:\/\/www.europesays.com\/fr\/wp-json\/wp\/v2\/comments?post=521516"}],"version-history":[{"count":0,"href":"https:\/\/www.europesays.com\/fr\/wp-json\/wp\/v2\/posts\/521516\/revisions"}],"wp:featuredmedia":[{"embeddable":true,"href":"https:\/\/www.europesays.com\/fr\/wp-json\/wp\/v2\/media\/521517"}],"wp:attachment":[{"href":"https:\/\/www.europesays.com\/fr\/wp-json\/wp\/v2\/media?parent=521516"}],"wp:term":[{"taxonomy":"category","embeddable":true,"href":"https:\/\/www.europesays.com\/fr\/wp-json\/wp\/v2\/categories?post=521516"},{"taxonomy":"post_tag","embeddable":true,"href":"https:\/\/www.europesays.com\/fr\/wp-json\/wp\/v2\/tags?post=521516"}],"curies":[{"name":"wp","href":"https:\/\/api.w.org\/{rel}","templated":true}]}}