{"id":521518,"date":"2025-11-08T23:06:23","date_gmt":"2025-11-08T23:06:23","guid":{"rendered":"https:\/\/www.europesays.com\/fr\/521518\/"},"modified":"2025-11-08T23:06:23","modified_gmt":"2025-11-08T23:06:23","slug":"il-y-a-des-sourires-cest-bien-apres-la-victoire-de-grand-poitiers-contre-nantes-a-chatellerault","status":"publish","type":"post","link":"https:\/\/www.europesays.com\/fr\/521518\/","title":{"rendered":"\u00ab\u00a0Il y a des sourires, c\u2019est bien\u00a0\u00bb, apr\u00e8s la victoire de Grand Poitiers contre Nantes \u00e0 Ch\u00e2tellerault"},"content":{"rendered":"<p><strong>Grand Poitiers\u00a0&#8211; Nantes\u00a0: 36-24<\/strong><\/p>\n<p>Bapt\u00eame r\u00e9ussi. Pour sa premi\u00e8re sortie \u00e0 Ch\u00e2tellerault, Grand Poitiers a livr\u00e9 une solide prestation face \u00e0 la r\u00e9serve du HBC Nantes pour aller d\u00e9crocher un quatri\u00e8me succ\u00e8s cette saison et se relancer apr\u00e8s la d\u00e9faite conc\u00e9d\u00e9e \u00e0 Bruges lors de la derni\u00e8re journ\u00e9e (<a target=\"_self\" href=\"https:\/\/www.lanouvellerepublique.fr\/poitiers\/nationale-1-c-est-frustant-reagit-l-entraineur-de-grand-poitiers-handball-apres-la-defaite-a-bruges-1761472684\" rel=\"noopener\">27-26<\/a>)&#8230;. <\/p>\n<p>    Cet article a \u00e9t\u00e9 tronqu\u00e9. Abonnez-vous pour lire l&rsquo;article complet sur notre site.<\/p>\n<p style=\"margin: 0 !important; padding: 0 !important; font-size: 12px !important;\">Cet article a \u00e9t\u00e9 tronqu\u00e9. Abonnez-vous pour lire l&rsquo;article complet.<\/p>\n<p>    <a href=\"https:\/\/www.lanouvellerepublique.fr\/abonnements\" style=\"display: inline-block; margin-top: 5px !important; padding: 6px 12px !important; background: #cb1c27; color: white; text-decoration: none; border-radius: 4px; font-size: 12px !important;\" target=\"_blank\" rel=\"noopener\"><br \/>\n      S&rsquo;abonner<br \/>\n    <\/a><\/p>\n","protected":false},"excerpt":{"rendered":"Grand Poitiers\u00a0&#8211; Nantes\u00a0: 36-24 Bapt\u00eame r\u00e9ussi. Pour sa premi\u00e8re sortie \u00e0 Ch\u00e2tellerault, Grand Poitiers a livr\u00e9 une solide&hellip;\n","protected":false},"author":2,"featured_media":521519,"comment_status":"","ping_status":"","sticky":false,"template":"","format":"standard","meta":{"footnotes":""},"categories":[2818],"tags":[1111,11,19489,1777,674,1011,27,1792,35138,3047,766,14977,12,2636,1653,25,55158,60,1584],"class_list":{"0":"post-521518","1":"post","2":"type-post","3":"status-publish","4":"format-standard","5":"has-post-thumbnail","7":"category-nantes","8":"tag-actu","9":"tag-actualites","10":"tag-chatellerault","11":"tag-eu","12":"tag-europe","13":"tag-fr","14":"tag-france","15":"tag-handball","16":"tag-jaunay-marigny","17":"tag-loire-atlantique","18":"tag-nantes","19":"tag-nationaux-handball","20":"tag-news","21":"tag-pays-de-la-loire","22":"tag-poitiers","23":"tag-republique-francaise","24":"tag-saint-georges-les-baillargeaux","25":"tag-sports","26":"tag-vienne"},"share_on_mastodon":{"url":"https:\/\/pubeurope.com\/@fr\/115516590409603530","error":""},"_links":{"self":[{"href":"https:\/\/www.europesays.com\/fr\/wp-json\/wp\/v2\/posts\/521518","targetHints":{"allow":["GET"]}}],"collection":[{"href":"https:\/\/www.europesays.com\/fr\/wp-json\/wp\/v2\/posts"}],"about":[{"href":"https:\/\/www.europesays.com\/fr\/wp-json\/wp\/v2\/types\/post"}],"author":[{"embeddable":true,"href":"https:\/\/www.europesays.com\/fr\/wp-json\/wp\/v2\/users\/2"}],"replies":[{"embeddable":true,"href":"https:\/\/www.europesays.com\/fr\/wp-json\/wp\/v2\/comments?post=521518"}],"version-history":[{"count":0,"href":"https:\/\/www.europesays.com\/fr\/wp-json\/wp\/v2\/posts\/521518\/revisions"}],"wp:featuredmedia":[{"embeddable":true,"href":"https:\/\/www.europesays.com\/fr\/wp-json\/wp\/v2\/media\/521519"}],"wp:attachment":[{"href":"https:\/\/www.europesays.com\/fr\/wp-json\/wp\/v2\/media?parent=521518"}],"wp:term":[{"taxonomy":"category","embeddable":true,"href":"https:\/\/www.europesays.com\/fr\/wp-json\/wp\/v2\/categories?post=521518"},{"taxonomy":"post_tag","embeddable":true,"href":"https:\/\/www.europesays.com\/fr\/wp-json\/wp\/v2\/tags?post=521518"}],"curies":[{"name":"wp","href":"https:\/\/api.w.org\/{rel}","templated":true}]}}