{"id":521520,"date":"2025-11-08T23:07:20","date_gmt":"2025-11-08T23:07:20","guid":{"rendered":"https:\/\/www.europesays.com\/fr\/521520\/"},"modified":"2025-11-08T23:07:20","modified_gmt":"2025-11-08T23:07:20","slug":"voici-la-date-et-le-lieu","status":"publish","type":"post","link":"https:\/\/www.europesays.com\/fr\/521520\/","title":{"rendered":"voici la date et le lieu"},"content":{"rendered":"<p>            Par<br \/>\n        <strong><br \/>\n            <a href=\"https:\/\/actu.fr\/auteur\/redaction-bordeaux\" title=\"Consulter tous les articles de R\u00e9daction Bordeaux\" target=\"_blank\" rel=\"noopener\">R\u00e9daction Bordeaux<\/a><br \/>\n        <\/strong><\/p>\n<p>        Publi\u00e9 le<\/p>\n<p>            7 nov. 2025 \u00e0 11h59        <\/p>\n<p>Et de huit ! Le mercredi 26 novembre 2025, <a href=\"https:\/\/actu.fr\/nouvelle-aquitaine\/lormont_33249\/grand-frais-obtient-enfin-le-feu-vert-pour-ouvrir-un-magasin-a-lormont-une-ouverture-bienvenue_60755749.html\" target=\"_blank\" rel=\"noopener\">Grand Frais<\/a>, supermarch\u00e9 sp\u00e9cialis\u00e9 dans les produits frais, ouvre un magasin \u00e0 <a href=\"https:\/\/actu.fr\/nouvelle-aquitaine\/montussan_33293\" target=\"_blank\" rel=\"noopener\">Montussan<\/a> (Gironde).\u00a0Il sera install\u00e9 au 43 avenue du Verdun.<\/p>\n<p class=\" wall-content\">Dans l\u2019enseigne, les futurs clients pourront retrouver<strong> cinq professionnels de l\u2019alimentation<\/strong> : un primeur, un boucher-charcutier, un cr\u00e9mier-fromager, une \u00e9picerie d\u2019ici et d\u2019ailleurs,\u00a0un poissonnier\u00a0et un caviste.<\/p>\n<p class=\" wall-content\">Avant cette ouverture, des postes <a href=\"https:\/\/recrutement.grandfrais.com\/nous-rejoindre\/\" target=\"_blank\" rel=\"noopener\">sont encore \u00e0 pourvoir<\/a>. Grand Frais recherche un chef boucher principal ainsi qu\u2019un autre boucher. Les int\u00e9ress\u00e9s peuvent <strong>postuler en ligne<\/strong>.<\/p>\n<p class=\" wall-content\">Avec ce nouveau commerce, le distributeur alimentaire poursuit son d\u00e9ploiement en Gironde. Dans le d\u00e9partement, il existe d\u00e9sormais <strong>huit magasins<\/strong> Grand Frais (Blanquefort, Biganos, B\u00e8gles, M\u00e9rignac, Pessac, La-Teste-de-Buch, Carbon-Blanc et Montussan).<\/p>\n<p>Grand Frais<br \/>43 avenue du Verdun, 33450 Montussan<br \/>Ouvert du lundi au samedi de 08h30 \u00e0 19h30 et le dimanche de 9h \u00e0 12h30<\/p>\n<p class=\" wall-content\">Personnalisez votre actualit\u00e9 en ajoutant vos villes et m\u00e9dias en favori avec <a href=\"https:\/\/moncompte.actu.fr\" title=\"D\u00e9couvez Mon Actu\" rel=\"nofollow noopener\" data-trk=\"{&quot;cta&quot;:{&quot;action&quot;:&quot;https:\\\/\\\/moncompte.actu.fr&quot;,&quot;category&quot;:&quot;mon compte&quot;,&quot;from&quot;:&quot;article footer&quot;,&quot;name&quot;:&quot;Mon actu&quot;,&quot;type&quot;:&quot;cta&quot;}}\" target=\"_blank\">Mon Actu<\/a>.<\/p>\n","protected":false},"excerpt":{"rendered":"Par R\u00e9daction Bordeaux Publi\u00e9 le 7 nov. 2025 \u00e0 11h59 Et de huit ! Le mercredi 26 novembre&hellip;\n","protected":false},"author":2,"featured_media":521521,"comment_status":"","ping_status":"","sticky":false,"template":"","format":"standard","meta":{"footnotes":""},"categories":[2817],"tags":[1111,11,1997,1777,674,1011,27,12,3147,2219,25,104],"class_list":{"0":"post-521520","1":"post","2":"type-post","3":"status-publish","4":"format-standard","5":"has-post-thumbnail","7":"category-bordeaux","8":"tag-actu","9":"tag-actualites","10":"tag-bordeaux","11":"tag-eu","12":"tag-europe","13":"tag-fr","14":"tag-france","15":"tag-news","16":"tag-nouveaux-commerces","17":"tag-nouvelle-aquitaine","18":"tag-republique-francaise","19":"tag-societe"},"share_on_mastodon":{"url":"https:\/\/pubeurope.com\/@fr\/115516594284862040","error":""},"_links":{"self":[{"href":"https:\/\/www.europesays.com\/fr\/wp-json\/wp\/v2\/posts\/521520","targetHints":{"allow":["GET"]}}],"collection":[{"href":"https:\/\/www.europesays.com\/fr\/wp-json\/wp\/v2\/posts"}],"about":[{"href":"https:\/\/www.europesays.com\/fr\/wp-json\/wp\/v2\/types\/post"}],"author":[{"embeddable":true,"href":"https:\/\/www.europesays.com\/fr\/wp-json\/wp\/v2\/users\/2"}],"replies":[{"embeddable":true,"href":"https:\/\/www.europesays.com\/fr\/wp-json\/wp\/v2\/comments?post=521520"}],"version-history":[{"count":0,"href":"https:\/\/www.europesays.com\/fr\/wp-json\/wp\/v2\/posts\/521520\/revisions"}],"wp:featuredmedia":[{"embeddable":true,"href":"https:\/\/www.europesays.com\/fr\/wp-json\/wp\/v2\/media\/521521"}],"wp:attachment":[{"href":"https:\/\/www.europesays.com\/fr\/wp-json\/wp\/v2\/media?parent=521520"}],"wp:term":[{"taxonomy":"category","embeddable":true,"href":"https:\/\/www.europesays.com\/fr\/wp-json\/wp\/v2\/categories?post=521520"},{"taxonomy":"post_tag","embeddable":true,"href":"https:\/\/www.europesays.com\/fr\/wp-json\/wp\/v2\/tags?post=521520"}],"curies":[{"name":"wp","href":"https:\/\/api.w.org\/{rel}","templated":true}]}}