{"id":521522,"date":"2025-11-08T23:08:22","date_gmt":"2025-11-08T23:08:22","guid":{"rendered":"https:\/\/www.europesays.com\/fr\/521522\/"},"modified":"2025-11-08T23:08:22","modified_gmt":"2025-11-08T23:08:22","slug":"n2-les-resultats-et-le-classement-des-girondins-2","status":"publish","type":"post","link":"https:\/\/www.europesays.com\/fr\/521522\/","title":{"rendered":"N2 : les r\u00e9sultats et le classement des Girondins"},"content":{"rendered":"<p><img decoding=\"async\" src=\"https:\/\/www.europesays.com\/fr\/wp-content\/uploads\/2025\/08\/671_27a5a9e7434fc1a02b561d60e7fadd28.jpg\" alt=\"N2 : les r\u00e9sultats et le classement des Girondins\" class=\"img-responsive mt-3\"\/><\/p>\n<p class=\"text-center mb-3\" style=\"font-size: 14px\">\u00a9 Iconsport<\/p>\n<p>      <strong>La Roche Vend\u00e9e redevient leader, les Girondins toujours dans la course<\/strong><\/p>\n<p style=\"text-align: justify;\">Dans un championnat tr\u00e8s serr\u00e9 en t\u00eate, La Roche Vend\u00e9e et Bordeaux ont imit\u00e9 Angoul\u00eame en s\u2019imposant respectivement contre Saumur et Locmin\u00e9. Dans la course \u00e9galement, Avranches a \u00e9t\u00e9 battu \u00e0 domicile par Lorient. Bayonne joue actuellement contre Montlouis<\/p>\n<p style=\"text-align: justify;\">R\u00e9sultats :<\/p>\n<p>Angoul\u00eame Charente FC <strong>1-0<\/strong> US Granville<br \/>Les Herbiers <strong>1-1<\/strong> Dinan L\u00e9hon<br \/>US Avranches <strong>1-2<\/strong> FC Lorient II<br \/><strong><a href=\"https:\/\/www.webgirondins.com\/live-girondins-revivez-bordeaux-locmine-131074\" target=\"_blank\" rel=\"noopener\">FC Girondins de Bordeaux 2-1 Saint-Colomban Locmin\u00e9<\/a><\/strong><br \/>Voltigeurs de Ch\u00e2teaubriant <strong>0-2<\/strong> Chauray FC<br \/>Olympique Saumur FC <strong>0-3<\/strong> Vend\u00e9e Foot Club RY<br \/>US Saint-Malo <strong>2-0<\/strong> Stade Poitevin FC<br \/>Aviron Bayonnais <strong>3-2<\/strong> FC Montlouis<\/p>\n<p style=\"text-align: justify;\">&gt;&gt; <strong><a href=\"https:\/\/www.webgirondins.com\/classement-girondins-national-2\" target=\"_blank\" rel=\"noopener\">Voir le classement de N2 poule A<\/a><\/strong><\/p>\n<p style=\"text-align: justify;\">\u00c0 lire &gt;&gt; <strong><a href=\"https:\/\/www.webgirondins.com\/actualite-interview-girondins-bordeaux-s-impose-face-a-locmine-et-reste-sur-le-podium-de-national-2-131080\" target=\"_blank\" rel=\"noopener\">Girondins : Bordeaux s\u2019impose face \u00e0 Locmin\u00e9 et reste sur le podium de National 2<\/a><\/strong><\/p>\n<p style=\"text-align: justify;\"><strong>\u00a0<\/strong><\/p>\n<p style=\"text-align: justify;\">Notre podcast court sur l&rsquo;actu des Girondins :<\/p>\n<p style=\"text-align: justify;\">\u00a0<\/p>\n","protected":false},"excerpt":{"rendered":"\u00a9 Iconsport La Roche Vend\u00e9e redevient leader, les Girondins toujours dans la course Dans un championnat tr\u00e8s serr\u00e9&hellip;\n","protected":false},"author":2,"featured_media":309954,"comment_status":"","ping_status":"","sticky":false,"template":"","format":"standard","meta":{"footnotes":""},"categories":[2817],"tags":[1111,11,3529,49037,17295,1997,1981,1446,1459,1777,674,2823,1011,27,1987,12143,3289,22567,64224,12,2219,6798,10270,25,18357,1980,6689,64225,2546],"class_list":{"0":"post-521522","1":"post","2":"type-post","3":"status-publish","4":"format-standard","5":"has-post-thumbnail","7":"category-bordeaux","8":"tag-actu","9":"tag-actualites","10":"tag-assure","11":"tag-autres","12":"tag-avranches","13":"tag-bordeaux","14":"tag-classement","15":"tag-dans","16":"tag-duel","17":"tag-eu","18":"tag-europe","19":"tag-face","20":"tag-fr","21":"tag-france","22":"tag-girondins","23":"tag-incline","24":"tag-leur","25":"tag-locmine","26":"tag-lorientaise","27":"tag-news","28":"tag-nouvelle-aquitaine","29":"tag-remporte","30":"tag-rencontres","31":"tag-republique-francaise","32":"tag-reserve","33":"tag-resultats","34":"tag-roche","35":"tag-tandis","36":"tag-vendee"},"share_on_mastodon":{"url":"https:\/\/pubeurope.com\/@fr\/115516598933273272","error":""},"_links":{"self":[{"href":"https:\/\/www.europesays.com\/fr\/wp-json\/wp\/v2\/posts\/521522","targetHints":{"allow":["GET"]}}],"collection":[{"href":"https:\/\/www.europesays.com\/fr\/wp-json\/wp\/v2\/posts"}],"about":[{"href":"https:\/\/www.europesays.com\/fr\/wp-json\/wp\/v2\/types\/post"}],"author":[{"embeddable":true,"href":"https:\/\/www.europesays.com\/fr\/wp-json\/wp\/v2\/users\/2"}],"replies":[{"embeddable":true,"href":"https:\/\/www.europesays.com\/fr\/wp-json\/wp\/v2\/comments?post=521522"}],"version-history":[{"count":0,"href":"https:\/\/www.europesays.com\/fr\/wp-json\/wp\/v2\/posts\/521522\/revisions"}],"wp:featuredmedia":[{"embeddable":true,"href":"https:\/\/www.europesays.com\/fr\/wp-json\/wp\/v2\/media\/309954"}],"wp:attachment":[{"href":"https:\/\/www.europesays.com\/fr\/wp-json\/wp\/v2\/media?parent=521522"}],"wp:term":[{"taxonomy":"category","embeddable":true,"href":"https:\/\/www.europesays.com\/fr\/wp-json\/wp\/v2\/categories?post=521522"},{"taxonomy":"post_tag","embeddable":true,"href":"https:\/\/www.europesays.com\/fr\/wp-json\/wp\/v2\/tags?post=521522"}],"curies":[{"name":"wp","href":"https:\/\/api.w.org\/{rel}","templated":true}]}}