{"id":521523,"date":"2025-11-08T23:09:22","date_gmt":"2025-11-08T23:09:22","guid":{"rendered":"https:\/\/www.europesays.com\/fr\/521523\/"},"modified":"2025-11-08T23:09:22","modified_gmt":"2025-11-08T23:09:22","slug":"meteo-quel-temps-fera-t-il-ce-week-end-a-toulouse-et-en-occitanie-les-previsions","status":"publish","type":"post","link":"https:\/\/www.europesays.com\/fr\/521523\/","title":{"rendered":"M\u00e9t\u00e9o. Quel temps fera-t-il ce week-end \u00e0 Toulouse et en Occitanie ? Les pr\u00e9visions"},"content":{"rendered":"<p>            Par<br \/>\n        <strong><br \/>\n            <a href=\"https:\/\/actu.fr\/auteur\/marie-lamarque\" title=\"Consulter tous les articles de Marie Lamarque\" target=\"_blank\" rel=\"noopener\">Marie Lamarque<\/a><br \/>\n        <\/strong><\/p>\n<p>        Publi\u00e9 le<\/p>\n<p>            8 nov. 2025 \u00e0 5h44        <\/p>\n<p><strong>Un long week-end s\u2019annonce<\/strong> pour ceux qui auront la chance de faire le pont ce lundi, juste avant le 11-Novembre. <strong>La m\u00e9t\u00e9o sera mitig\u00e9e<\/strong> ce samedi 8 et dimanche 9 novembre 2025 <a href=\"https:\/\/actu.fr\/toulouse\/\" target=\"_blank\" rel=\"noopener\">\u00e0 Toulouse<\/a> et en Occitanie. Le ciel pourrait \u00eatre bien gris ce samedi, avant <strong>le retour d\u2019un beau soleil dimanche<\/strong>, accompagn\u00e9 de temp\u00e9ratures relativement douces pour la saison. Le point sur les pr\u00e9visions.<\/p>\n<p>Les pr\u00e9visions \u00e0 Toulouse<\/p>\n<p class=\" wall-content\">Dans la Ville rose, il faudra s\u2019attendre \u00e0 quelques gouttes de pluie tout au long de la journ\u00e9e de samedi. Les temp\u00e9ratures seront l\u00e9g\u00e8rement en baisse, avec <strong>10\u00b0C le matin et 14\u00b0C dans l\u2019apr\u00e8s-midi<\/strong>.<\/p>\n<p>    <img   decoding=\"async\" loading=\"lazy\" src=\"https:\/\/www.europesays.com\/fr\/wp-content\/uploads\/2025\/11\/meteo-toulouse-samedi-960x640.png\" alt=\"Les pr\u00e9visions \u00e0 Toulouse pour ce samedi 8 novembre 2025.\" width=\"960\" height=\"640\"\/><br \/>\n    Les pr\u00e9visions \u00e0 Toulouse pour ce samedi 8 novembre 2025. (\u00a9Capture d\u2019\u00e9cran \/ M\u00e9t\u00e9o-France)<\/p>\n<p class=\" wall-content\">Il faudra attendre dimanche pour profiter d\u2019un retour du soleil, en particulier dans l\u2019apr\u00e8s-midi. <strong>Il fera 8\u00b0C le matin et 15\u00b0C dans l\u2019apr\u00e8s-midi<\/strong>.<\/p>\n<p>    <img   decoding=\"async\" loading=\"lazy\" src=\"https:\/\/www.europesays.com\/fr\/wp-content\/uploads\/2025\/11\/meteo-toulouse-dimanche-960x640.png\" alt=\"Les pr\u00e9visions \u00e0 Toulouse pour ce dimanche 9 novembre 2025.\" width=\"960\" height=\"640\"\/><br \/>\n    Les pr\u00e9visions \u00e0 Toulouse pour ce dimanche 9 novembre 2025. (\u00a9Capture d\u2019\u00e9cran \/ M\u00e9t\u00e9o-France)Vid\u00e9os : en ce moment sur ActuPluie et nuages pour samedi en Occitanie\u2026<\/p>\n<p class=\" wall-content\">Ailleurs en Occitanie, le ciel sera g\u00e9n\u00e9ralement gris ce samedi. De la pluie faible est annonc\u00e9e tout au long de la journ\u00e9e dans la plupart des d\u00e9partements. Le ciel sera \u00e9galement tr\u00e8s nuageux, notamment sur la fa\u00e7ade m\u00e9diterran\u00e9enne.<\/p>\n<p class=\" wall-content\">Le thermom\u00e8tre pourrait n\u00e9anmoins atteindre <strong>les 20\u00b0C, comme \u00e0 N\u00eemes<\/strong>. Il fera aussi <strong>15\u00b0C \u00e0 Montauban, 14\u00b0C \u00e0 Tarbes, 16\u00b0C \u00e0 Perpignan et \u00e0 Cahors ou encore 19\u00b0C \u00e0 Al\u00e8s<\/strong>.<\/p>\n<p>Votre r\u00e9gion, votre actu !<\/p>\n<p>Recevez chaque jour les infos qui comptent pour vous.<\/p>\n<p>\t<a href=\"https:\/\/actu.fr\/newsletter\" class=\"ac-btn ac-btn--corner ac-btn--medium ac-btn--blue800\" target=\"_blank\" rel=\"noopener\">S&rsquo;incrire<\/a><\/p>\n<p>    <img   decoding=\"async\" loading=\"lazy\" src=\"https:\/\/www.europesays.com\/fr\/wp-content\/uploads\/2025\/11\/meteo-occitanie-samedi-960x640.png\" alt=\"Les pr\u00e9visions en Occitanie pour ce samedi 8 novembre 2025.\" width=\"960\" height=\"640\"\/><br \/>\n    Les pr\u00e9visions en Occitanie pour ce samedi 8 novembre 2025. (\u00a9Capture d\u2019\u00e9cran \/ M\u00e9t\u00e9o-France)\u2026avant le retour du soleil ce dimanche<\/p>\n<p class=\" wall-content\">Le soleil sera, en revanche, davantage pr\u00e9sent le dimanche. En d\u00e9but de journ\u00e9e, quelques d\u00e9partements pourraient encore \u00eatre sous la grisaille et le brouillard : le Lot, le Tarn et le Tarn-et-Garonne.\u00a0<\/p>\n<p class=\" wall-content\">Ailleurs, M\u00e9t\u00e9o-France annonce de belles \u00e9claircies, en particulier dans l\u2019apr\u00e8s-midi o\u00f9 toute la r\u00e9gion est concern\u00e9e. L\u00e0 encore, on pourra atteindre <strong>les 20\u00b0C pour les temp\u00e9ratures maximales \u00e0 N\u00eemes et \u00e0 Al\u00e8s<\/strong>. Il fera aussi <strong>14\u00b0C \u00e0 Saint-C\u00e9r\u00e9 et \u00e0 Cahors, 15\u00b0C \u00e0 Saint-Gaudens, 19\u00b0C \u00e0 B\u00e9ziers ou encore 18\u00b0C \u00e0 Perpignan<\/strong>.\u00a0<\/p>\n<p>    <img   decoding=\"async\" loading=\"lazy\" src=\"https:\/\/www.europesays.com\/fr\/wp-content\/uploads\/2025\/11\/meteo-occitanie-dimanche-960x640.png\" alt=\"Les pr\u00e9visions en Occitanie pour ce dimanche 9 novembre 2025.\" width=\"960\" height=\"640\"\/><br \/>\n    Les pr\u00e9visions en Occitanie pour ce dimanche 9 novembre 2025. (\u00a9Capture d\u2019\u00e9cran \/ M\u00e9t\u00e9o-France)<\/p>\n<p class=\" wall-content\">Personnalisez votre actualit\u00e9 en ajoutant vos villes et m\u00e9dias en favori avec <a href=\"https:\/\/moncompte.actu.fr\" title=\"D\u00e9couvez Mon Actu\" rel=\"nofollow noopener\" data-trk=\"{&quot;cta&quot;:{&quot;action&quot;:&quot;https:\\\/\\\/moncompte.actu.fr&quot;,&quot;category&quot;:&quot;mon compte&quot;,&quot;from&quot;:&quot;article footer&quot;,&quot;name&quot;:&quot;Mon actu&quot;,&quot;type&quot;:&quot;cta&quot;}}\" target=\"_blank\">Mon Actu<\/a>.<\/p>\n","protected":false},"excerpt":{"rendered":"Par Marie Lamarque Publi\u00e9 le 8 nov. 2025 \u00e0 5h44 Un long week-end s\u2019annonce pour ceux qui auront&hellip;\n","protected":false},"author":2,"featured_media":521524,"comment_status":"","ping_status":"","sticky":false,"template":"","format":"standard","meta":{"footnotes":""},"categories":[2816],"tags":[1111,11,1777,674,1011,27,2487,2357,12,2680,25,2312],"class_list":{"0":"post-521523","1":"post","2":"type-post","3":"status-publish","4":"format-standard","5":"has-post-thumbnail","7":"category-toulouse","8":"tag-actu","9":"tag-actualites","10":"tag-eu","11":"tag-europe","12":"tag-fr","13":"tag-france","14":"tag-meteo","15":"tag-meteo-france","16":"tag-news","17":"tag-occitanie","18":"tag-republique-francaise","19":"tag-toulouse"},"share_on_mastodon":{"url":"https:\/\/pubeurope.com\/@fr\/115516602966257347","error":""},"_links":{"self":[{"href":"https:\/\/www.europesays.com\/fr\/wp-json\/wp\/v2\/posts\/521523","targetHints":{"allow":["GET"]}}],"collection":[{"href":"https:\/\/www.europesays.com\/fr\/wp-json\/wp\/v2\/posts"}],"about":[{"href":"https:\/\/www.europesays.com\/fr\/wp-json\/wp\/v2\/types\/post"}],"author":[{"embeddable":true,"href":"https:\/\/www.europesays.com\/fr\/wp-json\/wp\/v2\/users\/2"}],"replies":[{"embeddable":true,"href":"https:\/\/www.europesays.com\/fr\/wp-json\/wp\/v2\/comments?post=521523"}],"version-history":[{"count":0,"href":"https:\/\/www.europesays.com\/fr\/wp-json\/wp\/v2\/posts\/521523\/revisions"}],"wp:featuredmedia":[{"embeddable":true,"href":"https:\/\/www.europesays.com\/fr\/wp-json\/wp\/v2\/media\/521524"}],"wp:attachment":[{"href":"https:\/\/www.europesays.com\/fr\/wp-json\/wp\/v2\/media?parent=521523"}],"wp:term":[{"taxonomy":"category","embeddable":true,"href":"https:\/\/www.europesays.com\/fr\/wp-json\/wp\/v2\/categories?post=521523"},{"taxonomy":"post_tag","embeddable":true,"href":"https:\/\/www.europesays.com\/fr\/wp-json\/wp\/v2\/tags?post=521523"}],"curies":[{"name":"wp","href":"https:\/\/api.w.org\/{rel}","templated":true}]}}