{"id":521529,"date":"2025-11-08T23:13:13","date_gmt":"2025-11-08T23:13:13","guid":{"rendered":"https:\/\/www.europesays.com\/fr\/521529\/"},"modified":"2025-11-08T23:13:13","modified_gmt":"2025-11-08T23:13:13","slug":"un-jeune-homme-de-20-ans-grievement-blesse-par-balle-quartier-de-la-belle-de-mai-a-marseille","status":"publish","type":"post","link":"https:\/\/www.europesays.com\/fr\/521529\/","title":{"rendered":"Un jeune homme de 20\u00a0ans gri\u00e8vement bless\u00e9 par balle quartier de la Belle-de-Mai \u00e0 Marseille"},"content":{"rendered":"<p>Un jeune homme de 20\u00a0ans a \u00e9t\u00e9 gri\u00e8vement bless\u00e9 ce samedi soir 8\u00a0novembre <a href=\"https:\/\/www.laprovence.com\/article\/faits-divers-justice\/1092350070404715\/une-quadragenaire-blessee-par-balle-dans-le-15e-arrondissement-par-lex-compagnon-de-sa-fille\" target=\"_blank\" rel=\"noopener\">par une balle<\/a> qui l\u2019a atteint au niveau du cou, selon les informations recueillies par La Provence. L\u2019alerte a \u00e9t\u00e9 donn\u00e9e peu avant 22\u00a0heures.<\/p>\n<p>La sc\u00e8ne s\u2019est d\u00e9roul\u00e9e rue Clovis Hugues, dans le 3e arrondissement de Marseille, dans <a href=\"https:\/\/www.laprovence.com\/article\/region\/1221391619515315\/quartiers-de-marseille-la-belle-de-mai-par-celles-et-ceux-qui-la-font-vivre\" target=\"_blank\" rel=\"noopener\">le quartier de la Belle-de-Mai<\/a>. En arr\u00eat cardio-respiratoire \u00e0 l\u2019arriv\u00e9e des marins-pompiers, la victime a \u00e9t\u00e9 r\u00e9anim\u00e9e et transport\u00e9e \u00e0 l\u2019h\u00f4pital, pronostic vital engag\u00e9.<\/p>\n<p>Une enqu\u00eate a \u00e9t\u00e9 ouverte par les services de police pour d\u00e9terminer le contexte des tirs et identifier l\u2019auteur. Selon nos informations, des individus auraient \u00e9t\u00e9 aper\u00e7us par des t\u00e9moins quittant les lieux \u00e0 bord d&rsquo;une voiture juste apr\u00e8s la fusillade.<\/p>\n","protected":false},"excerpt":{"rendered":"Un jeune homme de 20\u00a0ans a \u00e9t\u00e9 gri\u00e8vement bless\u00e9 ce samedi soir 8\u00a0novembre par une balle qui l\u2019a&hellip;\n","protected":false},"author":2,"featured_media":521530,"comment_status":"","ping_status":"","sticky":false,"template":"","format":"standard","meta":{"footnotes":""},"categories":[2814],"tags":[6873,17,1111,11,6195,3916,1102,1777,674,274,1011,27,3915,4933,3913,884,12,5912,882,25],"class_list":{"0":"post-521529","1":"post","2":"type-post","3":"status-publish","4":"format-standard","5":"has-post-thumbnail","7":"category-marseille","8":"tag-20-ans","9":"tag-17","10":"tag-actu","11":"tag-actualites","12":"tag-balle","13":"tag-blesse","14":"tag-breakingnews","15":"tag-eu","16":"tag-europe","17":"tag-faits-divers-justice","18":"tag-fr","19":"tag-france","20":"tag-grievement","21":"tag-homme","22":"tag-jeune","23":"tag-marseille","24":"tag-news","25":"tag-par","26":"tag-provence-alpes-cote-dazur","27":"tag-republique-francaise"},"share_on_mastodon":{"url":"https:\/\/pubeurope.com\/@fr\/115516617835906881","error":""},"_links":{"self":[{"href":"https:\/\/www.europesays.com\/fr\/wp-json\/wp\/v2\/posts\/521529","targetHints":{"allow":["GET"]}}],"collection":[{"href":"https:\/\/www.europesays.com\/fr\/wp-json\/wp\/v2\/posts"}],"about":[{"href":"https:\/\/www.europesays.com\/fr\/wp-json\/wp\/v2\/types\/post"}],"author":[{"embeddable":true,"href":"https:\/\/www.europesays.com\/fr\/wp-json\/wp\/v2\/users\/2"}],"replies":[{"embeddable":true,"href":"https:\/\/www.europesays.com\/fr\/wp-json\/wp\/v2\/comments?post=521529"}],"version-history":[{"count":0,"href":"https:\/\/www.europesays.com\/fr\/wp-json\/wp\/v2\/posts\/521529\/revisions"}],"wp:featuredmedia":[{"embeddable":true,"href":"https:\/\/www.europesays.com\/fr\/wp-json\/wp\/v2\/media\/521530"}],"wp:attachment":[{"href":"https:\/\/www.europesays.com\/fr\/wp-json\/wp\/v2\/media?parent=521529"}],"wp:term":[{"taxonomy":"category","embeddable":true,"href":"https:\/\/www.europesays.com\/fr\/wp-json\/wp\/v2\/categories?post=521529"},{"taxonomy":"post_tag","embeddable":true,"href":"https:\/\/www.europesays.com\/fr\/wp-json\/wp\/v2\/tags?post=521529"}],"curies":[{"name":"wp","href":"https:\/\/api.w.org\/{rel}","templated":true}]}}