{"id":521533,"date":"2025-11-08T23:15:41","date_gmt":"2025-11-08T23:15:41","guid":{"rendered":"https:\/\/www.europesays.com\/fr\/521533\/"},"modified":"2025-11-08T23:15:41","modified_gmt":"2025-11-08T23:15:41","slug":"gros-incendie-avenue-paul-santy-a-lyon","status":"publish","type":"post","link":"https:\/\/www.europesays.com\/fr\/521533\/","title":{"rendered":"gros incendie avenue Paul-Santy \u00e0 Lyon"},"content":{"rendered":"<p itemprop=\"description\"><strong>Les sapeurs-pompiers du Rh\u00f4ne sont massivement mobilis\u00e9s.<\/strong><\/p>\n<p>Un incendie s\u2019est d\u00e9clar\u00e9 en milieu d\u2019apr\u00e8s-midi sur le toit d\u2019un b\u00e2timent d\u2019habitation situ\u00e9 au 96 avenue Paul-Santy (Lyon 8e), \u00e0 la limite de V\u00e9nissieux. Le sinistre, parti du cinqui\u00e8me \u00e9tage, a g\u00e9n\u00e9r\u00e9 un impor\u00adtant panache de fum\u00e9e noire visible depuis une large partie de l\u2019agglom\u00e9ration lyonnaise.<\/p>\n<p>60 sapeurs-pompiers et 21 engins ont \u00e9t\u00e9 engag\u00e9s pour ma\u00eetriser le feu, dont l\u2019intensit\u00e9 \u00e9tait en baisse en fin d\u2019intervention. Pour l&rsquo;heure, aucune victime n\u2019est \u00e0 d\u00e9plorer.<\/p>\n<p>Sur place, les \u00e9quipes ont d\u00fb s\u00e9curiser plusieurs bouteilles de gaz utilis\u00e9es dans le cadre de travaux. Certaines avaient chauff\u00e9 sous l\u2019effet du sinistre et n\u00e9cessitaient un traitement sp\u00e9cifique.<\/p>\n<p>Selon une source s\u00e9curitaire, le feu se serait d\u00e9clar\u00e9 au cours de travaux d\u2019isolation. Une bonbonne de gaz a \u00e9t\u00e9 retrouv\u00e9e \u00e9ventr\u00e9e. \u00c0 ce stade, il n\u2019est pas \u00e9tabli si cette avarie constitue l\u2019origine du d\u00e9part de feu ou si elle r\u00e9sulte de l\u2019incendie.<\/p>\n<p>Par mesure de pr\u00e9caution, quelque 70 appartements ont \u00e9t\u00e9 \u00e9vacu\u00e9s.<\/p>\n<p>Les pompiers ont mis un terme \u00e0 l&rsquo;incendie peu avant 17h<\/p>\n","protected":false},"excerpt":{"rendered":"Les sapeurs-pompiers du Rh\u00f4ne sont massivement mobilis\u00e9s. Un incendie s\u2019est d\u00e9clar\u00e9 en milieu d\u2019apr\u00e8s-midi sur le toit d\u2019un&hellip;\n","protected":false},"author":2,"featured_media":521534,"comment_status":"","ping_status":"","sticky":false,"template":"","format":"standard","meta":{"footnotes":""},"categories":[1889],"tags":[1111,11,2813,2190,2430,1109,251,1112,2811,1777,674,118,1011,27,1922,1110,1114,2428,2810,12,241,316,25,2812,517,800],"class_list":{"0":"post-521533","1":"post","2":"type-post","3":"status-publish","4":"format-standard","5":"has-post-thumbnail","7":"category-lyon","8":"tag-actu","9":"tag-actualites","10":"tag-article","11":"tag-asvel","12":"tag-auvergne-rhone-alpes","13":"tag-breves","14":"tag-culture","15":"tag-depeches","16":"tag-economique","17":"tag-eu","18":"tag-europe","19":"tag-faits-divers","20":"tag-fr","21":"tag-france","22":"tag-info","23":"tag-informations","24":"tag-infos","25":"tag-lyon","26":"tag-lyonmag","27":"tag-news","28":"tag-ol","29":"tag-politique","30":"tag-republique-francaise","31":"tag-sociale","32":"tag-sport","33":"tag-transports"},"share_on_mastodon":{"url":"https:\/\/pubeurope.com\/@fr\/115516625656556134","error":""},"_links":{"self":[{"href":"https:\/\/www.europesays.com\/fr\/wp-json\/wp\/v2\/posts\/521533","targetHints":{"allow":["GET"]}}],"collection":[{"href":"https:\/\/www.europesays.com\/fr\/wp-json\/wp\/v2\/posts"}],"about":[{"href":"https:\/\/www.europesays.com\/fr\/wp-json\/wp\/v2\/types\/post"}],"author":[{"embeddable":true,"href":"https:\/\/www.europesays.com\/fr\/wp-json\/wp\/v2\/users\/2"}],"replies":[{"embeddable":true,"href":"https:\/\/www.europesays.com\/fr\/wp-json\/wp\/v2\/comments?post=521533"}],"version-history":[{"count":0,"href":"https:\/\/www.europesays.com\/fr\/wp-json\/wp\/v2\/posts\/521533\/revisions"}],"wp:featuredmedia":[{"embeddable":true,"href":"https:\/\/www.europesays.com\/fr\/wp-json\/wp\/v2\/media\/521534"}],"wp:attachment":[{"href":"https:\/\/www.europesays.com\/fr\/wp-json\/wp\/v2\/media?parent=521533"}],"wp:term":[{"taxonomy":"category","embeddable":true,"href":"https:\/\/www.europesays.com\/fr\/wp-json\/wp\/v2\/categories?post=521533"},{"taxonomy":"post_tag","embeddable":true,"href":"https:\/\/www.europesays.com\/fr\/wp-json\/wp\/v2\/tags?post=521533"}],"curies":[{"name":"wp","href":"https:\/\/api.w.org\/{rel}","templated":true}]}}