{"id":521543,"date":"2025-11-08T23:22:12","date_gmt":"2025-11-08T23:22:12","guid":{"rendered":"https:\/\/www.europesays.com\/fr\/521543\/"},"modified":"2025-11-08T23:22:12","modified_gmt":"2025-11-08T23:22:12","slug":"mort-de-tcheky-karyo-une-ceremonie-dhommage-a-lacteur-organisee-le-13-novembre-a-paris","status":"publish","type":"post","link":"https:\/\/www.europesays.com\/fr\/521543\/","title":{"rendered":"Mort de Tch\u00e9ky Karyo\u00a0: une c\u00e9r\u00e9monie d\u2019hommage \u00e0 l\u2019acteur organis\u00e9e le 13\u00a0novembre \u00e0 Paris"},"content":{"rendered":"<p class=\"paragraph text_align_left lp-f-body-02\">Une c\u00e9r\u00e9monie d\u2019hommage \u00e0 l\u2019<a href=\"https:\/\/www.leparisien.fr\/culture-loisirs\/cinema\/lacteur-francais-tcheky-karyo-vu-dans-lours-ou-encore-nikita-est-mort-a-lage-de-72-ans-31-10-2025-4MCZ23GPNVDAVBTTQE5VBJRG7A.php\" target=\"_blank\" rel=\"noreferrer nofollow noopener\">acteur franco turc Tch\u00e9ky Karyo<\/a>, d\u00e9c\u00e9d\u00e9 le 1er\u00a0novembre, aura lieu le 13\u00a0novembre \u00e0 Paris, a indiqu\u00e9 samedi son agente \u00c9lisabeth Tanner \u00e0 l\u2019AFP. La c\u00e9r\u00e9monie se tiendra \u00e0 l\u2019\u00e9glise Saint-Roch, la paroisse parisienne de l\u2019Aum\u00f4nerie des artistes, \u00e0 10h30.<\/p>\n<p class=\"paragraph text_align_left lp-f-body-02\">L\u2019acteur, c\u00e9l\u00e8bre pour ses r\u00f4les dans \u00ab\u00a0L\u2019Ours\u00a0\u00bb de Jean-Jacques Annaud et \u00ab\u00a0Nikita\u00a0\u00bb de Luc Besson, a \u00e9t\u00e9 inhum\u00e9 le 5\u00a0novembre \u00e0 Concarneau (Finist\u00e8re), selon ses derni\u00e8res volont\u00e9s. D\u00e9c\u00e9d\u00e9 \u00e0 l\u2019\u00e2ge de 72\u00a0ans, <a href=\"https:\/\/www.leparisien.fr\/culture-loisirs\/cinema\/disparition-tcheky-karyo-laventurier-du-cinema-31-10-2025-GGDDZHVZEBBHDBMYPGU3WF56MA.php\" target=\"_blank\" rel=\"noreferrer nofollow noopener\">l\u2019acteur n\u00e9 \u00e0 Istanbul<\/a> s\u2019\u00e9tait fait conna\u00eetre du grand public \u00e0 la fin des ann\u00e9es 1980 en tenant le premier r\u00f4le dans \u00ab\u00a0L\u2019Ours\u00a0\u00bb, grand succ\u00e8s en salles avec pr\u00e8s de neuf millions d\u2019entr\u00e9es.<\/p>\n<p class=\"paragraph text_align_left lp-f-body-02\">Nomm\u00e9 en 1983 au C\u00e9sar du meilleur espoir masculin, <a href=\"https:\/\/www.leparisien.fr\/seine-et-marne-77\/fontainebleau-77300\/fontainebleau-l-acteur-tcheky-karyo-en-visite-au-cinema-ermitage-03-05-2017-6913296.php\" target=\"_blank\" rel=\"noreferrer nofollow noopener\">Tch\u00e9ky Karyo<\/a> a jou\u00e9 dans environ 80 films, et collabor\u00e9 avec de nombreux cin\u00e9astes, en France et \u00e0 l\u2019\u00e9tranger, dont \u00c9ric Rohmer, Chantal Akerman, ou encore Ridley Scott.<\/p>\n<p>D\u00e9buts dans le cin\u00e9ma d\u2019auteur<\/p>\n<p class=\"paragraph text_align_left lp-f-body-02\">La carri\u00e8re de ce polyglotte ma\u00eetrisant le fran\u00e7ais, l\u2019anglais, l\u2019espagnol et l\u2019arabe avait d\u00e9but\u00e9 dans le cin\u00e9ma d\u2019auteur fran\u00e7ais, notamment en 1982 devant la cam\u00e9ra de Chantal Akerman pour \u00ab\u00a0Toute une nuit\u00a0\u00bb et devant celle d\u2019\u00c9ric Rohmer en 1984 dans \u00ab\u00a0Les Nuits de la pleine lune\u00a0\u00bb. L\u2019acteur a \u00e9galement eu une longue carri\u00e8re sur les planches et s\u2019\u00e9tait notamment produit au Festival d\u2019Avignon au d\u00e9but des ann\u00e9es 1980.<\/p>\n<p class=\"paragraph text_align_left lp-f-body-02\">Sa filmographie \u00e9clectique l\u2019a fait c\u00f4toyer Jean-Pierre Jeunet dans \u00ab\u00a0Le Fabuleux destin d\u2019Am\u00e9lie Poulain\u00a0\u00bb (2001) et l\u2019a port\u00e9 vers des cin\u00e9astes \u00e9trangers, notamment le Br\u00e9silien Walter Salles (\u00ab\u00a0Terra Estrangeira\u00a0\u00bb, 1995) ou l\u2019Am\u00e9ricain Ridley Scott dans \u00ab\u00a01492: Christophe Colomb\u00a0\u00bb aux c\u00f4t\u00e9s de G\u00e9rard Depardieu.<\/p>\n<p class=\"paragraph text_align_left lp-f-body-02\">\u00ab\u00a0Ce m\u00e9tier m\u2019a aid\u00e9 \u00e0 devenir un homme meilleur. L\u2019art dramatique est un moyen d\u2019aller sur un espace r\u00e9serv\u00e9 et magique dans lequel on entre en compagnie d\u2019autres personnes qui ont besoin aussi de cette pulsion et peut-\u00eatre de prendre du recul par rapport \u00e0 eux-m\u00eames\u00a0\u00bb, d\u00e9clarait-il en 2017 dans les colonnes du journal Midi Libre.<\/p>\n","protected":false},"excerpt":{"rendered":"Une c\u00e9r\u00e9monie d\u2019hommage \u00e0 l\u2019acteur franco turc Tch\u00e9ky Karyo, d\u00e9c\u00e9d\u00e9 le 1er\u00a0novembre, aura lieu le 13\u00a0novembre \u00e0 Paris,&hellip;\n","protected":false},"author":2,"featured_media":521544,"comment_status":"","ping_status":"","sticky":false,"template":"","format":"standard","meta":{"footnotes":""},"categories":[1888],"tags":[11,650,872,1777,674,1011,27,12,626,25],"class_list":{"0":"post-521543","1":"post","2":"type-post","3":"status-publish","4":"format-standard","5":"has-post-thumbnail","7":"category-paris","8":"tag-actualites","9":"tag-cinema","10":"tag-culture-et-loisirs","11":"tag-eu","12":"tag-europe","13":"tag-fr","14":"tag-france","15":"tag-news","16":"tag-paris","17":"tag-republique-francaise"},"share_on_mastodon":{"url":"https:\/\/pubeurope.com\/@fr\/115516653275909648","error":""},"_links":{"self":[{"href":"https:\/\/www.europesays.com\/fr\/wp-json\/wp\/v2\/posts\/521543","targetHints":{"allow":["GET"]}}],"collection":[{"href":"https:\/\/www.europesays.com\/fr\/wp-json\/wp\/v2\/posts"}],"about":[{"href":"https:\/\/www.europesays.com\/fr\/wp-json\/wp\/v2\/types\/post"}],"author":[{"embeddable":true,"href":"https:\/\/www.europesays.com\/fr\/wp-json\/wp\/v2\/users\/2"}],"replies":[{"embeddable":true,"href":"https:\/\/www.europesays.com\/fr\/wp-json\/wp\/v2\/comments?post=521543"}],"version-history":[{"count":0,"href":"https:\/\/www.europesays.com\/fr\/wp-json\/wp\/v2\/posts\/521543\/revisions"}],"wp:featuredmedia":[{"embeddable":true,"href":"https:\/\/www.europesays.com\/fr\/wp-json\/wp\/v2\/media\/521544"}],"wp:attachment":[{"href":"https:\/\/www.europesays.com\/fr\/wp-json\/wp\/v2\/media?parent=521543"}],"wp:term":[{"taxonomy":"category","embeddable":true,"href":"https:\/\/www.europesays.com\/fr\/wp-json\/wp\/v2\/categories?post=521543"},{"taxonomy":"post_tag","embeddable":true,"href":"https:\/\/www.europesays.com\/fr\/wp-json\/wp\/v2\/tags?post=521543"}],"curies":[{"name":"wp","href":"https:\/\/api.w.org\/{rel}","templated":true}]}}