{"id":521547,"date":"2025-11-08T23:24:27","date_gmt":"2025-11-08T23:24:27","guid":{"rendered":"https:\/\/www.europesays.com\/fr\/521547\/"},"modified":"2025-11-08T23:24:27","modified_gmt":"2025-11-08T23:24:27","slug":"une-attaque-massive-de-drones-russes-frappe-lukraine-plusieurs-victimes-selon-zelensky","status":"publish","type":"post","link":"https:\/\/www.europesays.com\/fr\/521547\/","title":{"rendered":"Une attaque massive de drones russes frappe l\u2019Ukraine, plusieurs victimes selon Zelensky"},"content":{"rendered":"<p style=\"text-align:justify;\">AA \/ Istanbul \/ Alperen Aktas<\/p>\n<p style=\"text-align:justify;\">Le pr\u00e9sident ukrainien Volodymyr Zelensky a d\u00e9clar\u00e9 samedi que la Russie avait lanc\u00e9 plus de 450 drones d\u2019attaque et 45 missiles de diff\u00e9rents types sur plusieurs r\u00e9gions du pays, provoquant des victimes et d\u2019importants d\u00e9g\u00e2ts mat\u00e9riels.<\/p>\n<p style=\"text-align:justify;\">\u00ab Une op\u00e9ration de secours est en cours \u00e0 Dnipro. Dans la nuit, la Russie a frapp\u00e9 la ville, touchant un immeuble r\u00e9sidentiel. \u00c0 ce stade, 11 personnes ont \u00e9t\u00e9 bless\u00e9es et une autre est d\u00e9c\u00e9d\u00e9e, \u00bb a indiqu\u00e9 Zelensky dans un message publi\u00e9 sur la plateforme Telegram, bas\u00e9e aux \u00c9mirats arabes unis.<\/p>\n<p style=\"text-align:justify;\">Le chef de l\u2019\u00c9tat a ajout\u00e9 qu\u2019un civil avait \u00e9galement \u00e9t\u00e9 tu\u00e9 dans la r\u00e9gion de Kharkiv, tandis que d\u2019autres victimes ont \u00e9t\u00e9 signal\u00e9es dans les r\u00e9gions de Kiev et Poltava.<\/p>\n<p style=\"text-align:justify;\">Selon lui, les drones russes ont vis\u00e9 des zones r\u00e9sidentielles, des infrastructures \u00e9nerg\u00e9tiques et d\u2019autres sites civils dans les r\u00e9gions de Dnipropetrovsk, Kirovohrad, Mykola\u00efv, Soumy, Tchernihiv et Odessa.<\/p>\n<p style=\"text-align:justify;\">Les services d\u2019urgence poursuivent les op\u00e9rations de secours et de d\u00e9blaiement dans les zones touch\u00e9es.<\/p>\n<p style=\"text-align:justify;\">\u00c0 Dnipro, deux personnes sont toujours port\u00e9es disparues apr\u00e8s qu\u2019un drone russe a percut\u00e9 un immeuble r\u00e9sidentiel, ont pr\u00e9cis\u00e9 les autorit\u00e9s locales.<\/p>\n<p style=\"text-align:justify;\">Les autorit\u00e9s russes n\u2019ont pas imm\u00e9diatement r\u00e9agi aux affirmations de Kiev, tandis qu\u2019une v\u00e9rification ind\u00e9pendante reste difficile en raison du conflit en cours depuis f\u00e9vrier 2022.<\/p>\n<p style=\"text-align:justify;\">\u200b\u200b\u200b\u200b\u200b\u200b\u200b<\/p>\n<p style=\"text-align:justify;\">* Traduit de l&rsquo;anglais par Adama Bamba<\/p>\n<p>                            &#13;<br \/>\n                                <a href=\"https:\/\/www.aa.com.tr\/fr\/p\/abonnement\/1001\" target=\"_blank\" style=\"font-size:12px; color:#444; text-decoration:none;\" rel=\"noopener\">&#13;<br \/>\n                                    Seulement une partie des d\u00e9p\u00eaches, que l&rsquo;Agence Anadolu diffuse \u00e0 ses abonn\u00e9s via le Syst\u00e8me de Diffusion interne (HAS), est diffus\u00e9e sur le site de l&rsquo;AA, de mani\u00e8re r\u00e9sum\u00e9e. <b style=\"color:#1897F7\">Contactez-nous s&rsquo;il vous pla\u00eet pour vous abonner.<\/b>&#13;<br \/>\n                                <\/a>&#13;<\/p>\n","protected":false},"excerpt":{"rendered":"AA \/ Istanbul \/ Alperen Aktas Le pr\u00e9sident ukrainien Volodymyr Zelensky a d\u00e9clar\u00e9 samedi que la Russie avait&hellip;\n","protected":false},"author":2,"featured_media":521548,"comment_status":"","ping_status":"","sticky":false,"template":"","format":"standard","meta":{"footnotes":""},"categories":[1591],"tags":[11,1785,1887,3482,12,1885,1886,132,220,134],"class_list":{"0":"post-521547","1":"post","2":"type-post","3":"status-publish","4":"format-standard","5":"has-post-thumbnail","7":"category-russie","8":"tag-actualites","9":"tag-anadolu-ajansi","10":"tag-federation-de-russie","11":"tag-guerre-russie-ukraine","12":"tag-news","13":"tag-russia","14":"tag-russian-federation","15":"tag-russie","16":"tag-ukraine","17":"tag-volodymyr-zelensky"},"share_on_mastodon":{"url":"https:\/\/pubeurope.com\/@fr\/115516661049960914","error":""},"_links":{"self":[{"href":"https:\/\/www.europesays.com\/fr\/wp-json\/wp\/v2\/posts\/521547","targetHints":{"allow":["GET"]}}],"collection":[{"href":"https:\/\/www.europesays.com\/fr\/wp-json\/wp\/v2\/posts"}],"about":[{"href":"https:\/\/www.europesays.com\/fr\/wp-json\/wp\/v2\/types\/post"}],"author":[{"embeddable":true,"href":"https:\/\/www.europesays.com\/fr\/wp-json\/wp\/v2\/users\/2"}],"replies":[{"embeddable":true,"href":"https:\/\/www.europesays.com\/fr\/wp-json\/wp\/v2\/comments?post=521547"}],"version-history":[{"count":0,"href":"https:\/\/www.europesays.com\/fr\/wp-json\/wp\/v2\/posts\/521547\/revisions"}],"wp:featuredmedia":[{"embeddable":true,"href":"https:\/\/www.europesays.com\/fr\/wp-json\/wp\/v2\/media\/521548"}],"wp:attachment":[{"href":"https:\/\/www.europesays.com\/fr\/wp-json\/wp\/v2\/media?parent=521547"}],"wp:term":[{"taxonomy":"category","embeddable":true,"href":"https:\/\/www.europesays.com\/fr\/wp-json\/wp\/v2\/categories?post=521547"},{"taxonomy":"post_tag","embeddable":true,"href":"https:\/\/www.europesays.com\/fr\/wp-json\/wp\/v2\/tags?post=521547"}],"curies":[{"name":"wp","href":"https:\/\/api.w.org\/{rel}","templated":true}]}}