{"id":521549,"date":"2025-11-08T23:25:13","date_gmt":"2025-11-08T23:25:13","guid":{"rendered":"https:\/\/www.europesays.com\/fr\/521549\/"},"modified":"2025-11-08T23:25:13","modified_gmt":"2025-11-08T23:25:13","slug":"ukraine-sept-morts-dans-des-frappes-russes-contre-des-sites-energetiques-08-11-2025-a-2342","status":"publish","type":"post","link":"https:\/\/www.europesays.com\/fr\/521549\/","title":{"rendered":"Ukraine-Sept morts dans des frappes russes contre des sites \u00e9nerg\u00e9tiques &#8211; 08\/11\/2025 \u00e0 23:42"},"content":{"rendered":"<p>\n (Actualis\u00e9 avec nouveau bilan)\n<\/p>\n<p>\n La Russie a lanc\u00e9<br \/>\nune nouvelle salve de drones et de missiles contre l&rsquo;Ukraine<br \/>\ndans la nuit de vendredi \u00e0 samedi, tuant au moins sept personnes<br \/>\net endommageant plusieurs grandes infrastructures \u00e9nerg\u00e9tiques<br \/>\ndans trois r\u00e9gions, ont d\u00e9clar\u00e9 des responsables ukrainiens.\n<\/p>\n<p>\n Le pr\u00e9sident Volodimir Zelensky a pr\u00e9cis\u00e9 que Moscou avait<br \/>\nlanc\u00e9 plus de 450 drones et 45 missiles, ciblant des sites<br \/>\n\u00e9nerg\u00e9tiques et d&rsquo;autres infrastructures \u00e0 travers l&rsquo;Ukraine.\n<\/p>\n<p>\n Trois personnes ont \u00e9t\u00e9 tu\u00e9es et douze bless\u00e9es \u00e0 Dnipro<br \/>\nlors d&rsquo;une frappe de drone russe contre un immeuble<br \/>\nd&rsquo;habitation. Trois autres personnes ont \u00e9t\u00e9 tu\u00e9es dans la<br \/>\nr\u00e9gion de Zaporijjia tandis qu&rsquo;une personne a \u00e9t\u00e9 tu\u00e9e dans la<br \/>\nr\u00e9gion de Kharkiv, selon les autorit\u00e9s locales.\n<\/p>\n<p>\n Des frappes russes ont endommag\u00e9 plusieurs grandes<br \/>\ninstallations \u00e9nerg\u00e9tiques dans les r\u00e9gions de Kyiv, de Poltava<br \/>\net de Kharkiv, a indiqu\u00e9 la Premi\u00e8re ministre Yulia Svyrydenko.\n<\/p>\n<p>\n L&rsquo;entreprise publique ukrainienne d&rsquo;\u00e9nergie Centrenergo a<br \/>\nd\u00e9clar\u00e9 que les attaques de la nuit \u00e9taient les plus importantes<br \/>\nmen\u00e9es contre ses installations depuis le d\u00e9but de la guerre en<br \/>\nf\u00e9vrier 2022, annon\u00e7ant qu&rsquo;elle avait suspendu ses op\u00e9rations<br \/>\ndans ses usines de Kyiv et Kharkiv.\n<\/p>\n<p>\n \u00ab\u00a0La derni\u00e8re attaque date d&rsquo;il n&rsquo;y a m\u00eame pas un mois et<br \/>\nl&rsquo;ennemi a d\u00e9sormais frapp\u00e9 toutes nos capacit\u00e9s \u00e9nerg\u00e9tiques en<br \/>\nm\u00eame temps. Les stations sont en feu\u00a0\u00bb, peut-on lire dans un<br \/>\ncommuniqu\u00e9 publi\u00e9 par Centrenergo.\n<\/p>\n<p>\n \u00ab\u00a0Nous avons d\u00e9sormais z\u00e9ro production.\u00a0\u00bb\n<\/p>\n<p>\n Volodimir Zelensky a d\u00e9clar\u00e9 que les frappes russes<br \/>\nillustraient la n\u00e9cessit\u00e9 d&rsquo;intensifier les sanctions contre<br \/>\nMoscou.\n<\/p>\n<p>\n \u00ab\u00a0Pour chaque attaque de Moscou contre les infrastructures<br \/>\n\u00e9nerg\u00e9tiques \u2013 visant \u00e0 nuire aux citoyens ordinaires avant<br \/>\nl&rsquo;hiver \u2013 il doit y avoir une riposte par des sanctions ciblant<br \/>\nl&rsquo;ensemble du secteur \u00e9nerg\u00e9tique russe, sans exception\u00a0\u00bb, a-t-il<br \/>\n\u00e9crit sur l&rsquo;application Telegram.\n<\/p>\n<p>\n Depuis le d\u00e9but de son offensive \u00e0 grande \u00e9chelle contre<br \/>\nl&rsquo;Ukraine, lanc\u00e9e il y a pr\u00e8s de quatre ans, la Russie a cibl\u00e9<br \/>\nle secteur \u00e9nerg\u00e9tique de son voisin \u00e0 mesure que les besoins en<br \/>\nchauffage augmentaient. Cet automne, Moscou a men\u00e9 neuf attaques<br \/>\ncontre des installations gazi\u00e8res en l&rsquo;espace de deux mois,<br \/>\nselon l&rsquo;entreprise d&rsquo;\u00c9tat ukrainienne Naftogaz.\n<\/p>\n<p>\n Le minist\u00e8re russe de la D\u00e9fense a pour sa part d\u00e9clar\u00e9<br \/>\navoir men\u00e9 \u00ab\u00a0une frappe massive avec des armes de haute pr\u00e9cision<br \/>\n\u00e0 longue port\u00e9e d\u00e9ploy\u00e9es depuis les airs, le sol et la mer\u00a0\u00bb<br \/>\ncontre les installations de production d&rsquo;armes et le secteur<br \/>\n\u00e9nerg\u00e9tique ukrainiens, en r\u00e9ponse aux frappes de Kyiv contre la<br \/>\nRussie.\n<\/p>\n<p>\n KYIV CIBLE UNE SOUS-STATION \u00c9LECTRIQUE\n<\/p>\n<p>\n L&rsquo;arm\u00e9e de l&rsquo;air ukrainienne a d\u00e9clar\u00e9 avoir abattu 406<br \/>\ndrones russes et neuf missiles, indiquant \u00e9galement que 26<br \/>\nmissiles russes et 52 drones avaient frapp\u00e9 25 sites \u00e0 travers<br \/>\nle pays.\n<\/p>\n<p>\n Yulia Svyrydenko a d\u00e9clar\u00e9 que le gouvernement et les<br \/>\nentreprises \u00e9nerg\u00e9tiques concentraient leurs efforts sur le<br \/>\nr\u00e9tablissement de l&rsquo;approvisionnement en \u00e9lectricit\u00e9 et en eau,<br \/>\nainsi que du chauffage, dans les villes touch\u00e9es par les<br \/>\nattaques russes.\n<\/p>\n<p>\n Dans la r\u00e9gion centrale de Poltava, deux villes \u2013<br \/>\nKremenchuk, qui compte environ 200.000 habitants, et Horishni<br \/>\nPlavni, qui en compte quelque 50.000 \u2013 ont perdu la majeure<br \/>\npartie de leur approvisionnement en \u00e9lectricit\u00e9 et ont d\u00fb<br \/>\nrecourir \u00e0 des g\u00e9n\u00e9rateurs pour assurer leur approvisionnement<br \/>\nen eau, selon des responsables municipaux.\n<\/p>\n<p>\n Trois drones ukrainiens ont en outre frapp\u00e9 dans la nuit de<br \/>\nvendredi \u00e0 samedi une sous-station \u00e9lectrique dans la r\u00e9gion de<br \/>\nVologda, dans le nord de la Russie, a d\u00e9clar\u00e9 le gouverneur de<br \/>\nla r\u00e9gion Georgy Filimonov.\n<\/p>\n<p>\n Les d\u00e9g\u00e2ts sont en cours d&rsquo;\u00e9valuation, a-t-il indiqu\u00e9 dans<br \/>\nun message sur Telegram, ajoutant que l&rsquo;approvisionnement en<br \/>\n\u00e9lectricit\u00e9 de la r\u00e9gion &#8211; situ\u00e9e au nord de Moscou et \u00e0 environ<br \/>\n1.900 km de l&rsquo;Ukraine &#8211; \u00e9tait maintenu.\n<\/p>\n<p>\n Deux personnes ont par ailleurs \u00e9t\u00e9 bless\u00e9es lors d&rsquo;une<br \/>\nfrappe de drone ukrainienne contre un immeuble r\u00e9sidentiel dans<br \/>\nla ville russe de Saratov, a d\u00e9clar\u00e9 samedi le gouverneur de la<br \/>\nr\u00e9gion, Roman Busargin.\n<\/p>\n<p>\n Saratov, ville industrielle situ\u00e9e sur la Volga \u00e0 625 km de<br \/>\nla fronti\u00e8re ukrainienne, a \u00e9t\u00e9 frapp\u00e9e \u00e0 plusieurs reprises par<br \/>\ndes drones ukrainiens depuis que la Russie a ordonn\u00e9 l&rsquo;envoi de<br \/>\ndizaines de milliers de soldats chez son voisin en f\u00e9vrier 2022.\n<\/p>\n<p>\n La r\u00e9gion de Vologda moins peupl\u00e9e, n&rsquo;est en revanche pas<br \/>\nr\u00e9guli\u00e8rement cibl\u00e9e par les frappes ukrainiennes.\n<\/p>\n<p>\n Le minist\u00e8re russe de la D\u00e9fense a par ailleurs d\u00e9clar\u00e9<br \/>\nsamedi avoir abattu 83 drones au cours de la nuit, la plupart<br \/>\nau-dessus de r\u00e9gions limitrophes de l&rsquo;Ukraine.\n<\/p>\n<p>\n (Reportage Olena Harmash \u00e0 Kyiv et r\u00e9daction de Reuters,<br \/>\nversion fran\u00e7aise Benjamin Mallet et Camille Raynaud)<\/p>\n","protected":false},"excerpt":{"rendered":"(Actualis\u00e9 avec nouveau bilan) La Russie a lanc\u00e9 une nouvelle salve de drones et de missiles contre l&rsquo;Ukraine&hellip;\n","protected":false},"author":2,"featured_media":2486,"comment_status":"","ping_status":"","sticky":false,"template":"","format":"standard","meta":{"footnotes":""},"categories":[1590],"tags":[400,11,398,408,405,1777,674,403,402,399,404,12,401,406,220,407],"class_list":{"0":"post-521549","1":"post","2":"type-post","3":"status-publish","4":"format-standard","5":"has-post-thumbnail","7":"category-ukraine","8":"tag-action-cac-40","9":"tag-actualites","10":"tag-bourse-de-paris","11":"tag-boursorama","12":"tag-cotations","13":"tag-eu","14":"tag-europe","15":"tag-indices-devises","16":"tag-investir","17":"tag-investissement","18":"tag-marche-boursier","19":"tag-news","20":"tag-sicav","21":"tag-trackers","22":"tag-ukraine","23":"tag-warrants"},"share_on_mastodon":{"url":"https:\/\/pubeurope.com\/@fr\/115516665115394162","error":""},"_links":{"self":[{"href":"https:\/\/www.europesays.com\/fr\/wp-json\/wp\/v2\/posts\/521549","targetHints":{"allow":["GET"]}}],"collection":[{"href":"https:\/\/www.europesays.com\/fr\/wp-json\/wp\/v2\/posts"}],"about":[{"href":"https:\/\/www.europesays.com\/fr\/wp-json\/wp\/v2\/types\/post"}],"author":[{"embeddable":true,"href":"https:\/\/www.europesays.com\/fr\/wp-json\/wp\/v2\/users\/2"}],"replies":[{"embeddable":true,"href":"https:\/\/www.europesays.com\/fr\/wp-json\/wp\/v2\/comments?post=521549"}],"version-history":[{"count":0,"href":"https:\/\/www.europesays.com\/fr\/wp-json\/wp\/v2\/posts\/521549\/revisions"}],"wp:featuredmedia":[{"embeddable":true,"href":"https:\/\/www.europesays.com\/fr\/wp-json\/wp\/v2\/media\/2486"}],"wp:attachment":[{"href":"https:\/\/www.europesays.com\/fr\/wp-json\/wp\/v2\/media?parent=521549"}],"wp:term":[{"taxonomy":"category","embeddable":true,"href":"https:\/\/www.europesays.com\/fr\/wp-json\/wp\/v2\/categories?post=521549"},{"taxonomy":"post_tag","embeddable":true,"href":"https:\/\/www.europesays.com\/fr\/wp-json\/wp\/v2\/tags?post=521549"}],"curies":[{"name":"wp","href":"https:\/\/api.w.org\/{rel}","templated":true}]}}