{"id":521554,"date":"2025-11-08T23:28:18","date_gmt":"2025-11-08T23:28:18","guid":{"rendered":"https:\/\/www.europesays.com\/fr\/521554\/"},"modified":"2025-11-08T23:28:18","modified_gmt":"2025-11-08T23:28:18","slug":"lallemagne-veut-assurer-les-retraites-en-financant-les-enfants-des-6-ans","status":"publish","type":"post","link":"https:\/\/www.europesays.com\/fr\/521554\/","title":{"rendered":"L&rsquo;Allemagne veut assurer les retraites en finan\u00e7ant les enfants d\u00e8s 6 ans"},"content":{"rendered":"<p>Pour garantir l\u2019avenir des retraites, l\u2019Allemagne propose de verser 10 euros par mois \u00e0 chaque enfant de 6 \u00e0 18 ans \u00e0 partir du 1er janvier 2027. Plac\u00e9e dans un fonds d\u2019investissement, cette somme serait bloqu\u00e9e pendant 50 ans pour constituer un capital retraite. Le projet doit encore \u00eatre pr\u00e9sent\u00e9 au Parlement.<\/p>\n<p>Pour sauver son syst\u00e8me de retraite par r\u00e9partition menac\u00e9 par le vieillissement de la population, Berlin veut ainsi favoriser l\u2019\u00e9pargne priv\u00e9e, puisque ces 10 euros par mois financ\u00e9s par l\u2019Etat seront investis dans un plan d\u2019investissement en Bourse.<\/p>\n<p>Les fonds seront bloqu\u00e9s jusqu\u2019\u00e0 la retraite, ce qui permettra d\u2019accumuler au moins 100&rsquo;000 euros de capital en 50 ans, selon les taux de rendements.<\/p>\n<p>Interrog\u00e9 dans le 19h30 de la RTS, un couple franco-allemand, parent de deux petites filles, est plut\u00f4t favorable \u00e0 l&rsquo;id\u00e9e. \u00ab\u00a0C\u2019est plut\u00f4t bien d\u2019avoir des placements organis\u00e9s par l&rsquo;Etat et qui motivent \u00e0 \u00e9pargner\u00a0\u00bb, commente Edouard Hundemer, le papa.<\/p>\n<p>\u00ab\u00a0C\u2019est aussi une piq\u00fbre de rappel bien utile, parce qu\u2019on sait que le d\u00e9ficit des caisses de retraites se creuse et qu\u2019\u00e0 long terme, les pensions ne suffiront plus pour vivre d\u00e9cemment\u00a0\u00bb, ajoute Christine Laue, la maman.<\/p>\n<p>Miser sur le long terme<\/p>\n<p>Avec cette cotisation retraite anticip\u00e9e, financ\u00e9e par l\u2019Etat mais g\u00e9r\u00e9e par le priv\u00e9, l\u2019Allemagne veut familiariser les jeunes avec l\u2019\u00e9pargne le plus t\u00f4t possible.<\/p>\n<p>Si les taux de rendement sont au rendez-vous, la somme finale pourrait atteindre 107&rsquo;000 euros, selon les calculs de Sparkasse, une banque d\u2019\u00e9pargne. \u00ab\u00a0C\u2019est une bonne chose de commencer \u00e0 \u00e9pargner d\u00e8s le plus jeune \u00e2ge, car c\u2019est math\u00e9matique: en commen\u00e7ant d\u00e8s l\u2019enfance et avec l\u2019effet du taux d\u2019int\u00e9r\u00eat, on peut accumuler un capital important et \u00e9viter ainsi des probl\u00e8mes plus tard\u00a0\u00bb, explique Thorsten Artelt, conseiller en placements.<\/p>\n<p>Une fois la majorit\u00e9 atteinte, le titulaire du compte pourra continuer d&rsquo;alimenter son compte jusqu\u2019\u00e0 la retraite.<\/p>\n<p> &gt;&gt; Voir aussi l&rsquo;\u00e9clairage du 19h30 sur d&rsquo;autres propositions de revenus pour les retrait\u00e9s ailleurs en Europe\u00a0:   <img decoding=\"async\" class=\"embed-responsive-item\" loading=\"lazy\" src=\"https:\/\/www.europesays.com\/fr\/wp-content\/uploads\/2025\/11\/owz5jc-29053018.image\" alt=\"Des propositions de nouveaux revenus pour les retrait\u00e9s en Europe\"\/>    Des propositions de nouveaux revenus pour les retrait\u00e9s en Europe \/ 19h30 \/ 1 min. \/ hier \u00e0 19:30 Syst\u00e8me compl\u00e9mentaire<\/p>\n<p>Face au vieillissement de la population, le gouvernement esp\u00e8re ainsi compl\u00e9ter le syst\u00e8me de retraite public. Une bonne id\u00e9e, selon Peter Haan, \u00e9conomiste \u00e0 l\u2019institut DIW, mais \u00e0 une condition: \u00ab\u00a0Avec ce genre de produits, il y a toujours des risques et il faut \u00e9videmment apprendre des erreurs pass\u00e9es. Le gouvernement a donc tout int\u00e9r\u00eat \u00e0 choisir un produit standard bon march\u00e9 et sur lequel les instituts bancaires ne peuvent pas obtenir des rendements trop \u00e9lev\u00e9s pour garantir que cet argent finance vraiment les retraites.\u00a0\u00bb<\/p>\n<p>Le projet devrait co\u00fbter environ un milliard d\u2019euros chaque ann\u00e9e \u00e0 l\u2019Etat allemand.<\/p>\n<p class=\"sources\">Anne Maillet\/juma<\/p>\n","protected":false},"excerpt":{"rendered":"Pour garantir l\u2019avenir des retraites, l\u2019Allemagne propose de verser 10 euros par mois \u00e0 chaque enfant de 6&hellip;\n","protected":false},"author":2,"featured_media":521555,"comment_status":"","ping_status":"","sticky":false,"template":"","format":"standard","meta":{"footnotes":""},"categories":[1587],"tags":[11,672,523,1804,1805,1803,847,16309,1777,450,674,1801,418,74,12,316,61157,1802,137,801],"class_list":{"0":"post-521554","1":"post","2":"type-post","3":"status-publish","4":"format-standard","5":"has-post-thumbnail","7":"category-allemagne","8":"tag-actualites","9":"tag-allemagne","10":"tag-banque","11":"tag-bundesrepublik-deutschland","12":"tag-de","13":"tag-deutschland","14":"tag-enfant","15":"tag-etat","16":"tag-eu","17":"tag-euro","18":"tag-europe","19":"tag-germany","20":"tag-gouvernement","21":"tag-monde","22":"tag-news","23":"tag-politique","24":"tag-rendement","25":"tag-republique-federale-dallemagne","26":"tag-retraite","27":"tag-social"},"share_on_mastodon":{"url":"https:\/\/pubeurope.com\/@fr\/115516678104845895","error":""},"_links":{"self":[{"href":"https:\/\/www.europesays.com\/fr\/wp-json\/wp\/v2\/posts\/521554","targetHints":{"allow":["GET"]}}],"collection":[{"href":"https:\/\/www.europesays.com\/fr\/wp-json\/wp\/v2\/posts"}],"about":[{"href":"https:\/\/www.europesays.com\/fr\/wp-json\/wp\/v2\/types\/post"}],"author":[{"embeddable":true,"href":"https:\/\/www.europesays.com\/fr\/wp-json\/wp\/v2\/users\/2"}],"replies":[{"embeddable":true,"href":"https:\/\/www.europesays.com\/fr\/wp-json\/wp\/v2\/comments?post=521554"}],"version-history":[{"count":0,"href":"https:\/\/www.europesays.com\/fr\/wp-json\/wp\/v2\/posts\/521554\/revisions"}],"wp:featuredmedia":[{"embeddable":true,"href":"https:\/\/www.europesays.com\/fr\/wp-json\/wp\/v2\/media\/521555"}],"wp:attachment":[{"href":"https:\/\/www.europesays.com\/fr\/wp-json\/wp\/v2\/media?parent=521554"}],"wp:term":[{"taxonomy":"category","embeddable":true,"href":"https:\/\/www.europesays.com\/fr\/wp-json\/wp\/v2\/categories?post=521554"},{"taxonomy":"post_tag","embeddable":true,"href":"https:\/\/www.europesays.com\/fr\/wp-json\/wp\/v2\/tags?post=521554"}],"curies":[{"name":"wp","href":"https:\/\/api.w.org\/{rel}","templated":true}]}}