{"id":521563,"date":"2025-11-08T23:33:11","date_gmt":"2025-11-08T23:33:11","guid":{"rendered":"https:\/\/www.europesays.com\/fr\/521563\/"},"modified":"2025-11-08T23:33:11","modified_gmt":"2025-11-08T23:33:11","slug":"un-double-record-pour-penaud-les-springboks-voient-rouge-mais-renversent-les-bleus-le-resume-video","status":"publish","type":"post","link":"https:\/\/www.europesays.com\/fr\/521563\/","title":{"rendered":"un doubl\u00e9 record pour Penaud, les Springboks voient rouge mais renversent les Bleus&#8230; Le r\u00e9sum\u00e9 vid\u00e9o"},"content":{"rendered":"<p>\n    <strong>EN VID\u00c9O <\/strong>&#8211; Retrouvez le r\u00e9sum\u00e9 vid\u00e9o de la d\u00e9faite du XV de France face aux champions du monde sud-africains (17-32).<\/p>\n<p class=\"fig-paragraph\">Pas de revanche dans l\u2019air&#8230;. Mais beaucoup de regrets, encore, et une d\u00e9b\u00e2cle \u00e0 l\u2019arriv\u00e9e. Ce samedi au Stade de France,\u00a0<a href=\"https:\/\/www.lefigaro.fr\/sports\/rugby\/xv-de-france\/en-direct-france-afrique-du-sud-parfum-de-revanche-et-choc-des-titans-au-stade-de-france-20251108\" data-fig-type=\"Live\" data-gtm-custom-categorie=\"navigation\" data-gtm-custom-action=\"crossclick\" data-gtm-custom-label=\"Contextuel\" data-gtm-event=\"customEventSPE\" data-fig-domain=\"LEFIGARO\" target=\"_blank\" rel=\"noopener\">le XV de France a c\u00e9d\u00e9 face aux champions du monde sud-africains (17-32),\u00a0<\/a>redoutables d\u2019efficacit\u00e9 en seconde p\u00e9riode.<\/p>\n<p class=\"fig-paragraph\">Les Bleus de Fabien Galthi\u00e9, port\u00e9s un doubl\u00e9 de Damian Penaud &#8211; nouveau recordman d\u2019essais en s\u00e9lection (40 r\u00e9alisations, devant les 38 de Serge Blanco) &#8211; menaient pourtant \u00e0 la mi-temps (14-13) et se sont retrouv\u00e9s de longues minutes \u00e0 15 contre 14 suite au carton rouge donn\u00e9 \u00e0 Lood De Jager juste avant la mi-temps. Mais ils ont subi la tonitruante mont\u00e9e en puissance des Springboks, qui repartent \u00e0 nouveau vainqueurs de Saint-Denis&#8230; Le r\u00e9sum\u00e9 du choc en vid\u00e9o.<\/p>\n","protected":false},"excerpt":{"rendered":"EN VID\u00c9O &#8211; Retrouvez le r\u00e9sum\u00e9 vid\u00e9o de la d\u00e9faite du XV de France face aux champions du&hellip;\n","protected":false},"author":2,"featured_media":521564,"comment_status":"","ping_status":"","sticky":false,"template":"","format":"standard","meta":{"footnotes":""},"categories":[4],"tags":[11,5594,4363,1011,27,12,25,21067,513],"class_list":{"0":"post-521563","1":"post","2":"type-post","3":"status-publish","4":"format-standard","5":"has-post-thumbnail","7":"category-france","8":"tag-actualites","9":"tag-afrique-du-sud","10":"tag-damian-penaud","11":"tag-fr","12":"tag-france","13":"tag-news","14":"tag-republique-francaise","15":"tag-springboks","16":"tag-xv-de-france"},"share_on_mastodon":{"url":"https:\/\/pubeurope.com\/@fr\/115516696366778013","error":""},"_links":{"self":[{"href":"https:\/\/www.europesays.com\/fr\/wp-json\/wp\/v2\/posts\/521563","targetHints":{"allow":["GET"]}}],"collection":[{"href":"https:\/\/www.europesays.com\/fr\/wp-json\/wp\/v2\/posts"}],"about":[{"href":"https:\/\/www.europesays.com\/fr\/wp-json\/wp\/v2\/types\/post"}],"author":[{"embeddable":true,"href":"https:\/\/www.europesays.com\/fr\/wp-json\/wp\/v2\/users\/2"}],"replies":[{"embeddable":true,"href":"https:\/\/www.europesays.com\/fr\/wp-json\/wp\/v2\/comments?post=521563"}],"version-history":[{"count":0,"href":"https:\/\/www.europesays.com\/fr\/wp-json\/wp\/v2\/posts\/521563\/revisions"}],"wp:featuredmedia":[{"embeddable":true,"href":"https:\/\/www.europesays.com\/fr\/wp-json\/wp\/v2\/media\/521564"}],"wp:attachment":[{"href":"https:\/\/www.europesays.com\/fr\/wp-json\/wp\/v2\/media?parent=521563"}],"wp:term":[{"taxonomy":"category","embeddable":true,"href":"https:\/\/www.europesays.com\/fr\/wp-json\/wp\/v2\/categories?post=521563"},{"taxonomy":"post_tag","embeddable":true,"href":"https:\/\/www.europesays.com\/fr\/wp-json\/wp\/v2\/tags?post=521563"}],"curies":[{"name":"wp","href":"https:\/\/api.w.org\/{rel}","templated":true}]}}