{"id":521567,"date":"2025-11-08T23:36:11","date_gmt":"2025-11-08T23:36:11","guid":{"rendered":"https:\/\/www.europesays.com\/fr\/521567\/"},"modified":"2025-11-08T23:36:11","modified_gmt":"2025-11-08T23:36:11","slug":"tournee-dautomne-2025-france-fidji-date-heure-stade-tout-savoir-sur-le-prochain-match-des-bleus","status":"publish","type":"post","link":"https:\/\/www.europesays.com\/fr\/521567\/","title":{"rendered":"Tourn\u00e9e d&rsquo;automne 2025. France \u2013 Fidji\u00a0: date, heure, stade\u2026 Tout savoir sur le prochain match des Bleus"},"content":{"rendered":"<p>\n                Pour le deuxi\u00e8me\u00a0match de la tourn\u00e9e de novembre\u00a02025, le XV de France recevra les Fidji. Date, horaire, lieu\u2026 D\u00e9couvrez tout ce qu\u2019il faut savoir sur la prochaine rencontre des Bleus\u00a0!\n            <\/p>\n<p>Le XV de France commen\u00e7ait fort avec la r\u00e9ception des Springboks ce samedi 8\u00a0novembre 2025 au Stade de France. Et les Bleus ont subi <a href=\"https:\/\/www.rugbyrama.fr\/2025\/11\/08\/france-afrique-du-sud-les-bleus-balayes-par-des-springboks-pourtant-reduits-a-14-au-stade-de-france-13041932.php\" target=\"_self\" rel=\"nofollow noopener\"><strong>la loi des doubles champions du monde<\/strong><\/a>. Les hommes de Fabien Galthi\u00e9 recevront les Fidji <strong>le 15\u00a0novembre prochain<\/strong> pour un nouveau duel dans un style relativement diff\u00e9rent. Les co\u00e9quipiers de Jiuta Wainiqolo ont affront\u00e9 l\u2019Angleterre ce samedi sur la pelouse de Twickenham.<\/p>\n<p>\u00c0 quelle heure et sur quelle cha\u00eene\u00a0?<\/p>\n<p>Pour ce deuxi\u00e8me choc international, la bande \u00e0 Thomas Ramos accueillera les \u00celiens sur la pelouse du Matmut Atlantique de Bordeaux, seule enceinte\u00a0hors Stade de France\u00a0retenue pour cette tourn\u00e9e de novembre. Le coup d\u2019envoi de cette rencontre aura lieu \u00e0 21h10, heure locale. Le deuxi\u00e8me test des Bleus sera diffus\u00e9 sur TF1.<\/p>\n<p>La derni\u00e8re fois que les Fran\u00e7ais ont affront\u00e9 les Fidjiens, cela remonte \u00e0 ao\u00fbt\u00a02023, en opposition de pr\u00e9paration en vue de la Coupe du monde en France. Les Tricolores s\u2019\u00e9taient impos\u00e9s 34-17, c&rsquo;\u00e9tait sur la Beaujoire \u00e0 Nantes.<\/p>\n","protected":false},"excerpt":{"rendered":"Pour le deuxi\u00e8me\u00a0match de la tourn\u00e9e de novembre\u00a02025, le XV de France recevra les Fidji. Date, horaire, lieu\u2026&hellip;\n","protected":false},"author":2,"featured_media":521568,"comment_status":"","ping_status":"","sticky":false,"template":"","format":"standard","meta":{"footnotes":""},"categories":[1416],"tags":[1011,27,479,1468,60],"class_list":{"0":"post-521567","1":"post","2":"type-post","3":"status-publish","4":"format-standard","5":"has-post-thumbnail","7":"category-rugby","8":"tag-fr","9":"tag-france","10":"tag-rugby","11":"tag-rugby-football","12":"tag-sports"},"share_on_mastodon":{"url":"https:\/\/pubeurope.com\/@fr\/115516708422975134","error":""},"_links":{"self":[{"href":"https:\/\/www.europesays.com\/fr\/wp-json\/wp\/v2\/posts\/521567","targetHints":{"allow":["GET"]}}],"collection":[{"href":"https:\/\/www.europesays.com\/fr\/wp-json\/wp\/v2\/posts"}],"about":[{"href":"https:\/\/www.europesays.com\/fr\/wp-json\/wp\/v2\/types\/post"}],"author":[{"embeddable":true,"href":"https:\/\/www.europesays.com\/fr\/wp-json\/wp\/v2\/users\/2"}],"replies":[{"embeddable":true,"href":"https:\/\/www.europesays.com\/fr\/wp-json\/wp\/v2\/comments?post=521567"}],"version-history":[{"count":0,"href":"https:\/\/www.europesays.com\/fr\/wp-json\/wp\/v2\/posts\/521567\/revisions"}],"wp:featuredmedia":[{"embeddable":true,"href":"https:\/\/www.europesays.com\/fr\/wp-json\/wp\/v2\/media\/521568"}],"wp:attachment":[{"href":"https:\/\/www.europesays.com\/fr\/wp-json\/wp\/v2\/media?parent=521567"}],"wp:term":[{"taxonomy":"category","embeddable":true,"href":"https:\/\/www.europesays.com\/fr\/wp-json\/wp\/v2\/categories?post=521567"},{"taxonomy":"post_tag","embeddable":true,"href":"https:\/\/www.europesays.com\/fr\/wp-json\/wp\/v2\/tags?post=521567"}],"curies":[{"name":"wp","href":"https:\/\/api.w.org\/{rel}","templated":true}]}}