{"id":521569,"date":"2025-11-08T23:37:10","date_gmt":"2025-11-08T23:37:10","guid":{"rendered":"https:\/\/www.europesays.com\/fr\/521569\/"},"modified":"2025-11-08T23:37:10","modified_gmt":"2025-11-08T23:37:10","slug":"wta-finals-rybakina-veut-poursuivre-en-2026-sports","status":"publish","type":"post","link":"https:\/\/www.europesays.com\/fr\/521569\/","title":{"rendered":"WTA Finals : Rybakina veut poursuivre en 2026 : Sports"},"content":{"rendered":"<p class=\"date\">\n                                                            Thibaut Simon, Media365 : publi\u00e9 le samedi 08 novembre 2025 \u00e0 23h29\n                                                    <\/p>\n<p>Elena Rybakina a remport\u00e9 son premier titre lors des WTA Finals ce samedi. En s&rsquo;offrant Aryna Sabalenka (6-3, 7-6 [0]), la Kazakhstanaise veut surfer sur cette dynamique la saison prochaine.<\/p>\n<p>Apr\u00e8s Wimbledon (2022), Elena Rybakina vient d&rsquo;ajouter ce samedi 8 novembre 2025 le deuxi\u00e8me titre le plus important de sa carri\u00e8re. Sixi\u00e8me joueuse mondiale, la Kazakhstanaise n&rsquo;est pas arriv\u00e9e aux WTA Finals avec le statut de favorite. Pourtant, elle a r\u00e9alis\u00e9 une semaine parfaite en remportant ses cinq matchs, <a href=\"https:\/\/sports.orange.fr\/tennis\/wta\/article\/wta-finals-rybakina-domine-sabalenka-pour-remporter-le-titre-CNT000002lDiuu.html\" rel=\"nofollow noopener\" target=\"_blank\">jusqu&rsquo;\u00e0 s&rsquo;offrir Aryna Sabalenka<\/a> en finale, num\u00e9ro une mondiale et qui court toujours apr\u00e8s un premier succ\u00e8s dans ce Masters de fin d&rsquo;ann\u00e9e. Meilleure r\u00e9alisatrice d&rsquo;aces de la saison (513), Rybakina a surpris son monde. Pourtant, c&rsquo;est bien elle qui \u00e9tait sur une dynamique positive en cette fin d&rsquo;ann\u00e9e. Apr\u00e8s son titre \u00e0 Ningbo (Chine) contre Ekaterina Alexandrova, elle avait d\u00e9clar\u00e9 forfait au troisi\u00e8me tour de Tokyo. Pr\u00eate pour les WTA Finals, elle a domin\u00e9 Amanda Anisimova d\u00e8s son entr\u00e9e en lice <a href=\"https:\/\/sports.orange.fr\/tennis\/wta\/article\/wta-masters-rybakina-s-offre-swiatek-et-se-rapproche-des-demies-CNT000002ly5Rw.html\" rel=\"nofollow noopener\" target=\"_blank\">avant de renverser Iga Swiatek (2e)<\/a> en trois manches, infligeant un 6-1, 6-0 \u00e0 la Polonaise.<\/p>\n<p>Concentr\u00e9e du d\u00e9but \u00e0 la fin<\/p>\n<p>Impressionnante tout au long de la semaine, Rybakina a mis\u00e9 sur son service. 48 aces (5 matchs) et un tr\u00e8s bon pourcentage de points derri\u00e8re sa premi\u00e8re (plus de 73 %), la laur\u00e9ate 2025 a terrass\u00e9 ses adversaires. Surprenante dans le jeu, elle s&rsquo;est impos\u00e9e en patronne face \u00e0 Sabalenka. Sa satisfaction \u00e0 la fin de la rencontre \u00e9tait \u00e9videmment au rendez-vous. \u00ab J&rsquo;\u00e9tais vraiment tr\u00e8s concentr\u00e9e du d\u00e9but \u00e0 la fin. J&rsquo;ai eu des temps tr\u00e8s forts, des occasions. Mais Aryna est une vraie battante, elle s&rsquo;est accroch\u00e9e avec des gros services dans le deuxi\u00e8me set. J&rsquo;ai d\u00fb aller chercher loin et je suis vraiment contente que \u00e7a ait tourn\u00e9 en ma faveur. \u00bb<\/p>\n<p>Gr\u00e2ce \u00e0 ce succ\u00e8s, Rybakina va passer d\u00e8s lundi \u00e0 la 5e place. Une r\u00e9compense pour sa saison et cette fin d&rsquo;ann\u00e9e en fanfare. L&rsquo;objectif est clair, se tourner vers 2026 en gardant cette stabilit\u00e9 sur la saison pour peut-\u00eatre, remporter d&rsquo;autres titres et pourquoi pas un deuxi\u00e8me Grand Chelem en carri\u00e8re. \u00ab Un r\u00e9sultat comme \u00e7a me motive beaucoup. J&rsquo;esp\u00e8re pouvoir me reposer correctement et conserver la m\u00eame \u00e9nergie l&rsquo;an prochain. J&rsquo;esp\u00e8re que je pourrais encore m&rsquo;am\u00e9liorer et bien lancer la saison. Je suis vraiment contente d&rsquo;avoir r\u00e9ussi \u00e0 rester stable tout au long du tournoi ici et j&rsquo;esp\u00e8re garder cette stabilit\u00e9 en 2026. \u00bb<\/p>\n","protected":false},"excerpt":{"rendered":"Thibaut Simon, Media365 : publi\u00e9 le samedi 08 novembre 2025 \u00e0 23h29 Elena Rybakina a remport\u00e9 son premier&hellip;\n","protected":false},"author":2,"featured_media":521570,"comment_status":"","ping_status":"","sticky":false,"template":"","format":"standard","meta":{"footnotes":""},"categories":[1415],"tags":[1011,27,60,1467],"class_list":{"0":"post-521569","1":"post","2":"type-post","3":"status-publish","4":"format-standard","5":"has-post-thumbnail","7":"category-tennis","8":"tag-fr","9":"tag-france","10":"tag-sports","11":"tag-tennis"},"share_on_mastodon":{"url":"https:\/\/pubeurope.com\/@fr\/115516712094779091","error":""},"_links":{"self":[{"href":"https:\/\/www.europesays.com\/fr\/wp-json\/wp\/v2\/posts\/521569","targetHints":{"allow":["GET"]}}],"collection":[{"href":"https:\/\/www.europesays.com\/fr\/wp-json\/wp\/v2\/posts"}],"about":[{"href":"https:\/\/www.europesays.com\/fr\/wp-json\/wp\/v2\/types\/post"}],"author":[{"embeddable":true,"href":"https:\/\/www.europesays.com\/fr\/wp-json\/wp\/v2\/users\/2"}],"replies":[{"embeddable":true,"href":"https:\/\/www.europesays.com\/fr\/wp-json\/wp\/v2\/comments?post=521569"}],"version-history":[{"count":0,"href":"https:\/\/www.europesays.com\/fr\/wp-json\/wp\/v2\/posts\/521569\/revisions"}],"wp:featuredmedia":[{"embeddable":true,"href":"https:\/\/www.europesays.com\/fr\/wp-json\/wp\/v2\/media\/521570"}],"wp:attachment":[{"href":"https:\/\/www.europesays.com\/fr\/wp-json\/wp\/v2\/media?parent=521569"}],"wp:term":[{"taxonomy":"category","embeddable":true,"href":"https:\/\/www.europesays.com\/fr\/wp-json\/wp\/v2\/categories?post=521569"},{"taxonomy":"post_tag","embeddable":true,"href":"https:\/\/www.europesays.com\/fr\/wp-json\/wp\/v2\/tags?post=521569"}],"curies":[{"name":"wp","href":"https:\/\/api.w.org\/{rel}","templated":true}]}}