{"id":521573,"date":"2025-11-08T23:42:17","date_gmt":"2025-11-08T23:42:17","guid":{"rendered":"https:\/\/www.europesays.com\/fr\/521573\/"},"modified":"2025-11-08T23:42:17","modified_gmt":"2025-11-08T23:42:17","slug":"une-decision-fracassante-du-real-madrid-avec-vinicius","status":"publish","type":"post","link":"https:\/\/www.europesays.com\/fr\/521573\/","title":{"rendered":"Une d\u00e9cision fracassante du Real Madrid avec Vinicius ?"},"content":{"rendered":"<p>Selon des informations d\u00e9voil\u00e9es cette semaine par le m\u00e9dia allemand BILD, les dirigeants madril\u00e8nes envisagent s\u00e9rieusement de se s\u00e9parer de Vinicius d\u00e8s l\u2019\u00e9t\u00e9 prochain. \u00c0 25 ans, l\u2019ailier br\u00e9silien peine \u00e0 retrouver la constance et l\u2019impact qui avaient fait de lui l\u2019un des meilleur joueur du monde. Depuis sa d\u00e9convenue au Ballon d\u2019Or face \u00e0 Rodri en 2023, la dynamique s\u2019est invers\u00e9e au <a href=\"https:\/\/www.onzemondial.com\/etranger\/real-madrid.html\" target=\"_blank\" rel=\"noopener\">Real Madrid<\/a> avec l\u2019\u00e9closion spectaculaire de Jude Bellingham et l\u2019arriv\u00e9e de Kylian Mbapp\u00e9. Le Br\u00e9silien se retrouve aujourd\u2019hui rel\u00e9gu\u00e9 au second plan par Xabi Alonso. Le signal d\u2019alarme s\u2019est allum\u00e9 lors de la r\u00e9cente d\u00e9faite 1-0 \u00e0 Anfield en <a href=\"https:\/\/www.onzemondial.com\/etranger\/ligue-des-champions.html\" target=\"_blank\" rel=\"noopener\">Ligue des Champions<\/a> contre Liverpool. Ce soir-l\u00e0, Vin\u00edcius a souffert face \u00e0 Conor Bradley, incapable de faire la diff\u00e9rence dans les un-contre-un, souvent brouillon dans ses choix, et sans le moindre tir cadr\u00e9. Une prestation qui a crisp\u00e9 au sein du staff madril\u00e8ne.<\/p>\n<p>Le Cl\u00e1sico, p\u00each\u00e9 originel de Vinicius<\/p>\n<p>Il faut remonter aussi au dernier Cl\u00e1sico contre le <a href=\"https:\/\/www.onzemondial.com\/etranger\/fc-barcelone.html\" target=\"_blank\" rel=\"noopener\">Bar\u00e7a<\/a> pour comprendre la situation de Vinicius. Remplac\u00e9 en seconde p\u00e9riode, le joueur n\u2019avait pas su cacher sa frustration. Les cam\u00e9ras de t\u00e9l\u00e9vision ont \u00e0 ce moment pr\u00e9cis, capt\u00e9 une sc\u00e8ne qui avait fait le tour des r\u00e9seaux sociaux : \u00abMoi ? Moi ? Coach ! Moi ?\u00bb, avait-il lanc\u00e9, furieux, avant de quitter le terrain en hurlant : \u00abC\u2019est toujours moi. Je quitte l\u2019\u00e9quipe. Je ferais mieux de partir.\u00bb Il avait ensuite pr\u00e9sent\u00e9 ses excuses au club. Cependant, le mal \u00e9tait fait. Quelques heures plus tard, The Athletic publiait un article affirmant que plusieurs joueurs remettaient en cause la rigidit\u00e9 tactique du nouvel entra\u00eeneur. Et selon BILD, certains responsables du club soup\u00e7onnent que l\u2019entourage de Vin\u00edcius ait contribu\u00e9 \u00e0 ces fuites internes. Un climat d\u00e9l\u00e9t\u00e8re, qui n\u2019a fait qu\u2019aggraver la fracture entre le joueur et l\u2019\u00e9tat-major madril\u00e8ne.<\/p>\n<p>\u00c0 lire aussi :Encore des tensions en Liga, Perez en aurait assez de lui<\/p>\n<p>Un dernier \u00e9pisode n\u2019a pas arrang\u00e9 sa situation, au contraire. Lors du match de <a href=\"https:\/\/www.onzemondial.com\/etranger\/espagne.html\" target=\"_blank\" rel=\"noopener\">Liga<\/a> face \u00e0 Valence, Vin\u00edcius s\u2019est empar\u00e9 d\u2019un penalty habituellement r\u00e9serv\u00e9 \u00e0 Mbapp\u00e9 avant de le manquer. Un geste mal per\u00e7u, autant par Xabi Alonso que par certains co\u00e9quipiers, qui y ont vu une marque d\u2019\u00e9go mal plac\u00e9 plut\u00f4t qu\u2019un exc\u00e8s de confiance. Florentino P\u00e9rez, longtemps soutien important du Br\u00e9silien, semble d\u00e9sormais avoir tranch\u00e9. Le pr\u00e9sident madril\u00e8ne se range sans ambigu\u00eft\u00e9 son entra\u00eeneur, et l\u2019id\u00e9e d\u2019un d\u00e9part \u00e0 l\u2019\u00e9t\u00e9 2026 prend forme. Le Real, qui souhaite \u00e9viter une perte de valeur sur un joueur dont le contrat expire dans un an, pourrait \u00e9couter les offres si elles atteignent au moins 150 millions d\u2019euros. Une somme inf\u00e9rieure \u00e0 son estimation de 200 millions il y a un an \u00e0 peine.<\/p>\n<p>   Partagez cette info avec vos amis et vos proches en cliquant ici<br \/> Pour r\u00e9sumer<\/p>\n<p>Vin\u00edcius Jr, jadis star du Real Madrid, voit son avenir menac\u00e9. En difficult\u00e9 et \u00e9clips\u00e9 par Mbapp\u00e9 et Bellingham, il a d\u00e9\u00e7u lors des derniers matchs. Son attitude lors du dernier Cl\u00e1sico a crisp\u00e9 le club, qui envisagerait de le vendre d\u00e8s l\u2019\u00e9t\u00e9 prochain.<\/p>\n<p>R\u00e9dacteur<\/p>\n<p><img decoding=\"async\" width=\"76\" height=\"76\" loading=\"lazy\" src=\"https:\/\/www.europesays.com\/fr\/wp-content\/uploads\/2025\/04\/avatar-onze.webp.webp\" alt=\"J\u00e9r\u00e9my lhostis\"\/><\/p>\n","protected":false},"excerpt":{"rendered":"Selon des informations d\u00e9voil\u00e9es cette semaine par le m\u00e9dia allemand BILD, les dirigeants madril\u00e8nes envisagent s\u00e9rieusement de se&hellip;\n","protected":false},"author":2,"featured_media":521574,"comment_status":"","ping_status":"","sticky":false,"template":"","format":"standard","meta":{"footnotes":""},"categories":[1410],"tags":[59813,63,1011,27,4790,60],"class_list":{"0":"post-521573","1":"post","2":"type-post","3":"status-publish","4":"format-standard","5":"has-post-thumbnail","7":"category-football","8":"tag-espagne-liga","9":"tag-football","10":"tag-fr","11":"tag-france","12":"tag-real-madrid","13":"tag-sports"},"share_on_mastodon":{"url":"https:\/\/pubeurope.com\/@fr\/115516732631919839","error":""},"_links":{"self":[{"href":"https:\/\/www.europesays.com\/fr\/wp-json\/wp\/v2\/posts\/521573","targetHints":{"allow":["GET"]}}],"collection":[{"href":"https:\/\/www.europesays.com\/fr\/wp-json\/wp\/v2\/posts"}],"about":[{"href":"https:\/\/www.europesays.com\/fr\/wp-json\/wp\/v2\/types\/post"}],"author":[{"embeddable":true,"href":"https:\/\/www.europesays.com\/fr\/wp-json\/wp\/v2\/users\/2"}],"replies":[{"embeddable":true,"href":"https:\/\/www.europesays.com\/fr\/wp-json\/wp\/v2\/comments?post=521573"}],"version-history":[{"count":0,"href":"https:\/\/www.europesays.com\/fr\/wp-json\/wp\/v2\/posts\/521573\/revisions"}],"wp:featuredmedia":[{"embeddable":true,"href":"https:\/\/www.europesays.com\/fr\/wp-json\/wp\/v2\/media\/521574"}],"wp:attachment":[{"href":"https:\/\/www.europesays.com\/fr\/wp-json\/wp\/v2\/media?parent=521573"}],"wp:term":[{"taxonomy":"category","embeddable":true,"href":"https:\/\/www.europesays.com\/fr\/wp-json\/wp\/v2\/categories?post=521573"},{"taxonomy":"post_tag","embeddable":true,"href":"https:\/\/www.europesays.com\/fr\/wp-json\/wp\/v2\/tags?post=521573"}],"curies":[{"name":"wp","href":"https:\/\/api.w.org\/{rel}","templated":true}]}}