{"id":521577,"date":"2025-11-08T23:44:12","date_gmt":"2025-11-08T23:44:12","guid":{"rendered":"https:\/\/www.europesays.com\/fr\/521577\/"},"modified":"2025-11-08T23:44:12","modified_gmt":"2025-11-08T23:44:12","slug":"mon-pere-ma-toujours-decouragee-douvrir-une-galerie-mais-un-accident-terrible-est-arrivee","status":"publish","type":"post","link":"https:\/\/www.europesays.com\/fr\/521577\/","title":{"rendered":"Mon p\u00e8re m&rsquo;a toujours d\u00e9courag\u00e9e d&rsquo;ouvrir une galerie, mais un accident terrible est arriv\u00e9e"},"content":{"rendered":"<p class=\"ap-StoryElement ap-StoryElement--mb ap-StoryText\">Barr\u00e9e par son p\u00e8re dans sa vocation artistique, la petite Sofie prendra une voie asym\u00e9trique, celle de la gymnastique. \u00ab\u00a0J&rsquo;\u00e9tais sportive de haut niveau et m&rsquo;entra\u00eenais \u00e0 Louvain, mais une grave blessure au pied a bris\u00e9 mon \u00e9lan. J&rsquo;avais 18 ans.\u00a0\u00bb<\/p>\n<p>Accidents de sport<\/p>\n<p class=\"ap-StoryElement ap-StoryElement--mb ap-StoryText\">Fini les podiums, place aux \u00e9tudes universitaires, \u00e0 la VUB. \u00ab\u00a0J&rsquo;avais vu qu&rsquo;il y avait moyen de faire de la recherche en \u00e9ducation du sport. L&rsquo;humain m&rsquo;a toujours int\u00e9ress\u00e9e. J&rsquo;ai constat\u00e9 qu&rsquo;il y avait le m\u00eame type d&rsquo;\u00e9tudes, mais orient\u00e9 art. J&rsquo;ai donc choisi cette voie-l\u00e0. \u00c0 l&rsquo;universit\u00e9, je dirigeais aussi l&rsquo;ASBL UPV qui invitait les professeurs de diverses facult\u00e9s \u00e0 faire \u0153uvre de vulgarisation.\u00a0\u00bb<\/p>\n<p class=\"ap-StoryElement ap-StoryElement--mb ap-StoryText\">Plus tard, en donnant un coup de main \u00e0 Art Gent, Sofie Van den Bussche s&rsquo;est rendu bien compte que les galeries, c&rsquo;\u00e9tait son truc, mais la sentence paternelle pesait toujours. \u00ab\u00a0Je ferai alors divers m\u00e9tiers.\u00a0\u00bb Comme m\u00e8re c\u00e9libataire, d&rsquo;un petit gar\u00e7on, apr\u00e8s avoir perdu une petite fille victime d&rsquo;une m\u00e9ningite \u00e0 3 ans et demi, elle trouvera bient\u00f4t de l&#8217;embauche \u00e0 la Loterie nationale. \u00ab\u00a0J&rsquo;ai commenc\u00e9 en remplissant les dossiers de subsides, dans les milieux social ou culturel. Et puis, de fil en aiguille, je suis devenue porte-parole n\u00e9erlandophone de l&rsquo;entreprise.\u00a0\u00bb<\/p>\n<p class=\"ap-StoryElement ap-StoryElement--mb ap-StoryText\">Mais voil\u00e0, un nouvel accident de sport, terrible, la mettra \u00e0 terre tant physiquement que psychologiquement. Il faudra cinq ans \u00e0 la femme de 50 ans, devenue trop ch\u00e8re sur le march\u00e9 de l&#8217;emploi, pour s&rsquo;en remettre. \u00ab\u00a0J&rsquo;ai pu compter sur le soutien de mon fils, d&rsquo;abord, pour t\u00e2cher de retrouver des petits boulots, comme faire l&rsquo;accueil \u00e0 la Vlaams Gemeenschapscommitie, \u00e0 Bruxelles.\u00a0\u00bb<\/p>\n<p>Enfin libre<\/p>\n<p class=\"ap-StoryElement ap-StoryElement--mb ap-StoryText\">La rencontre avec son second mari sera d\u00e9cisive. \u00ab\u00a0Il est ing\u00e9nieur, professeur de robotique. C&rsquo;est lui qui m&rsquo;a incit\u00e9e \u00e0 enfin me lancer comme galeriste, d&rsquo;abord un an en collaboration avec Mich\u00e8le Schoonjans au Rivoli Building, \u00e0 la Bascule, \u00e0 Uccle.\u00a0\u00bb<\/p>\n<p class=\"ap-StoryElement ap-StoryElement--mb ap-StoryText\">Quand nous la rencontrons, c&rsquo;est au milieu de l&rsquo;exposition Tendresse pr\u00e9sentant les huiles sur toile tr\u00e8s fortes socialement de Mieke Teirlinck, qui \u00e9tait \u00e0 voir jusqu&rsquo;\u00e0 ce samedi. Infirmi\u00e8re \u00e0 domicile et aupr\u00e8s des plus d\u00e9munis, retrait\u00e9e depuis le mois de septembre, cette artiste brugeoise a peint avec toute la douceur de son m\u00e9tier les patients qu&rsquo;elle a c\u00f4toy\u00e9s, avec leur fragilit\u00e9 physique ou psychique.<\/p>\n<p class=\"ap-StoryElement ap-StoryElement--mb ap-StoryText\">R\u00e9alistes, ces \u0153uvres vous accrochent et racontent une histoire, qui pourrait \u00eatre celle de la galeriste, comme la n\u00f4tre. \u00ab\u00a0Mon mari, avec son regard d&rsquo;ing\u00e9nieur, se charge de l&rsquo;accrochage des \u0153uvres que j&rsquo;ai s\u00e9lectionn\u00e9es chez l&rsquo;artiste. J&rsquo;aime que cette derni\u00e8re d\u00e9couvre lors du vernissage notre mise en sc\u00e8ne de ses toiles.\u00a0\u00bb<\/p>\n<p class=\"ap-StoryElement ap-StoryElement--mb ap-StoryText\">Deux d&rsquo;entre elles pourraient r\u00e9sumer l&rsquo;histoire de Sofie Vanden Bussche. C\u00f4te \u00e0 c\u00f4te, sur le mur du fond, l&rsquo;une montre des r\u00e9fugi\u00e9es ukrainiennes sur une route incertaine, l&rsquo;autre, une chambre avec des lits douillets, comme pr\u00eate \u00e0 les accueillir. Elles sont comme le reflet des cinq ann\u00e9es de douleur qu&rsquo;a v\u00e9cues la galeriste avant de trouver ce lieu o\u00f9 elle est apais\u00e9e. \u00ab\u00a0Je suis bien, en compagnie des \u0153uvres que j&rsquo;ai s\u00e9lectionn\u00e9es, avec mon bureau face \u00e0 la grande baie vitr\u00e9e donnant sur le canal. Le jour o\u00f9 le b\u00e2timent du Mima rouvrira sous une forme ou une autre, je serai la plus heureuse des femmes. Cela pourrait relancer ce quartier proche de Dansaert o\u00f9 les galeries pullulaient voici 20 ans.\u00a0\u00bb<\/p>\n<p class=\"ap-StoryElement ap-StoryElement--mb ap-StoryText\">Depuis cinq ans, Sofie Vanden Bussche d\u00e9fend onze artistes. \u00ab\u00a0Sans arr\u00eat, d&rsquo;autres me sollicitent pour me rejoindre dans ce bel espace qui accueillera l&rsquo;\u00e9tape &lsquo;Savvy Interior Design&rsquo;, du MAD Parcours qui aura lieu du 12 au 15 novembre dans tout le Pentagone de Bruxelles. J&rsquo;associerai les meubles avec le travail d&rsquo;une photographe.\u00a0\u00bb<\/p>\n","protected":false},"excerpt":{"rendered":"Barr\u00e9e par son p\u00e8re dans sa vocation artistique, la petite Sofie prendra une voie asym\u00e9trique, celle de la&hellip;\n","protected":false},"author":2,"featured_media":521578,"comment_status":"","ping_status":"","sticky":false,"template":"","format":"standard","meta":{"footnotes":""},"categories":[1358],"tags":[1348,1384,1385,1386,58,59,1011,27,1227],"class_list":{"0":"post-521577","1":"post","2":"type-post","3":"status-publish","4":"format-standard","5":"has-post-thumbnail","7":"category-arts-et-design","8":"tag-arts","9":"tag-arts-and-design","10":"tag-arts-et-design","11":"tag-design","12":"tag-divertissement","13":"tag-entertainment","14":"tag-fr","15":"tag-france","16":"tag-horizontal"},"share_on_mastodon":{"url":"https:\/\/pubeurope.com\/@fr\/115516739642299851","error":""},"_links":{"self":[{"href":"https:\/\/www.europesays.com\/fr\/wp-json\/wp\/v2\/posts\/521577","targetHints":{"allow":["GET"]}}],"collection":[{"href":"https:\/\/www.europesays.com\/fr\/wp-json\/wp\/v2\/posts"}],"about":[{"href":"https:\/\/www.europesays.com\/fr\/wp-json\/wp\/v2\/types\/post"}],"author":[{"embeddable":true,"href":"https:\/\/www.europesays.com\/fr\/wp-json\/wp\/v2\/users\/2"}],"replies":[{"embeddable":true,"href":"https:\/\/www.europesays.com\/fr\/wp-json\/wp\/v2\/comments?post=521577"}],"version-history":[{"count":0,"href":"https:\/\/www.europesays.com\/fr\/wp-json\/wp\/v2\/posts\/521577\/revisions"}],"wp:featuredmedia":[{"embeddable":true,"href":"https:\/\/www.europesays.com\/fr\/wp-json\/wp\/v2\/media\/521578"}],"wp:attachment":[{"href":"https:\/\/www.europesays.com\/fr\/wp-json\/wp\/v2\/media?parent=521577"}],"wp:term":[{"taxonomy":"category","embeddable":true,"href":"https:\/\/www.europesays.com\/fr\/wp-json\/wp\/v2\/categories?post=521577"},{"taxonomy":"post_tag","embeddable":true,"href":"https:\/\/www.europesays.com\/fr\/wp-json\/wp\/v2\/tags?post=521577"}],"curies":[{"name":"wp","href":"https:\/\/api.w.org\/{rel}","templated":true}]}}