{"id":521583,"date":"2025-11-08T23:48:42","date_gmt":"2025-11-08T23:48:42","guid":{"rendered":"https:\/\/www.europesays.com\/fr\/521583\/"},"modified":"2025-11-08T23:48:42","modified_gmt":"2025-11-08T23:48:42","slug":"avez-vous-vu-ce-clin-doeil-a-stranger-things-si-oui-bravo-franchement","status":"publish","type":"post","link":"https:\/\/www.europesays.com\/fr\/521583\/","title":{"rendered":"avez-vous vu ce clin d\u2019\u0153il \u00e0 Stranger Things (si oui, bravo, franchement) ?"},"content":{"rendered":"<p><strong><a href=\"https:\/\/www.ecranlarge.com\/films\/predator-badlands\" data-type=\"films\" data-id=\"1239100\" rel=\"nofollow noopener\" target=\"_blank\">Predator Badlands<\/a> est \u00e0 peine sorti qu\u2019on le d\u00e9cortique d\u00e9j\u00e0, et il a un lien \u00e9tonnant (mais compr\u00e9hensible quand on conna\u00eet l\u2019histoire) avec <a href=\"https:\/\/www.ecranlarge.com\/series\/958099-strangers-things\" data-type=\"series\" data-id=\"694242\" rel=\"nofollow noopener\" target=\"_blank\">Stranger Things<\/a>.<\/strong><\/p>\n<p>En attendant la sortie d\u2019<a href=\"https:\/\/www.ecranlarge.com\/films\/985857-avatar-3\" data-type=\"films\" data-id=\"685986\" rel=\"nofollow noopener\" target=\"_blank\"><strong>Avatar 3<\/strong><\/a> et le raz-de-mar\u00e9e qu\u2019il s\u2019appr\u00eate \u00e0 provoquer, <strong>Predator : Badlands<\/strong> est le blockbuster (Disney) du moment. Dans une ann\u00e9e assez \u00e9trange o\u00f9 <strong>beaucoup de \u00ab\u00a0gros\u00a0\u00bb films se sont plus ou moins plant\u00e9s<\/strong>, <a href=\"https:\/\/www.ecranlarge.com\/films\/news\/box-office-ete-2025-deception-superman-marvel-cruise\" data-type=\"link\" data-id=\"https:\/\/www.ecranlarge.com\/films\/news\/box-office-ete-2025-deception-superman-marvel-cruise\" rel=\"nofollow noopener\" target=\"_blank\">\u00e0 tel point qu\u2019Hollywood est \u00e0 la tra\u00eene au box-office<\/a>, le chasseur a un sacr\u00e9 poids sur les \u00e9paules.<\/p>\n<p>Le cin\u00e9aste <a href=\"https:\/\/www.ecranlarge.com\/personnalite\/808258-dan-trachtenberg\" data-type=\"people\" data-id=\"442995\" rel=\"nofollow noopener\" target=\"_blank\">Dan Trachtenberg<\/a><strong> doit prouver au monde que la saga n\u2019est pas morte<\/strong>, mais surtout qu\u2019elle peut fonctionner en salles : <a href=\"https:\/\/www.ecranlarge.com\/films\/1357377-predator-5\" data-type=\"films\" data-id=\"690080\" rel=\"nofollow noopener\" target=\"_blank\"><strong>Prey<\/strong><\/a> et <a href=\"https:\/\/www.ecranlarge.com\/films\/untitled-secret-predator-film\" data-type=\"films\" data-id=\"1229644\" rel=\"nofollow noopener\" target=\"_blank\"><strong>Killer of Killers<\/strong><\/a> n\u2019avaient connu qu\u2019une timide sortie sur Disney+, et <a href=\"https:\/\/www.ecranlarge.com\/films\/dossier\/1051357-the-predator-bilan-d-un-desastre-en-coulisses-et-gros-flop-au-box-office\" data-type=\"link\" data-id=\"https:\/\/www.ecranlarge.com\/films\/dossier\/1051357-the-predator-bilan-d-un-desastre-en-coulisses-et-gros-flop-au-box-office\" rel=\"nofollow noopener\" target=\"_blank\"><strong>The Predator <\/strong>a \u00e9t\u00e9 un d\u00e9sastre au cin\u00e9ma en 2018<\/a>.<\/p>\n<p>                    <img decoding=\"async\" alt=\"\" class=\"wp-image-518375\" style=\"object-fit:cover;width:25px;height:25px\" src=\"https:\/\/www.ecranlarge.com\/content\/uploads\/2023\/09\/arrow-right-circle.svg\"\/><\/p>\n<p>Et si on pouvait s\u2019attendre \u00e0 une avalanche de cam\u00e9os absurdes et de fan service dans tous les sens (\u00e7a ne serait pas la premi\u00e8re fois qu\u2019Hollywood en fait des caisses pour attirer du monde), on a \u00e9t\u00e9 assez surpris de voir que le film se suffit \u00e0 lui-m\u00eame, plus ou moins. Malgr\u00e9 tout, <strong>le r\u00e9alisateur n\u2019a pas pu s\u2019emp\u00eacher de faire un petit clin d\u2019\u0153il \u00e0\u2026 Stranger Things<\/strong>. Explications.<\/p>\n<p>D\u2019\u00e9tranges pr\u00e9dateurs<\/p>\n<p>Un journaliste de Dexerto aux sens aiguis\u00e9s a remarqu\u00e9 <strong>un cam\u00e9o des fr\u00e8res Duffer, les cr\u00e9ateurs de Stranger Things<\/strong>, dans <strong>Predator : Badlands<\/strong>. Un clin d\u2019\u0153il tellement bien cach\u00e9 que Dan Trachtenberg lui-m\u00eame en avait oubli\u00e9 l\u2019existence : <strong>les deux fr\u00e8res pr\u00eatent leur voix au vaisseau-m\u00e8re<\/strong>. <\/p>\n<p>Quel est le rapport entre la s\u00e9rie Netflix et la saga <strong>Predator <\/strong>? \u00c0 l\u2019origine, cette collaboration devait aller plus loin, puisque Dan Trachtenberg aurait carr\u00e9ment pu r\u00e9aliser un \u00e9pisode de la s\u00e9rie, dans la saison 5 :<\/p>\n<blockquote class=\"wp-block-quote is-layout-flow wp-block-quote-is-layout-flow\">\n<p><strong>\u00ab\u00a0J\u2019avais oubli\u00e9 que c\u2019\u00e9tait l\u00e0 et que je pouvais en parler ! En fait, je devais bosser sur le troisi\u00e8me \u00e9pisode de la saison 5 de Stranger Things. J\u2019avais m\u00eame d\u00e9j\u00e0 commenc\u00e9 \u00e0 y travailler\u2026 et puis ce film-l\u00e0 a \u00e9t\u00e9 lanc\u00e9.\u00a0\u00bb<\/strong><\/p>\n<\/blockquote>\n<p><a href=\"https:\/\/www.ecranlarge.com\/content\/uploads\/2025\/11\/jx71jklcr9yttzkbcopk7vrcx30.jpg\" rel=\"nofollow noopener\" target=\"_blank\"><\/p>\n<p><img loading=\"lazy\" decoding=\"async\" alt=\"Predator : Badlands\" src=\"https:\/\/www.europesays.com\/fr\/wp-content\/uploads\/2025\/11\/jx71jklcr9yttzkbcopk7vrcx30-1260x709.jpg\" width=\"1260\" height=\"709\"  \/><\/p>\n<p><\/a>Prochaine \u00e9tape : un cam\u00e9o du Predator dans Stranger Things ?<\/p>\n<p>Pourquoi \u00e7a ne s\u2019est pas fait ? Simple probl\u00e8me d\u2019agenda, apparemment :<\/p>\n<blockquote class=\"wp-block-quote is-layout-flow wp-block-quote-is-layout-flow\">\n<p><strong>\u00ab\u00a0\u00c0 l\u2019origine, \u00e7a devait \u00eatre entre Killer of Killers et celui-ci \u2014 je me disais que je pourrais peut-\u00eatre caser \u00e7a au milieu, c\u2019est-\u00e0-dire faire l\u2019\u00e9pisode, puis partir en Nouvelle-Z\u00e9lande [pour le tournage de Badlands]. Mais comme les deux projets se sont finalement mis en route en m\u00eame temps, j\u2019ai d\u00fb laisser tomber.\u00a0\u00bb<\/strong><\/p>\n<\/blockquote>\n<p><strong>Dan Trachtenberg avait rencontr\u00e9 les Duffer lors du mixage de Prey<\/strong>, qui s\u2019est fait au m\u00eame endroit que celui de la saison 4 de <strong>Stranger Things<\/strong>. Et cette fois-ci, rebelote : les deux \u00e9quipes se sont crois\u00e9es dans les studios pendant la post-production de <strong>Badlands<\/strong> et de la saison 5. Le cin\u00e9aste a donc eu l\u2019id\u00e9e de ce petit clin d\u2019\u0153il.<\/p>\n<p>                    <img decoding=\"async\" alt=\"\" class=\"wp-image-518375\" style=\"object-fit:cover;width:25px;height:25px\" src=\"https:\/\/www.ecranlarge.com\/content\/uploads\/2023\/09\/arrow-right-circle.svg\"\/><\/p>\n<p><a href=\"https:\/\/www.ecranlarge.com\/content\/uploads\/2025\/10\/stranger-things-season4-404150.webp\" rel=\"nofollow noopener\" target=\"_blank\"><img loading=\"lazy\" decoding=\"async\" alt=\"stranger things saison 4 vecna\" class=\"wp-image-1346194\" src=\"https:\/\/www.europesays.com\/fr\/wp-content\/uploads\/2025\/11\/stranger-things-season4-404150-1260x630.webp.webp\" width=\"1260\" height=\"630\"  \/><\/a>Vecna vs Predator<\/p>\n<p>Mais cette interaction improbable soul\u00e8ve quand m\u00eame une question int\u00e9ressante : <strong>\u00e7a aurait donn\u00e9 quoi, Stranger Things version Dan Trachtenberg ?<\/strong> Alors que la saison 5 approche, difficile de ne pas penser \u00e0 ce qui aurait pu \u00eatre une collaboration g\u00e9niale. R\u00e9v\u00e9l\u00e9 avec <strong>10 Cloverfield Lane<\/strong>, Trachtenberg a \u00e9videmment prouv\u00e9 ses talents pour filmer la relation entre chasseur et chass\u00e9, et \u00e7a se serait tr\u00e8s bien appliqu\u00e9 au grand final des aventures des adolescents d\u2019Hawkins\u2026<\/p>\n<p>Les fr\u00e8res Duffer ont choisi un autre r\u00e9alisateur pour r\u00e9aliser l\u2019\u00e9pisode 3 de la saison 5 : <strong>Frank Darabont, qui s\u2019y conna\u00eet en horreur<\/strong> puisqu\u2019il a mis en sc\u00e8ne <strong>The Mist<\/strong> et le premier \u00e9pisode de <strong>The Walking Dead<\/strong>, en plus des films cultes <strong>Les \u00c9vad\u00e9s<\/strong> et <strong>La Ligne verte<\/strong>.<\/p>\n<p>Pour rappel, la derni\u00e8re saison de <strong>Stranger Things<\/strong> arrivera en trois salves : quatre \u00e9pisodes le 27 novembre, trois le 26 d\u00e9cembre et le grand final le 1er janvier 2026. Quant \u00e0 <strong>Predator : Badlands, il est dans les salles fran\u00e7aises depuis le 5 novembre.<\/strong><\/p>\n","protected":false},"excerpt":{"rendered":"Predator Badlands est \u00e0 peine sorti qu\u2019on le d\u00e9cortique d\u00e9j\u00e0, et il a un lien \u00e9tonnant (mais compr\u00e9hensible&hellip;\n","protected":false},"author":2,"featured_media":521584,"comment_status":"","ping_status":"","sticky":false,"template":"","format":"standard","meta":{"footnotes":""},"categories":[1354],"tags":[58,59,1346,1011,27,1360],"class_list":{"0":"post-521583","1":"post","2":"type-post","3":"status-publish","4":"format-standard","5":"has-post-thumbnail","7":"category-films","8":"tag-divertissement","9":"tag-entertainment","10":"tag-films","11":"tag-fr","12":"tag-france","13":"tag-movies"},"share_on_mastodon":{"url":"https:\/\/pubeurope.com\/@fr\/115516755734708243","error":""},"_links":{"self":[{"href":"https:\/\/www.europesays.com\/fr\/wp-json\/wp\/v2\/posts\/521583","targetHints":{"allow":["GET"]}}],"collection":[{"href":"https:\/\/www.europesays.com\/fr\/wp-json\/wp\/v2\/posts"}],"about":[{"href":"https:\/\/www.europesays.com\/fr\/wp-json\/wp\/v2\/types\/post"}],"author":[{"embeddable":true,"href":"https:\/\/www.europesays.com\/fr\/wp-json\/wp\/v2\/users\/2"}],"replies":[{"embeddable":true,"href":"https:\/\/www.europesays.com\/fr\/wp-json\/wp\/v2\/comments?post=521583"}],"version-history":[{"count":0,"href":"https:\/\/www.europesays.com\/fr\/wp-json\/wp\/v2\/posts\/521583\/revisions"}],"wp:featuredmedia":[{"embeddable":true,"href":"https:\/\/www.europesays.com\/fr\/wp-json\/wp\/v2\/media\/521584"}],"wp:attachment":[{"href":"https:\/\/www.europesays.com\/fr\/wp-json\/wp\/v2\/media?parent=521583"}],"wp:term":[{"taxonomy":"category","embeddable":true,"href":"https:\/\/www.europesays.com\/fr\/wp-json\/wp\/v2\/categories?post=521583"},{"taxonomy":"post_tag","embeddable":true,"href":"https:\/\/www.europesays.com\/fr\/wp-json\/wp\/v2\/tags?post=521583"}],"curies":[{"name":"wp","href":"https:\/\/api.w.org\/{rel}","templated":true}]}}