{"id":521589,"date":"2025-11-08T23:52:19","date_gmt":"2025-11-08T23:52:19","guid":{"rendered":"https:\/\/www.europesays.com\/fr\/521589\/"},"modified":"2025-11-08T23:52:19","modified_gmt":"2025-11-08T23:52:19","slug":"je-ne-veux-pas-etre-un-poids-pour-mon-fils-julien-dore-se-confie-a-nos-lecteurs-avant-ses-concerts-a-paris","status":"publish","type":"post","link":"https:\/\/www.europesays.com\/fr\/521589\/","title":{"rendered":"\u00ab Je ne veux pas \u00eatre un poids pour mon fils \u00bb : Julien Dor\u00e9 se confie \u00e0 nos lecteurs avant ses concerts \u00e0 Paris"},"content":{"rendered":"<p class=\"paragraph text_align_left lp-f-body-02\">\u00ab Moi, c\u2019est Julien. Voil\u00e0, j\u2019fais quelques chansons et en ce moment un tr\u00e8s chouette spectacle dans lequel je passe beaucoup de temps sur la route \u00bb, s\u2019amuse-t-il en concluant le tour de table dans lequel sept lecteurs du Parisien-Aujourd\u2019hui en France se sont pr\u00e9sent\u00e9s. Ce mercredi matin, au si\u00e8ge du journal, <a href=\"https:\/\/www.leparisien.fr\/culture-loisirs\/musique\/julien-dore-le-sentiment-dimposture-aide-a-se-remettre-en-question-a-rester-eveille-31-10-2024-3HE33PJ53NENZNFAZUCKG5XPVE.php\" target=\"_self\" rel=\"nofollow noopener\">Julien Dor\u00e9<\/a> a un agenda serr\u00e9. Le chanteur de 43 ans doit aller chanter pour <a href=\"https:\/\/www.leparisien.fr\/val-de-marne-94\/il-est-leur-compagnon-de-galere-a-gustave-roussy-un-doudou-dedramatise-les-soins-des-enfants-touches-par-le-cancer-04-04-2022-SYLD3L345VCTDNRJWW653TTZXU.php\" target=\"_self\" rel=\"nofollow noopener\">les enfants hospitalis\u00e9s \u00e0 Gustave-Roussy <\/a>(Val-de-Marne). Mais pendant plus de deux heures, il prend le temps de r\u00e9pondre aux questions avec passion et sinc\u00e9rit\u00e9.<\/p>\n<p class=\"paragraph text_align_left lp-f-body-02\">Un an pile apr\u00e8s la sortie d\u2019\u00ab Imposteur \u00bb, album de reprises vendu \u00e0 150 000 exemplaires, il attaque la deuxi\u00e8me partie de<a href=\"https:\/\/www.leparisien.fr\/culture-loisirs\/musique\/julien-dore-en-concert-soucoupe-volante-baleine-geante-tubes-a-gogo-un-premier-show-magique-02-03-2025-HBR2ZLBN3VCDRIHMB3KQ3T3DK4.php\" target=\"_self\" rel=\"nofollow noopener\"> sa plus grosse tourn\u00e9e<\/a>. Un million de spectateurs l\u2019auront vu en un an ! Il sera \u00e0 l\u2019Accor Arena \u00e0 Paris les 14 et 15 novembre avec <a href=\"https:\/\/www.leparisien.fr\/culture-loisirs\/musique\/jai-devant-moi-un-an-de-folie-julien-dore-repart-en-tournee-avec-un-concert-impressionnant-03-03-2025-2QE2TJFJL5EZ3LGGX76IHOKHGI.php\" target=\"_blank\" rel=\"noreferrer nofollow noopener\">un show festif et spectaculaire.<\/a><\/p>\n","protected":false},"excerpt":{"rendered":"\u00ab Moi, c\u2019est Julien. Voil\u00e0, j\u2019fais quelques chansons et en ce moment un tr\u00e8s chouette spectacle dans lequel&hellip;\n","protected":false},"author":2,"featured_media":521590,"comment_status":"","ping_status":"","sticky":false,"template":"","format":"standard","meta":{"footnotes":""},"categories":[8],"tags":[872,58,59,1011,27,873],"class_list":{"0":"post-521589","1":"post","2":"type-post","3":"status-publish","4":"format-standard","5":"has-post-thumbnail","7":"category-divertissement","8":"tag-culture-et-loisirs","9":"tag-divertissement","10":"tag-entertainment","11":"tag-fr","12":"tag-france","13":"tag-musique"},"share_on_mastodon":{"url":"https:\/\/pubeurope.com\/@fr\/115516771272033880","error":""},"_links":{"self":[{"href":"https:\/\/www.europesays.com\/fr\/wp-json\/wp\/v2\/posts\/521589","targetHints":{"allow":["GET"]}}],"collection":[{"href":"https:\/\/www.europesays.com\/fr\/wp-json\/wp\/v2\/posts"}],"about":[{"href":"https:\/\/www.europesays.com\/fr\/wp-json\/wp\/v2\/types\/post"}],"author":[{"embeddable":true,"href":"https:\/\/www.europesays.com\/fr\/wp-json\/wp\/v2\/users\/2"}],"replies":[{"embeddable":true,"href":"https:\/\/www.europesays.com\/fr\/wp-json\/wp\/v2\/comments?post=521589"}],"version-history":[{"count":0,"href":"https:\/\/www.europesays.com\/fr\/wp-json\/wp\/v2\/posts\/521589\/revisions"}],"wp:featuredmedia":[{"embeddable":true,"href":"https:\/\/www.europesays.com\/fr\/wp-json\/wp\/v2\/media\/521590"}],"wp:attachment":[{"href":"https:\/\/www.europesays.com\/fr\/wp-json\/wp\/v2\/media?parent=521589"}],"wp:term":[{"taxonomy":"category","embeddable":true,"href":"https:\/\/www.europesays.com\/fr\/wp-json\/wp\/v2\/categories?post=521589"},{"taxonomy":"post_tag","embeddable":true,"href":"https:\/\/www.europesays.com\/fr\/wp-json\/wp\/v2\/tags?post=521589"}],"curies":[{"name":"wp","href":"https:\/\/api.w.org\/{rel}","templated":true}]}}