{"id":521596,"date":"2025-11-08T23:56:14","date_gmt":"2025-11-08T23:56:14","guid":{"rendered":"https:\/\/www.europesays.com\/fr\/521596\/"},"modified":"2025-11-08T23:56:14","modified_gmt":"2025-11-08T23:56:14","slug":"un-seul-vehicule-en-cause","status":"publish","type":"post","link":"https:\/\/www.europesays.com\/fr\/521596\/","title":{"rendered":"un seul v\u00e9hicule en cause"},"content":{"rendered":"<p style=\"text-align: left;\">Un accident mortel a eu lieu ce samedi soir, vers 18h30, \u00e0 hauteur de l&rsquo;aire de service de Keskastel, sur l\u2019autoroute A4.<\/p>\n<p style=\"text-align: left;\">Un homme de 31 ans est d\u00e9c\u00e9d\u00e9 \u00e0 la suite de cet accident. Alors qu&rsquo;il circulait dans le sens Paris &#8211; Strasbourg, son v\u00e9hicule\u00a0 a heurt\u00e9 le rail central. Aucun autre v\u00e9hicule n&rsquo;est en cause. La voie de gauche a \u00e9t\u00e9 neutralis\u00e9e afin de permettre l&rsquo;intervention des pompiers et des gendarmes du peloton motoris\u00e9 de Phalsbourg.<\/p>\n","protected":false},"excerpt":{"rendered":"Un accident mortel a eu lieu ce samedi soir, vers 18h30, \u00e0 hauteur de l&rsquo;aire de service de&hellip;\n","protected":false},"author":2,"featured_media":521597,"comment_status":"","ping_status":"","sticky":false,"template":"","format":"standard","meta":{"footnotes":""},"categories":[4],"tags":[119,11,2389,2649,5644,274,107,1011,27,31183,12,25,16091,9554],"class_list":{"0":"post-521596","1":"post","2":"type-post","3":"status-publish","4":"format-standard","5":"has-post-thumbnail","7":"category-france","8":"tag-accident","9":"tag-actualites","10":"tag-alsace","11":"tag-bas-rhin","12":"tag-edition-saverne-sarre-union","13":"tag-faits-divers-justice","14":"tag-fil-info","15":"tag-fr","16":"tag-france","17":"tag-keskastel","18":"tag-news","19":"tag-republique-francaise","20":"tag-sarre-union","21":"tag-secteur-de-sarre-union"},"share_on_mastodon":{"url":"https:\/\/pubeurope.com\/@fr\/115516787213259209","error":""},"_links":{"self":[{"href":"https:\/\/www.europesays.com\/fr\/wp-json\/wp\/v2\/posts\/521596","targetHints":{"allow":["GET"]}}],"collection":[{"href":"https:\/\/www.europesays.com\/fr\/wp-json\/wp\/v2\/posts"}],"about":[{"href":"https:\/\/www.europesays.com\/fr\/wp-json\/wp\/v2\/types\/post"}],"author":[{"embeddable":true,"href":"https:\/\/www.europesays.com\/fr\/wp-json\/wp\/v2\/users\/2"}],"replies":[{"embeddable":true,"href":"https:\/\/www.europesays.com\/fr\/wp-json\/wp\/v2\/comments?post=521596"}],"version-history":[{"count":0,"href":"https:\/\/www.europesays.com\/fr\/wp-json\/wp\/v2\/posts\/521596\/revisions"}],"wp:featuredmedia":[{"embeddable":true,"href":"https:\/\/www.europesays.com\/fr\/wp-json\/wp\/v2\/media\/521597"}],"wp:attachment":[{"href":"https:\/\/www.europesays.com\/fr\/wp-json\/wp\/v2\/media?parent=521596"}],"wp:term":[{"taxonomy":"category","embeddable":true,"href":"https:\/\/www.europesays.com\/fr\/wp-json\/wp\/v2\/categories?post=521596"},{"taxonomy":"post_tag","embeddable":true,"href":"https:\/\/www.europesays.com\/fr\/wp-json\/wp\/v2\/tags?post=521596"}],"curies":[{"name":"wp","href":"https:\/\/api.w.org\/{rel}","templated":true}]}}