{"id":521598,"date":"2025-11-08T23:57:11","date_gmt":"2025-11-08T23:57:11","guid":{"rendered":"https:\/\/www.europesays.com\/fr\/521598\/"},"modified":"2025-11-08T23:57:11","modified_gmt":"2025-11-08T23:57:11","slug":"apres-le-tacle-de-kylian-mbappe-orelsan-prefere-reflechir-plutot-que-de-repondre-a-chaud","status":"publish","type":"post","link":"https:\/\/www.europesays.com\/fr\/521598\/","title":{"rendered":"Apr\u00e8s le tacle de Kylian Mbapp\u00e9, Orelsan \u00ab\u00a0pr\u00e9f\u00e8re r\u00e9fl\u00e9chir plut\u00f4t que de r\u00e9pondre \u00e0 chaud\u00a0\u00bb"},"content":{"rendered":"<p class=\"paragraph text_align_left lp-f-body-02\">Orelsan prend son temps. Le footballeur du Real Madrid a lui a pourtant lanc\u00e9 samedi une attaque incendiaire \u00e0 sa punchline \u00ab\u00a0tu vas faire couler ta ville comme les Mbapp\u00e9\u00a0\u00bb, issue de <a href=\"https:\/\/www.leparisien.fr\/sports\/football\/tu-vas-faire-couler-ta-ville-comme-les-mbappe-quand-orelsan-tacle-lattaquant-des-bleus-dans-son-nouvel-album-07-11-2025-AUPMVNNIHJETBAZVT26PNAL5JU.php\" target=\"_blank\" rel=\"noreferrer nofollow noopener\">son nouvel album<\/a> La fuite en avant. Mais le rappeur \u00ab\u00a0pr\u00e9f\u00e8re r\u00e9fl\u00e9chir plut\u00f4t que de r\u00e9pondre \u00e0 chaud\u00a0\u00bb, selon ses propos rapport\u00e9s par <a href=\"https:\/\/www.ouest-france.fr\/culture\/musiques\/orelsan\/clash-orelsan-mbappe-je-prefere-reflechir-plutot-que-de-repondre-a-chaud-le-rappeur-temporise-la-situation-ef5289fc-bcb0-11f0-8cb4-6688b3edc317\" target=\"_blank\" rel=\"noreferrer nofollow noopener\">Ouest-France<\/a>.<\/p>\n<p class=\"paragraph text_align_left lp-f-body-02\">\u00ab\u00a0T\u2019es le bienvenu pour sauver la ville que tu aimes tant\u00a0\u00bb, lui avait lanc\u00e9 <a href=\"https:\/\/x.com\/KMbappe\/status\/1986761184125534321?ref_src=twsrc%5Etfw%7Ctwcamp%5Etweetembed%7Ctwterm%5E1986761184125534321%7Ctwgr%5Ebaf800c5af5fb3bcacb0e3e2c0fca66e24f2fd15%7Ctwcon%5Es1_&amp;ref_url=https%3A%2F%2Fwww.leparisien.fr%2Fsports%2Ffootball%2Fil-a-pas-un-rond-la-reponse-incendiaire-de-kylian-mbappe-a-orelsan-apres-la-punchline-du-rappeur-07-11-2025-4VBZHKVFJ5BQXFHQMRR2ZLTWKQ.php\" target=\"_blank\" rel=\"noreferrer nofollow\">Kylian Mbapp\u00e9 sur X<\/a>, visiblement bless\u00e9 par la remarque d\u2019Orelsan sur le club du football SM Caen et <a href=\"https:\/\/www.leparisien.fr\/sports\/football\/crise-au-stade-malherbe-de-caen-on-ne-peut-pas-tout-mettre-sur-le-dos-de-la-famille-mbappe-22-02-2025-V546COW25REK7HJVB7QSFSNTRU.php\" target=\"_blank\" rel=\"noreferrer nofollow noopener\">ses r\u00e9sultats catastrophiques<\/a> depuis qu\u2019il l\u2019a rachet\u00e9.<\/p>\n<p class=\"paragraph text_align_left lp-f-body-02\">\u00ab\u00a0Le mec a fait que nous supplier pour entrer avec 1\u00a0% sans payer parce qu\u2019il a pas un rond mais pour avoir la bonne image du petit gars de Normandie\u00a0\u00bb, <a href=\"https:\/\/www.leparisien.fr\/sports\/football\/il-a-pas-un-rond-la-reponse-incendiaire-de-kylian-mbappe-a-orelsan-apres-la-punchline-du-rappeur-07-11-2025-4VBZHKVFJ5BQXFHQMRR2ZLTWKQ.php\" target=\"_blank\" rel=\"noreferrer nofollow noopener\">avait m\u00eame ajout\u00e9 la star du Real Madrid<\/a>, alors que la punchline originelle d\u2019Orelsan \u00e9tait plus du second degr\u00e9.<\/p>\n<p>\u00ab\u00a0Une r\u00e9ponse ma\u00eetris\u00e9e\u00a0\u00bb<\/p>\n<p class=\"paragraph text_align_left lp-f-body-02\">Le rappeur souhaite alors avoir \u00ab\u00a0une r\u00e9ponse ma\u00eetris\u00e9e\u00a0\u00bb, continue de rapporter Ouest-France apr\u00e8s sa d\u00e9dicace ce samedi 8\u00a0novembre \u00e0 la Fnac de Caen (Calvados).<\/p>\n<p class=\"paragraph text_align_left lp-f-body-02\">D\u2019autant que m\u00eame <a href=\"https:\/\/www.leparisien.fr\/culture-loisirs\/musique\/il-a-dit-les-termes-booba-valide-la-punchline-dorelsan-envers-kylian-mbappe-07-11-2025-SZCAC6GUBZCHDO237EBXTYOINU.php\" target=\"_blank\" rel=\"noreferrer nofollow noopener\">Booba s\u2019est m\u00eal\u00e9 de ce clash<\/a> \u00e0 sens unique, pour l\u2019instant. \u00ab\u00a0Il a dit les termes\u00a0!\u00a0\u00bb et \u00ab\u00a0il est pas fauch\u00e9 le Orelsan\u00a0\u00bb, s\u2019\u00e9tait empress\u00e9 de publier sur X \u00ab\u00a0B2O\u00a0\u00bb, habitu\u00e9 des attaques envers Kylian Mbapp\u00e9.<\/p>\n<p class=\"paragraph text_align_left lp-f-body-02\">Le rappeur Orelsan explore des th\u00e8mes personnels dans \u00ab\u00a0La fuite en avant\u00a0\u00bb sorti ce vendredi et en \u00e9cho \u00e0 son film \u00ab\u00a0Yoro\u00ef\u00a0\u00bb. Il est d\u00e9sormais une figure singuli\u00e8re et incontournable de la musique fran\u00e7aise, alors que son pr\u00e9c\u00e9dent album \u00ab\u00a0Civilisation\u00a0\u00bb avait \u00e9t\u00e9 le plus vendu en\u00a02021 et\u00a02022.<\/p>\n","protected":false},"excerpt":{"rendered":"Orelsan prend son temps. Le footballeur du Real Madrid a lui a pourtant lanc\u00e9 samedi une attaque incendiaire&hellip;\n","protected":false},"author":2,"featured_media":521599,"comment_status":"","ping_status":"","sticky":false,"template":"","format":"standard","meta":{"footnotes":""},"categories":[2],"tags":[11,872,1011,27,873,12],"class_list":{"0":"post-521598","1":"post","2":"type-post","3":"status-publish","4":"format-standard","5":"has-post-thumbnail","7":"category-actualites","8":"tag-actualites","9":"tag-culture-et-loisirs","10":"tag-fr","11":"tag-france","12":"tag-musique","13":"tag-news"},"share_on_mastodon":{"url":"https:\/\/pubeurope.com\/@fr\/115516790976667199","error":""},"_links":{"self":[{"href":"https:\/\/www.europesays.com\/fr\/wp-json\/wp\/v2\/posts\/521598","targetHints":{"allow":["GET"]}}],"collection":[{"href":"https:\/\/www.europesays.com\/fr\/wp-json\/wp\/v2\/posts"}],"about":[{"href":"https:\/\/www.europesays.com\/fr\/wp-json\/wp\/v2\/types\/post"}],"author":[{"embeddable":true,"href":"https:\/\/www.europesays.com\/fr\/wp-json\/wp\/v2\/users\/2"}],"replies":[{"embeddable":true,"href":"https:\/\/www.europesays.com\/fr\/wp-json\/wp\/v2\/comments?post=521598"}],"version-history":[{"count":0,"href":"https:\/\/www.europesays.com\/fr\/wp-json\/wp\/v2\/posts\/521598\/revisions"}],"wp:featuredmedia":[{"embeddable":true,"href":"https:\/\/www.europesays.com\/fr\/wp-json\/wp\/v2\/media\/521599"}],"wp:attachment":[{"href":"https:\/\/www.europesays.com\/fr\/wp-json\/wp\/v2\/media?parent=521598"}],"wp:term":[{"taxonomy":"category","embeddable":true,"href":"https:\/\/www.europesays.com\/fr\/wp-json\/wp\/v2\/categories?post=521598"},{"taxonomy":"post_tag","embeddable":true,"href":"https:\/\/www.europesays.com\/fr\/wp-json\/wp\/v2\/tags?post=521598"}],"curies":[{"name":"wp","href":"https:\/\/api.w.org\/{rel}","templated":true}]}}