{"id":521600,"date":"2025-11-08T23:58:22","date_gmt":"2025-11-08T23:58:22","guid":{"rendered":"https:\/\/www.europesays.com\/fr\/521600\/"},"modified":"2025-11-08T23:58:22","modified_gmt":"2025-11-08T23:58:22","slug":"saint-etienne-ancien-electricien-devenu-glacier-il-est-sacre-champion-de-france-de-sculptures-sur-glace","status":"publish","type":"post","link":"https:\/\/www.europesays.com\/fr\/521600\/","title":{"rendered":"Saint-\u00c9tienne. Ancien \u00e9lectricien devenu glacier, il est sacr\u00e9 champion de France de sculptures sur glace"},"content":{"rendered":"<p>Nicolas Rey, 29 ans, est titulaire d\u2019un bac+3 en \u00e9lectricit\u00e9, Aujourd\u2019hui, il est champion de France de sculptures sur glace, en cat\u00e9gorie junior. Alors que l\u2019on pourrait voir un gouffre entre ces domaines, lui a cr\u00e9\u00e9 un pont entre les deux. Technicien dans sa premi\u00e8re vie professionnelle, il pr\u00e9parait des chantiers au sein d\u2019un bureau d\u2019\u00e9tudes. \u00ab\u00a0J\u2019avais un plan de sch\u00e9mas \u00e9lectriques en 2D, que je visualisais, puis je m\u2019imaginais dans la pi\u00e8ce, en 3D. Je proc\u00e8de de la m\u00eame mani\u00e8re pour faire une sculpture.\u00a0\u00bb<\/p>\n<p>Lass\u00e9 par la s\u00e9dentarit\u00e9, post\u00e9 derri\u00e8re un ordinateur, Nicolas Rey a&#8230;<\/p>\n","protected":false},"excerpt":{"rendered":"Nicolas Rey, 29 ans, est titulaire d\u2019un bac+3 en \u00e9lectricit\u00e9, Aujourd\u2019hui, il est champion de France de sculptures&hellip;\n","protected":false},"author":2,"featured_media":521601,"comment_status":"","ping_status":"","sticky":false,"template":"","format":"standard","meta":{"footnotes":""},"categories":[9653],"tags":[1111,11,2430,7539,1057,4854,1777,674,1011,27,12,25,4001,7538],"class_list":{"0":"post-521600","1":"post","2":"type-post","3":"status-publish","4":"format-standard","5":"has-post-thumbnail","7":"category-saint-etienne","8":"tag-actu","9":"tag-actualites","10":"tag-auvergne-rhone-alpes","11":"tag-edition-loire-sud","12":"tag-education","13":"tag-enseignement-superieur","14":"tag-eu","15":"tag-europe","16":"tag-fr","17":"tag-france","18":"tag-news","19":"tag-republique-francaise","20":"tag-saint-etienne","21":"tag-saint-etienne-ville"},"share_on_mastodon":{"url":"https:\/\/pubeurope.com\/@fr\/115516795983803002","error":""},"_links":{"self":[{"href":"https:\/\/www.europesays.com\/fr\/wp-json\/wp\/v2\/posts\/521600","targetHints":{"allow":["GET"]}}],"collection":[{"href":"https:\/\/www.europesays.com\/fr\/wp-json\/wp\/v2\/posts"}],"about":[{"href":"https:\/\/www.europesays.com\/fr\/wp-json\/wp\/v2\/types\/post"}],"author":[{"embeddable":true,"href":"https:\/\/www.europesays.com\/fr\/wp-json\/wp\/v2\/users\/2"}],"replies":[{"embeddable":true,"href":"https:\/\/www.europesays.com\/fr\/wp-json\/wp\/v2\/comments?post=521600"}],"version-history":[{"count":0,"href":"https:\/\/www.europesays.com\/fr\/wp-json\/wp\/v2\/posts\/521600\/revisions"}],"wp:featuredmedia":[{"embeddable":true,"href":"https:\/\/www.europesays.com\/fr\/wp-json\/wp\/v2\/media\/521601"}],"wp:attachment":[{"href":"https:\/\/www.europesays.com\/fr\/wp-json\/wp\/v2\/media?parent=521600"}],"wp:term":[{"taxonomy":"category","embeddable":true,"href":"https:\/\/www.europesays.com\/fr\/wp-json\/wp\/v2\/categories?post=521600"},{"taxonomy":"post_tag","embeddable":true,"href":"https:\/\/www.europesays.com\/fr\/wp-json\/wp\/v2\/tags?post=521600"}],"curies":[{"name":"wp","href":"https:\/\/api.w.org\/{rel}","templated":true}]}}