{"id":521602,"date":"2025-11-08T23:59:12","date_gmt":"2025-11-08T23:59:12","guid":{"rendered":"https:\/\/www.europesays.com\/fr\/521602\/"},"modified":"2025-11-08T23:59:12","modified_gmt":"2025-11-08T23:59:12","slug":"ligue-2-portee-par-cardona-et-duffus-lasse-simpose-a-troyes-et-se-relance","status":"publish","type":"post","link":"https:\/\/www.europesays.com\/fr\/521602\/","title":{"rendered":"Ligue 2. Port\u00e9e par Cardona et Duffus, l&rsquo;ASSE s&rsquo;impose \u00e0 Troyes et se relance"},"content":{"rendered":"<p>L\u2019AS Saint-\u00c9tienne a fait tomber <a href=\"https:\/\/www.ledauphine.com\/sport\/2025\/11\/07\/recoller-ou-s-enfoncer-dans-la-crise\" target=\"_blank\" rel=\"noopener\">le leader troyen samedi soir (3-2)<\/a> dans sa forteresse du Stade de l\u2019Aube, remontant sur le podium de la Ligue 2 et revenant \u00e0 deux points de l\u2019Estac en cl\u00f4ture de la 14e journ\u00e9e.<\/p>\n<p>Avec une d\u00e9fense centrale une nouvelle fois remani\u00e9e, o\u00f9 le jeune K\u00e9vin Pedro (19 ans) \u00e9tait titularis\u00e9 pour la premi\u00e8re fois, et avec ses attaquants vedettes <a href=\"https:\/\/www.ledauphine.com\/p\/lucas-stassin\" target=\"_blank\" rel=\"noopener\">Lucas Stassin<\/a> et <a href=\"https:\/\/www.ledauphine.com\/p\/zuriko-davitashvili\" target=\"_blank\" rel=\"noopener\">Zuriko Davitashvili<\/a> une nouvelle fois sur le banc, ce sont pourtant eux qui ont ouvert le score.<\/p>\n<p>Sur une remont\u00e9e de balle d\u2019A\u00efmen Moueffek prolong\u00e9e par Joshua Duffus, Augustine Boakye a plac\u00e9 une frappe imparable (0-1, 11e) pour Hillel Konat\u00e9.<\/p>\n<p><a href=\"https:\/\/www.ledauphine.com\/sport\/calendrier-resultats\/football\/national-ligue-2\" target=\"_blank\" rel=\"noopener\"><strong>&gt;&gt;\u00a0Les r\u00e9sultats, le classement et le calendrier de Ligue 2<\/strong><\/a><\/p>\n<p>  Les Verts ont tenu bon en fin de match<\/p>\n<p>La ma\u00eetrise est alors devenue troyenne, mais sur une des rares incursions vertes dans la surface adverse apr\u00e8s l\u2019ouverture du score, le Vauclusien <a href=\"https:\/\/www.ledauphine.com\/p\/irvin-cardona\" target=\"_blank\" rel=\"noopener\">Irvin Cardona<\/a> a doubl\u00e9 la mise (0-2, 32e\u00a0).<\/p>\n<p>Dans le temps additionnel de la premi\u00e8re p\u00e9riode, l\u2019AS Saint-\u00c9tienne a enfonc\u00e9 le clou. Sur une longue relance de Pedro, Duffus a marqu\u00e9 d\u2019un tir crois\u00e9 du gauche en conclusion d\u2019un trois contre deux parfaitement n\u00e9goci\u00e9 par Boakye (0-3, 45e +3).<\/p>\n<p>De retour des vestiaires, les Troyens n\u2019ont pourtant pas l\u00e2ch\u00e9 la pression et \u00e0 l\u2019heure de jeu, <a href=\"https:\/\/www.ledauphine.com\/p\/gautier-larsonneur\" target=\"_blank\" rel=\"noopener\">Gautier Larsonneur<\/a> ne pouvait rien quand Mouhamed Dip se pr\u00e9sentait seul face \u00e0 lui au terme d\u2019un joli mouvement (1-3, 61e).<\/p>\n<p>Seul parmi les d\u00e9fenseurs st\u00e9phanois, Renaud Ripart d\u2019une astucieuse d\u00e9viation du pied droit a ramen\u00e9 les siens \u00e0 port\u00e9e (2-3, 86e) et offert dix minutes de suspense total. Mais la d\u00e9fense st\u00e9phanoise a tenu bon.<\/p>\n<p>Au classement, Troyes, qui restait sur neuf victoires cons\u00e9cutives \u00e0 domicile \u00e0 cheval sur les saisons 2024-25 et 2025-26, conserve la t\u00eate avec 28 points mais n\u2019a plus qu\u2019une longueur d\u2019avance sur le Red Star, tenu en \u00e9chec dans l\u2019apr\u00e8s-midi au Mans, et deux sur les St\u00e9phanois.<\/p>\n","protected":false},"excerpt":{"rendered":"L\u2019AS Saint-\u00c9tienne a fait tomber le leader troyen samedi soir (3-2) dans sa forteresse du Stade de l\u2019Aube,&hellip;\n","protected":false},"author":2,"featured_media":521603,"comment_status":"","ping_status":"","sticky":false,"template":"","format":"standard","meta":{"footnotes":""},"categories":[9653],"tags":[1111,11,9443,2430,1777,674,1701,63,1011,27,12636,3367,12,25,4001,517,1947],"class_list":{"0":"post-521602","1":"post","2":"type-post","3":"status-publish","4":"format-standard","5":"has-post-thumbnail","7":"category-saint-etienne","8":"tag-actu","9":"tag-actualites","10":"tag-asse-as-saint-etienne","11":"tag-auvergne-rhone-alpes","12":"tag-eu","13":"tag-europe","14":"tag-fil-info-sport","15":"tag-football","16":"tag-fr","17":"tag-france","18":"tag-ligue-2-football","19":"tag-loire","20":"tag-news","21":"tag-republique-francaise","22":"tag-saint-etienne","23":"tag-sport","24":"tag-sport-national"},"share_on_mastodon":{"url":"https:\/\/pubeurope.com\/@fr\/115516798604052695","error":""},"_links":{"self":[{"href":"https:\/\/www.europesays.com\/fr\/wp-json\/wp\/v2\/posts\/521602","targetHints":{"allow":["GET"]}}],"collection":[{"href":"https:\/\/www.europesays.com\/fr\/wp-json\/wp\/v2\/posts"}],"about":[{"href":"https:\/\/www.europesays.com\/fr\/wp-json\/wp\/v2\/types\/post"}],"author":[{"embeddable":true,"href":"https:\/\/www.europesays.com\/fr\/wp-json\/wp\/v2\/users\/2"}],"replies":[{"embeddable":true,"href":"https:\/\/www.europesays.com\/fr\/wp-json\/wp\/v2\/comments?post=521602"}],"version-history":[{"count":0,"href":"https:\/\/www.europesays.com\/fr\/wp-json\/wp\/v2\/posts\/521602\/revisions"}],"wp:featuredmedia":[{"embeddable":true,"href":"https:\/\/www.europesays.com\/fr\/wp-json\/wp\/v2\/media\/521603"}],"wp:attachment":[{"href":"https:\/\/www.europesays.com\/fr\/wp-json\/wp\/v2\/media?parent=521602"}],"wp:term":[{"taxonomy":"category","embeddable":true,"href":"https:\/\/www.europesays.com\/fr\/wp-json\/wp\/v2\/categories?post=521602"},{"taxonomy":"post_tag","embeddable":true,"href":"https:\/\/www.europesays.com\/fr\/wp-json\/wp\/v2\/tags?post=521602"}],"curies":[{"name":"wp","href":"https:\/\/api.w.org\/{rel}","templated":true}]}}