{"id":521612,"date":"2025-11-09T00:08:11","date_gmt":"2025-11-09T00:08:11","guid":{"rendered":"https:\/\/www.europesays.com\/fr\/521612\/"},"modified":"2025-11-09T00:08:11","modified_gmt":"2025-11-09T00:08:11","slug":"expertise-une-journee-dexpertise-pour-preparer-la-prochaine-vente-militaria-a-grenoble","status":"publish","type":"post","link":"https:\/\/www.europesays.com\/fr\/521612\/","title":{"rendered":"Expertise.. Une journ\u00e9e d\u2019expertise pour pr\u00e9parer la prochaine vente militaria \u00e0 Grenoble"},"content":{"rendered":"<p>\u00ab Nous avons d\u00e9j\u00e0 r\u00e9uni une belle centaine de pi\u00e8ces, avec notamment une importante port\u00e9e de d\u00e9corations d\u2019un h\u00e9ros de la Seconde Guerre mondiale, ainsi qu\u2019une arme exceptionnelle par sa longueur, son calibre et sa raret\u00e9 : un revolver \u00e0 syst\u00e8me Lefaucheux par Counet et Henry Rieger \u00bb, pr\u00e9cise Antoine Senequier-Crozet, commissaire-priseur.<\/p>\n<p>Cette premi\u00e8re journ\u00e9e d\u2019expertise permettra d\u2019enrichir un catalogue d\u00e9j\u00e0 dense : les particuliers pourront pr\u00e9senter leurs objets \u00e0 l\u2019expert, faire estimer leur valeur et, s\u2019ils le souhaitent, les confier \u00e0 la vente.<\/p>\n<p>Une seconde session de v\u00e9rification et de finalisation du catalogue se tiendra le 16 d\u00e9cembre, avant la cl\u00f4ture officielle.<\/p>\n<p><strong>\u00ab\u00a0Redonner une histoire et une visibilit\u00e9\u00a0\u00bb<\/strong><\/p>\n<p>L\u2019int\u00e9r\u00eat de ces rendez-vous d\u00e9passe la simple estimation : \u00ab Ils permettent de replacer chaque pi\u00e8ce dans son contexte, de v\u00e9rifier son authenticit\u00e9, mais aussi de lui redonner une histoire et une visibilit\u00e9 aupr\u00e8s d\u2019un public averti \u00bb, souligne Antoine Senequier-Crozet.<\/p>\n<p>Pour les collectionneurs comme pour les curieux, ces moments d\u2019\u00e9change sont aussi une porte d\u2019entr\u00e9e dans le monde des ench\u00e8res, o\u00f9 le patrimoine militaire \u2014 armes anciennes, m\u00e9dailles ou objets comm\u00e9moratifs \u2014 r\u00e9v\u00e8le toute sa richesse historique et symbolique.<\/p>\n<p>La vente de janvier, exclusivement consacr\u00e9e au militaria de cat\u00e9gorie D, promet d\u00e9j\u00e0 de belles d\u00e9couvertes, accessibles sans formalit\u00e9s administratives particuli\u00e8res.<\/p>\n<p>Un \u00e9v\u00e9nement qui s\u2019inscrit dans la continuit\u00e9 du travail de l\u2019\u00e9tude grenobloise : faire dialoguer la passion des collectionneurs, la rigueur des experts et la mise en valeur du patrimoine.<\/p>\n","protected":false},"excerpt":{"rendered":"\u00ab Nous avons d\u00e9j\u00e0 r\u00e9uni une belle centaine de pi\u00e8ces, avec notamment une importante port\u00e9e de d\u00e9corations d\u2019un&hellip;\n","protected":false},"author":2,"featured_media":521613,"comment_status":"","ping_status":"","sticky":false,"template":"","format":"standard","meta":{"footnotes":""},"categories":[9566],"tags":[1111,11,7884,2430,1777,674,1011,27,2731,12,25],"class_list":{"0":"post-521612","1":"post","2":"type-post","3":"status-publish","4":"format-standard","5":"has-post-thumbnail","7":"category-grenoble","8":"tag-actu","9":"tag-actualites","10":"tag-articles-partenaires","11":"tag-auvergne-rhone-alpes","12":"tag-eu","13":"tag-europe","14":"tag-fr","15":"tag-france","16":"tag-grenoble","17":"tag-news","18":"tag-republique-francaise"},"share_on_mastodon":{"url":"https:\/\/pubeurope.com\/@fr\/115516834079492908","error":""},"_links":{"self":[{"href":"https:\/\/www.europesays.com\/fr\/wp-json\/wp\/v2\/posts\/521612","targetHints":{"allow":["GET"]}}],"collection":[{"href":"https:\/\/www.europesays.com\/fr\/wp-json\/wp\/v2\/posts"}],"about":[{"href":"https:\/\/www.europesays.com\/fr\/wp-json\/wp\/v2\/types\/post"}],"author":[{"embeddable":true,"href":"https:\/\/www.europesays.com\/fr\/wp-json\/wp\/v2\/users\/2"}],"replies":[{"embeddable":true,"href":"https:\/\/www.europesays.com\/fr\/wp-json\/wp\/v2\/comments?post=521612"}],"version-history":[{"count":0,"href":"https:\/\/www.europesays.com\/fr\/wp-json\/wp\/v2\/posts\/521612\/revisions"}],"wp:featuredmedia":[{"embeddable":true,"href":"https:\/\/www.europesays.com\/fr\/wp-json\/wp\/v2\/media\/521613"}],"wp:attachment":[{"href":"https:\/\/www.europesays.com\/fr\/wp-json\/wp\/v2\/media?parent=521612"}],"wp:term":[{"taxonomy":"category","embeddable":true,"href":"https:\/\/www.europesays.com\/fr\/wp-json\/wp\/v2\/categories?post=521612"},{"taxonomy":"post_tag","embeddable":true,"href":"https:\/\/www.europesays.com\/fr\/wp-json\/wp\/v2\/tags?post=521612"}],"curies":[{"name":"wp","href":"https:\/\/api.w.org\/{rel}","templated":true}]}}