{"id":521614,"date":"2025-11-09T00:09:17","date_gmt":"2025-11-09T00:09:17","guid":{"rendered":"https:\/\/www.europesays.com\/fr\/521614\/"},"modified":"2025-11-09T00:09:17","modified_gmt":"2025-11-09T00:09:17","slug":"agresseur-sexuel-passe-a-tabac-a-la-prison-de-grenoble-varces-deux-codetenus-condamnes-2","status":"publish","type":"post","link":"https:\/\/www.europesays.com\/fr\/521614\/","title":{"rendered":"Agresseur sexuel pass\u00e9 \u00e0 tabac \u00e0 la prison de Grenoble-Varces : deux cod\u00e9tenus condamn\u00e9s"},"content":{"rendered":"<p itemprop=\"description\"><strong>Deux prisonniers ont \u00e9t\u00e9 condamn\u00e9s en Is\u00e8re pour avoir violemment frapp\u00e9 un cod\u00e9tenu en mars dernier, en repr\u00e9sailles \u00e0 son pass\u00e9 judiciaire.<\/strong><\/p>\n<p>Deux d\u00e9tenus du centre p\u00e9nitentiaire de Grenoble-Varces, \u00e2g\u00e9s de 22 et 26 ans, ont comparu vendredi 7 novembre devant le tribunal correctionnel de Grenoble. Ils \u00e9taient poursuivis pour avoir particip\u00e9 \u00e0 une agression collective survenue le 1er mars 2025 dans la cour de promenade de l\u2019\u00e9tablissement.<\/p>\n<p>Selon l\u2019enqu\u00eate, les agresseurs auraient appris que leur victime avait \u00e9t\u00e9 condamn\u00e9e pour des faits \u00e0 caract\u00e8re sexuel sur un mineur. Une information qui aurait d\u00e9clench\u00e9 leur passage \u00e0 l\u2019acte.<\/p>\n<p>Les images de vid\u00e9osurveillance ont permis d\u2019identifier les deux principaux protagonistes. Le plus jeune, incarc\u00e9r\u00e9 depuis pr\u00e8s d\u2019un an, a reconnu sa participation et exprim\u00e9 des remords. Le second, d\u00e9j\u00e0 bien connu de la justice, a reconnu avoir frapp\u00e9 \u00e0 de multiples reprises, expliquant avoir agi sous le coup de la col\u00e8re.<\/p>\n<p>La procureure a r\u00e9clam\u00e9 des peines de prison ferme, estimant que les deux hommes avaient voulu se substituer \u00e0 la justice. Le tribunal a finalement condamn\u00e9 le d\u00e9tenu de 26 ans \u00e0 dix mois de r\u00e9clusion avec maintien en d\u00e9tention, et celui de 22 ans \u00e0 six mois ferme sans prolongation de son incarc\u00e9ration.<\/p>\n","protected":false},"excerpt":{"rendered":"Deux prisonniers ont \u00e9t\u00e9 condamn\u00e9s en Is\u00e8re pour avoir violemment frapp\u00e9 un cod\u00e9tenu en mars dernier, en repr\u00e9sailles&hellip;\n","protected":false},"author":2,"featured_media":520803,"comment_status":"","ping_status":"","sticky":false,"template":"","format":"standard","meta":{"footnotes":""},"categories":[9566],"tags":[1111,11,2813,2430,1109,251,1112,2811,1777,674,118,1011,27,21780,2731,14004,1922,1110,1114,108,12,316,25,2812,517,800],"class_list":{"0":"post-521614","1":"post","2":"type-post","3":"status-publish","4":"format-standard","5":"has-post-thumbnail","7":"category-grenoble","8":"tag-actu","9":"tag-actualites","10":"tag-article","11":"tag-auvergne-rhone-alpes","12":"tag-breves","13":"tag-culture","14":"tag-depeches","15":"tag-economique","16":"tag-eu","17":"tag-europe","18":"tag-faits-divers","19":"tag-fr","20":"tag-france","21":"tag-gf38","22":"tag-grenoble","23":"tag-grenoblemag","24":"tag-info","25":"tag-informations","26":"tag-infos","27":"tag-isere","28":"tag-news","29":"tag-politique","30":"tag-republique-francaise","31":"tag-sociale","32":"tag-sport","33":"tag-transports"},"share_on_mastodon":{"url":"https:\/\/pubeurope.com\/@fr\/115516837978035032","error":""},"_links":{"self":[{"href":"https:\/\/www.europesays.com\/fr\/wp-json\/wp\/v2\/posts\/521614","targetHints":{"allow":["GET"]}}],"collection":[{"href":"https:\/\/www.europesays.com\/fr\/wp-json\/wp\/v2\/posts"}],"about":[{"href":"https:\/\/www.europesays.com\/fr\/wp-json\/wp\/v2\/types\/post"}],"author":[{"embeddable":true,"href":"https:\/\/www.europesays.com\/fr\/wp-json\/wp\/v2\/users\/2"}],"replies":[{"embeddable":true,"href":"https:\/\/www.europesays.com\/fr\/wp-json\/wp\/v2\/comments?post=521614"}],"version-history":[{"count":0,"href":"https:\/\/www.europesays.com\/fr\/wp-json\/wp\/v2\/posts\/521614\/revisions"}],"wp:featuredmedia":[{"embeddable":true,"href":"https:\/\/www.europesays.com\/fr\/wp-json\/wp\/v2\/media\/520803"}],"wp:attachment":[{"href":"https:\/\/www.europesays.com\/fr\/wp-json\/wp\/v2\/media?parent=521614"}],"wp:term":[{"taxonomy":"category","embeddable":true,"href":"https:\/\/www.europesays.com\/fr\/wp-json\/wp\/v2\/categories?post=521614"},{"taxonomy":"post_tag","embeddable":true,"href":"https:\/\/www.europesays.com\/fr\/wp-json\/wp\/v2\/tags?post=521614"}],"curies":[{"name":"wp","href":"https:\/\/api.w.org\/{rel}","templated":true}]}}