{"id":521619,"date":"2025-11-09T00:13:19","date_gmt":"2025-11-09T00:13:19","guid":{"rendered":"https:\/\/www.europesays.com\/fr\/521619\/"},"modified":"2025-11-09T00:13:19","modified_gmt":"2025-11-09T00:13:19","slug":"les-thaon-a-deroule-face-a-strasbourg-2-5-1","status":"publish","type":"post","link":"https:\/\/www.europesays.com\/fr\/521619\/","title":{"rendered":"l&rsquo;ES Thaon a d\u00e9roul\u00e9 face \u00e0 Strasbourg 2 (5-1)"},"content":{"rendered":"<p>Face \u00e0 une faible adversit\u00e9, l&rsquo;ES Thaon n&rsquo;est pas tomb\u00e9 dans le pi\u00e8ge de la facilit\u00e9 ce samedi soir \u00e0 Lederlin. Au-dessus dans tous les domaines, les Thaonnais ont sign\u00e9 un\u00a0troisi\u00e8me\u00a0succ\u00e8s en quatre matchs pour consolider leur place en haut du tableau de National 3. En s&rsquo;offrant, en plus, un festival. Crouzier sur coup franc (6e) lan\u00e7ait les hostilit\u00e9s avant que Petitpain (15e) puis Florentin ne plient le match en 22 minutes. Si le penalty transform\u00e9 par Karamoko a redonn\u00e9 un semblant d&rsquo;espoir aux r\u00e9servistes strasbourgeois (63e), Oumeddour par deux fois (65e, 70e) a paraph\u00e9 le succ\u00e8s vosgien. C&rsquo;\u00e9tait soir de f\u00eate \u00e0 Lederlin\u00a0!\u00a0Retrouvez les plus belles images de la rencontre.<\/p>\n","protected":false},"excerpt":{"rendered":"Face \u00e0 une faible adversit\u00e9, l&rsquo;ES Thaon n&rsquo;est pas tomb\u00e9 dans le pi\u00e8ge de la facilit\u00e9 ce samedi&hellip;\n","protected":false},"author":2,"featured_media":521620,"comment_status":"","ping_status":"","sticky":false,"template":"","format":"standard","meta":{"footnotes":"","_share_on_mastodon":"0"},"categories":[2820],"tags":[1111,11,1796,8429,1777,674,107,1701,1795,63,1011,27,2797,5325,2798,775,12,25,1700,640,10219,774],"class_list":["post-521619","post","type-post","status-publish","format-standard","has-post-thumbnail","category-strasbourg","tag-actu","tag-actualites","tag-edition-epinal","tag-es-thaon-football","tag-eu","tag-europe","tag-fil-info","tag-fil-info-sport","tag-fil-web","tag-football","tag-fr","tag-france","tag-galerie-loisirs","tag-galerie-media","tag-galerie-photo","tag-grand-est","tag-news","tag-republique-francaise","tag-sport-lorrain","tag-strasbourg","tag-thaon-les-vosges","tag-vosges"],"share_on_mastodon":{"url":"https:\/\/pubeurope.com\/@fr\/115516853648605659","error":""},"_links":{"self":[{"href":"https:\/\/www.europesays.com\/fr\/wp-json\/wp\/v2\/posts\/521619","targetHints":{"allow":["GET"]}}],"collection":[{"href":"https:\/\/www.europesays.com\/fr\/wp-json\/wp\/v2\/posts"}],"about":[{"href":"https:\/\/www.europesays.com\/fr\/wp-json\/wp\/v2\/types\/post"}],"author":[{"embeddable":true,"href":"https:\/\/www.europesays.com\/fr\/wp-json\/wp\/v2\/users\/2"}],"replies":[{"embeddable":true,"href":"https:\/\/www.europesays.com\/fr\/wp-json\/wp\/v2\/comments?post=521619"}],"version-history":[{"count":0,"href":"https:\/\/www.europesays.com\/fr\/wp-json\/wp\/v2\/posts\/521619\/revisions"}],"wp:featuredmedia":[{"embeddable":true,"href":"https:\/\/www.europesays.com\/fr\/wp-json\/wp\/v2\/media\/521620"}],"wp:attachment":[{"href":"https:\/\/www.europesays.com\/fr\/wp-json\/wp\/v2\/media?parent=521619"}],"wp:term":[{"taxonomy":"category","embeddable":true,"href":"https:\/\/www.europesays.com\/fr\/wp-json\/wp\/v2\/categories?post=521619"},{"taxonomy":"post_tag","embeddable":true,"href":"https:\/\/www.europesays.com\/fr\/wp-json\/wp\/v2\/tags?post=521619"}],"curies":[{"name":"wp","href":"https:\/\/api.w.org\/{rel}","templated":true}]}}