{"id":521636,"date":"2025-11-09T00:24:20","date_gmt":"2025-11-09T00:24:20","guid":{"rendered":"https:\/\/www.europesays.com\/fr\/521636\/"},"modified":"2025-11-09T00:24:20","modified_gmt":"2025-11-09T00:24:20","slug":"video-vivre-cette-aventure-avec-mes-emotions-rencontre-avec-miss-provence-qui-part-a-laventure-miss-france","status":"publish","type":"post","link":"https:\/\/www.europesays.com\/fr\/521636\/","title":{"rendered":"VID\u00c9O. \u00ab\u00a0Vivre cette aventure avec mes \u00e9motions\u00a0\u00bb, rencontre avec Miss Provence qui part \u00e0 l&rsquo;aventure Miss France"},"content":{"rendered":"<p>Un sourire qui en dit long sur le bonheur actuel de cette jeune femme. <a href=\"https:\/\/www.laprovence.com\/article\/region\/7326257624320314\/decouvrez-miss-provence-2025-julie-zitouni-originaire-de-marseille\" target=\"_blank\" rel=\"noopener\"><strong>Julie Zitouni,<\/strong> 26 ans, enfile fi\u00e8rement son \u00e9charpe de <strong>Miss Provence 2025<\/strong><\/a>. \u00ab\u00a0On se pr\u00e9pare toujours mentalement quand on fait ce genre de concours. On se pr\u00e9pare \u00e0 gagner ou \u00e0 perdre. Quand on gagne bien \u00e9videmment, on n&rsquo;est finalement pas pr\u00eate \u00e0 l&rsquo;\u00e9motion que l&rsquo;on ressent\u00a0\u00bb, nous confie la Marseillaise \u00e0 quelques heures de s&rsquo;envoler pour la Martinique.<\/p>\n<p>C&rsquo;est sur l&rsquo;\u00eele ch\u00e8re \u00e0 <a href=\"https:\/\/www.laprovence.com\/article\/ecoplanete\/5027426730578814\/video-miss-france-a-marseille-proteger-la-mer-c-est-une-mission-commune\" target=\"_blank\" rel=\"noopener\"><strong>Ang\u00e9lique Angarni-Filopon, Miss France 2025<\/strong><\/a>, que les 30 pr\u00e9tendantes \u00e0 sa succession se r\u00e9unissent pour le stage de pr\u00e9paration. Tradition oblige, la reine de beaut\u00e9 actuelle accueille ses \u00ab\u00a0petites s\u0153urs\u00a0\u00bb chez elle pour les familiariser avec l&rsquo;univers des Miss. Apprentissage de l&rsquo;\u00e9l\u00e9gance \u00e0 la fran\u00e7aise, d\u00e9couverte des traditions, entra\u00eenement au cat-walk&#8230; un s\u00e9jour paradisiaque mais loin de tout repos qui est surtout d\u00e9terminant pour la suite de leur aventure.<\/p>\n<p>Dans le mannequinat \u00e0 son propre compte<br \/>\n<img alt=\"Julie Zitouni partage la passion de l'automobile avec son papa. &quot;Il a d\u00e9velopp\u00e9 Alzheimer aujourd'hui, c'est plus difficile pour lui de faire ces activit\u00e9s mais je continu \u00e0 aller sur les circuits, pour lui&quot;.\" loading=\"lazy\" decoding=\"async\" data-nimg=\"fill\" class=\" TwicCore_img__i9TC1 undefined  undefined\" style=\"position:absolute;height:100%;width:100%;left:0;top:0;right:0;bottom:0;color:transparent;background-size:cover;background-position:50% 50%;background-repeat:no-repeat;background-image:url(&quot;data:image\/svg+xml;charset=utf-8,%3Csvg xmlns='http:\/\/www.w3.org\/2000\/svg' %3E%3Cfilter id='b' color-interpolation-filters='sRGB'%3E%3CfeGaussianBlur stdDeviation='20'\/%3E%3CfeColorMatrix values='1 0 0 0 0 0 1 0 0 0 0 0 1 0 0 0 0 0 100 -1' result='s'\/%3E%3CfeFlood x='0' y='0' width='100%25' height='100%25'\/%3E%3CfeComposite operator='out' in='s'\/%3E%3CfeComposite in2='SourceGraphic'\/%3E%3CfeGaussianBlur stdDeviation='20'\/%3E%3C\/filter%3E%3Cimage width='100%25' height='100%25' x='0' y='0' preserveAspectRatio='none' style='filter: url(%23b);' href='https:\/\/pictures.laprovence.com\/cdn-cgi\/image\/blur=250\/media\/melody\/2025\/11\/08\/portrait-de-miss-provence-2025-julie-zitouni-041125gbr01-041125gbr01-1762587040_9b45954bd9096f155954bd909b6559v_.jpg'\/%3E%3C\/svg%3E&quot;)\"   src=\"https:\/\/www.europesays.com\/fr\/wp-content\/uploads\/2025\/11\/portrait-de-miss-provence-2025-julie-zitouni-041125gbr01-041125gbr01-1762587040_9b45954bd9096f155954.jpeg\"\/>Julie Zitouni partage la passion de l&rsquo;automobile avec son papa. \u00ab\u00a0Il a d\u00e9velopp\u00e9 Alzheimer aujourd&rsquo;hui, c&rsquo;est plus difficile pour lui de faire ces activit\u00e9s mais je continu \u00e0 aller sur les circuits, pour lui\u00a0\u00bb. \/ PHOTO GILLES BADER (LA PROVENCE)<\/p>\n<p>\u00ab\u00a0J&rsquo;appr\u00e9hende cette pr\u00e9paration avec \u00e9norm\u00e9ment d&rsquo;enthousiasme, affirme Julie Zitouni. \u00c7a fait trois mois que je suis \u00e9lue et trois mois que j&rsquo;en parle. Bien s\u00fbr on nous donne des id\u00e9es sur comment \u00e7a va se passer mais chaque aventure est unique. J&rsquo;ai h\u00e2te de la vivre avec mes yeux, mes sentiments, mes \u00e9motions\u00a0\u00bb.\u00a0<\/p>\n<p>Et pourtant, il y a encore quelques mois, le r\u00eave Miss France \u00e9tait loin pour la Marseillaise. \u00ab\u00a0Une amie m&rsquo;a parl\u00e9 de Miss Provence.<a href=\"https:\/\/www.laprovence.com\/article\/societe\/91774519419238\/a-molleges-julie-zitouni-26-ans-a-ete-elue-miss-alpilles-2025\" target=\"_blank\" rel=\"noopener\"> Il restait une \u00e9lection d\u00e9partementale dans les Alpilles<\/a> \u00e0 laquelle je pouvais participer, rembobine-t-elle. J&rsquo;\u00e9tais tent\u00e9e car je me lan\u00e7ais \u00e0 mon compte donc \u00e7a pouvait me donner beaucoup de visibilit\u00e9.\u00a0\u00bb <\/p>\n<p>La jeune femme a laiss\u00e9 sa vie dans l&rsquo;administratif &#8211; o\u00f9 cette \u00ab\u00a0hyperactive \u00e9tait un peu malheureuse\u00a0\u00bb &#8211; pour en d\u00e9buter une nouvelle dans le mannequinat. \u00ab\u00a0J&rsquo;ai toujours fait des photos donc j&rsquo;ai pris la d\u00e9cision de me lancer \u00e0 mon compte\u00a0\u00bb, explique celle qui est \u00e0 c\u00f4t\u00e9 de \u00e7a une mordue de voitures et de courses automobiles.<\/p>\n<p>Un quotidien qui a chang\u00e9<br \/>\n<img alt=\"Julie Zitouni est une amoureuse de la mer. &quot;J'habite en face : je sors souvent mon paddle, \u00e9t\u00e9 comme hiver&quot;.\" loading=\"lazy\" decoding=\"async\" data-nimg=\"fill\" class=\" TwicCore_img__i9TC1 undefined  undefined\" style=\"position:absolute;height:100%;width:100%;left:0;top:0;right:0;bottom:0;color:transparent;background-size:cover;background-position:50% 50%;background-repeat:no-repeat;background-image:url(&quot;data:image\/svg+xml;charset=utf-8,%3Csvg xmlns='http:\/\/www.w3.org\/2000\/svg' %3E%3Cfilter id='b' color-interpolation-filters='sRGB'%3E%3CfeGaussianBlur stdDeviation='20'\/%3E%3CfeColorMatrix values='1 0 0 0 0 0 1 0 0 0 0 0 1 0 0 0 0 0 100 -1' result='s'\/%3E%3CfeFlood x='0' y='0' width='100%25' height='100%25'\/%3E%3CfeComposite operator='out' in='s'\/%3E%3CfeComposite in2='SourceGraphic'\/%3E%3CfeGaussianBlur stdDeviation='20'\/%3E%3C\/filter%3E%3Cimage width='100%25' height='100%25' x='0' y='0' preserveAspectRatio='none' style='filter: url(%23b);' href='https:\/\/pictures.laprovence.com\/cdn-cgi\/image\/blur=250\/media\/melody\/2025\/11\/08\/portrait-de-miss-provence-2025-julie-zitouni-041125gbr01-041125gbr01-1762587041_e2b32a3cd909687b32a3cd9098bb32v_.jpg'\/%3E%3C\/svg%3E&quot;)\"   src=\"https:\/\/www.europesays.com\/fr\/wp-content\/uploads\/2025\/11\/portrait-de-miss-provence-2025-julie-zitouni-041125gbr01-041125gbr01-1762587041_e2b32a3cd909687b32a3.jpeg\"\/>Julie Zitouni est une amoureuse de la mer. \u00ab\u00a0J&rsquo;habite en face : je sors souvent mon paddle, \u00e9t\u00e9 comme hiver\u00a0\u00bb. \/ PHOTO GILLES BADER (LA PROVENCE)<\/p>\n<p>Et elle ne se trompe pas : les Miss, c&rsquo;est avant tout un tremplin professionnel pour toutes ces jeunes femmes. Pour Julie, en plus de cela, son \u00e9lection a \u00e9t\u00e9 une r\u00e9v\u00e9lation. \u00ab\u00a0J&rsquo;ai ador\u00e9 la sensation d&rsquo;\u00eatre sur sc\u00e8ne : prendre ce micro, parler et \u00e9changer avec des gens, d\u00e9filer, faire les chor\u00e9graphies, r\u00e9alise la Marseillaise. Il y a un vrai amour de cette sc\u00e8ne qui est venu\u00a0\u00bb.<\/p>\n<p>Des \u00e9toiles dans les yeux depuis ce soir de juillet et un quotidien qui a forc\u00e9ment chang\u00e9. \u00ab\u00a0Les gens me reconnaissent dans la vie. Les gens me demandent des photos, c&rsquo;est flatteur, l\u00e2che-t-elle dans un \u00e9clat de rire. Ils donnent du soutien, de la force\u00a0\u00bb.<\/p>\n<p>Une chevelure remarquable, remarqu\u00e9e<br \/>\n<img alt=\"&quot;Mes cheveux : c'est pour dire aussi aux jeunes filles ou aux femmes qui sont comme moi qu'on doit s'aimer&quot;.\" loading=\"lazy\" decoding=\"async\" data-nimg=\"fill\" class=\" TwicCore_img__i9TC1 undefined  undefined\" style=\"position:absolute;height:100%;width:100%;left:0;top:0;right:0;bottom:0;color:transparent;background-size:cover;background-position:50% 50%;background-repeat:no-repeat;background-image:url(&quot;data:image\/svg+xml;charset=utf-8,%3Csvg xmlns='http:\/\/www.w3.org\/2000\/svg' %3E%3Cfilter id='b' color-interpolation-filters='sRGB'%3E%3CfeGaussianBlur stdDeviation='20'\/%3E%3CfeColorMatrix values='1 0 0 0 0 0 1 0 0 0 0 0 1 0 0 0 0 0 100 -1' result='s'\/%3E%3CfeFlood x='0' y='0' width='100%25' height='100%25'\/%3E%3CfeComposite operator='out' in='s'\/%3E%3CfeComposite in2='SourceGraphic'\/%3E%3CfeGaussianBlur stdDeviation='20'\/%3E%3C\/filter%3E%3Cimage width='100%25' height='100%25' x='0' y='0' preserveAspectRatio='none' style='filter: url(%23b);' href='https:\/\/pictures.laprovence.com\/cdn-cgi\/image\/blur=250\/media\/melody\/2025\/11\/08\/portrait-de-miss-provence-2025-julie-zitouni-041125gbr01-041125gbr01-1762587041_4ddd10dcd909651ed10dcd90935ed1v_.jpg'\/%3E%3C\/svg%3E&quot;)\"   src=\"https:\/\/www.europesays.com\/fr\/wp-content\/uploads\/2025\/11\/portrait-de-miss-provence-2025-julie-zitouni-041125gbr01-041125gbr01-1762587041_4ddd10dcd909651ed10d.jpeg\"\/>\u00ab\u00a0Mes cheveux : c&rsquo;est pour dire aussi aux jeunes filles ou aux femmes qui sont comme moi qu&rsquo;on doit s&rsquo;aimer\u00a0\u00bb. \/ PHOTO GILLES BADER (LA PROVENCE)<\/p>\n<p>Du haut de son m\u00e8tre 72, Julie frappe par son \u00e9l\u00e9gance naturelle, son teint h\u00e2l\u00e9 et sa chevelure singuli\u00e8re. \u00ab\u00a0Je comprends que certains ne soient pas friands de cette coupe de cheveux car \u00e7a fait sauvage, s&rsquo;amuse-t-elle. J&rsquo;ai toujours liss\u00e9 mes cheveux dans mon enfance face au harc\u00e8lement, en \u00e9coutant les autres. Un jour, j&rsquo;ai dit stop : il faut que j&rsquo;aime qui je suis, que je m&rsquo;assume. Nous sommes nombreux \u00e0 avoir des cheveux textur\u00e9s et nombreux \u00e0 ne pas aimer qui nous sommes.\u00a0\u00bb<\/p>\n<p>\u00c0 26 ans, Julie se pr\u00e9sente \u00e0 ce concours avec beaucoup d&rsquo;entrain et une maturit\u00e9 de vie. \u00ab\u00a0Je vois les 29 autres candidates comme des co\u00e9quipi\u00e8res. Je ne sais pas comment on va vivre cette aventure, mais le mois va \u00eatre intense, projette la jeune femme. Cette \u00e9charpe de Miss Provence me repr\u00e9sente. Je suis une Marseillaise, une Proven\u00e7ale\u00a0\u00bb \u00e0 100% clame avec fiert\u00e9 Julie Zitouni.<\/p>\n","protected":false},"excerpt":{"rendered":"Un sourire qui en dit long sur le bonheur actuel de cette jeune femme. Julie Zitouni, 26 ans,&hellip;\n","protected":false},"author":2,"featured_media":521637,"comment_status":"","ping_status":"","sticky":false,"template":"","format":"standard","meta":{"footnotes":""},"categories":[2814],"tags":[17,1111,11,3396,2741,3477,27517,1777,674,1011,27,884,17937,12,882,25,104,133,3681],"class_list":{"0":"post-521636","1":"post","2":"type-post","3":"status-publish","4":"format-standard","5":"has-post-thumbnail","7":"category-marseille","8":"tag-17","9":"tag-actu","10":"tag-actualites","11":"tag-avec","12":"tag-aventure","13":"tag-cette","14":"tag-emotions","15":"tag-eu","16":"tag-europe","17":"tag-fr","18":"tag-france","19":"tag-marseille","20":"tag-mes","21":"tag-news","22":"tag-provence-alpes-cote-dazur","23":"tag-republique-francaise","24":"tag-societe","25":"tag-video","26":"tag-vivre"},"share_on_mastodon":{"url":"https:\/\/pubeurope.com\/@fr\/115516897198447815","error":""},"_links":{"self":[{"href":"https:\/\/www.europesays.com\/fr\/wp-json\/wp\/v2\/posts\/521636","targetHints":{"allow":["GET"]}}],"collection":[{"href":"https:\/\/www.europesays.com\/fr\/wp-json\/wp\/v2\/posts"}],"about":[{"href":"https:\/\/www.europesays.com\/fr\/wp-json\/wp\/v2\/types\/post"}],"author":[{"embeddable":true,"href":"https:\/\/www.europesays.com\/fr\/wp-json\/wp\/v2\/users\/2"}],"replies":[{"embeddable":true,"href":"https:\/\/www.europesays.com\/fr\/wp-json\/wp\/v2\/comments?post=521636"}],"version-history":[{"count":0,"href":"https:\/\/www.europesays.com\/fr\/wp-json\/wp\/v2\/posts\/521636\/revisions"}],"wp:featuredmedia":[{"embeddable":true,"href":"https:\/\/www.europesays.com\/fr\/wp-json\/wp\/v2\/media\/521637"}],"wp:attachment":[{"href":"https:\/\/www.europesays.com\/fr\/wp-json\/wp\/v2\/media?parent=521636"}],"wp:term":[{"taxonomy":"category","embeddable":true,"href":"https:\/\/www.europesays.com\/fr\/wp-json\/wp\/v2\/categories?post=521636"},{"taxonomy":"post_tag","embeddable":true,"href":"https:\/\/www.europesays.com\/fr\/wp-json\/wp\/v2\/tags?post=521636"}],"curies":[{"name":"wp","href":"https:\/\/api.w.org\/{rel}","templated":true}]}}