{"id":521640,"date":"2025-11-09T00:26:33","date_gmt":"2025-11-09T00:26:33","guid":{"rendered":"https:\/\/www.europesays.com\/fr\/521640\/"},"modified":"2025-11-09T00:26:33","modified_gmt":"2025-11-09T00:26:33","slug":"pres-de-lyon-cet-immense-complexe-de-loisirs-unique-en-france-debarque-a-la-place-dikea","status":"publish","type":"post","link":"https:\/\/www.europesays.com\/fr\/521640\/","title":{"rendered":"Pr\u00e8s de Lyon. Cet immense complexe de loisirs unique en France d\u00e9barque \u00e0 la place d&rsquo;Ikea"},"content":{"rendered":"<p>            Par<br \/>\n        <strong><br \/>\n            <a href=\"https:\/\/actu.fr\/auteur\/ludivine-caporal\" title=\"Consulter tous les articles de Ludivine Caporal\" rel=\"nofollow noopener\" target=\"_blank\">Ludivine Caporal<\/a><br \/>\n        <\/strong><\/p>\n<p>        Publi\u00e9 le<\/p>\n<p>            8 nov. 2025 \u00e0 6h22        <\/p>\n<p>Les travaux ont commenc\u00e9 sur <a href=\"https:\/\/actu.fr\/auvergne-rhone-alpes\/saint-priest_69290\/loisirs-restaurants-voici-ce-qui-va-remplacer-l-ancien-ikea-a-l-entree-de-lyon_59943898.html\" rel=\"nofollow noopener\" target=\"_blank\">l\u2019ancien site d\u2019Ikea<\/a> \u00e0 Saint-Priest, au <a href=\"https:\/\/actu.fr\/auvergne-rhone-alpes\/bron_69029\/ce-grand-centre-commercial-moderne-confirme-a-l-entree-de-lyon-les-enseignes-connues_62183797.html\" rel=\"nofollow noopener\" target=\"_blank\">centre Aushopping Porte des Alpes<\/a>, pour donner vie \u00e0 un nouveau et gigantesque complexe de divertissement. <strong>En septembre\u00a02026<\/strong>, le concept \u00ab\u2009HALL U NEED\u2009\u00bb, \u00ab\u2009unique en France et en Europe\u2009\u00bb, s\u2019implantera donc au sein de la m\u00e9tropole de Lyon apr\u00e8s avoir conquis le c\u0153ur des Lillois.<\/p>\n<p>\u00ab\u2009Un succ\u00e8s incroyable\u2009\u00bb \u00e0 Lille<\/p>\n<p class=\" wall-content\">Cr\u00e9\u00e9 dans le nord de la France en 2021, ce complexe multi-loisirs et de restauration indoor s\u2019inspire en fait d\u2019un mod\u00e8le tr\u00e8s en vogue aux \u00c9tats-Unis\u2009: le \u00ab\u2009Family Entertainment Center\u2009\u00bb. Il r\u00e9unit <strong>jeux, activit\u00e9s, restaurations, animations et bar \u00e9v\u00e9nementiel<\/strong> dans un seul et m\u00eame lieu.<\/p>\n<p class=\" wall-content\">\u00ab\u2009En moins de 5 ans, le complexe implant\u00e9 dans une ancienne usine de filature de la couronne lilloise est devenu une adresse incontournable pour tous les Lillois. En 2024, il accueillait 730\u2009000 visiteurs pour un chiffre d\u2019affaires de 8,3 millions d\u2019\u20ac. Un succ\u00e8s incroyable qui permet au concept de se classer dans le top 10 des parcs de loisirs fran\u00e7ais, en termes de fr\u00e9quentation, \u00e0 \u00e9galit\u00e9 dans la r\u00e9gion Auvergne-Rh\u00f4ne-Alpes avec <a href=\"https:\/\/actu.fr\/tag\/walibi-rhone-alpes\" rel=\"nofollow noopener\" target=\"_blank\">Walibi Rh\u00f4ne-Alpes<\/a>\u2009\u00bb, est-il pr\u00e9sent\u00e9.<\/p>\n<p class=\" wall-content\">\n    <img   decoding=\"async\" loading=\"lazy\" src=\"https:\/\/www.europesays.com\/fr\/wp-content\/uploads\/2025\/11\/hall-u-need-complexe-1-960x640.jpg\" alt=\"Une offre de restauration-bar sera propos\u00e9e sur place.\" width=\"960\" height=\"640\"\/><br \/>\n    Une offre de restauration-bar sera propos\u00e9e sur place. (\u00a9Document remis \u00e0 actu Lyon\/Illustration HALL U NEED LILLE)<br \/>\n    <img   decoding=\"async\" loading=\"lazy\" src=\"https:\/\/www.europesays.com\/fr\/wp-content\/uploads\/2025\/11\/hall-u-need-complexe-2-960x640.jpg\" alt=\"Bowling, jeux d'arcades, karaok\u00e9, aire de jeux pour enfants seront au programme.\" width=\"960\" height=\"640\"\/><br \/>\n    Bowling, jeux d\u2019arcades, karaok\u00e9, aire de jeux pour enfants seront au programme. (\u00a9Document remis \u00e0 actu Lyon\/Illustration HALL U NEED LILLE)<\/p>\n<p>Une surface de 5\u2009000\u00a0m2<\/p>\n<p class=\" wall-content\">\u00c0 <a href=\"https:\/\/actu.fr\/auvergne-rhone-alpes\/saint-priest_69290\" rel=\"nofollow noopener\" target=\"_blank\">Saint-Priest<\/a>, \u00ab\u2009HALL U NEED\u2009\u00bb investira une surface de 5\u2009000m2 et proposera du bowling, du karaok\u00e9, du blind-test, des bornes d\u2019arcades, de la r\u00e9alit\u00e9 virtuelle ou encore une aire de jeux pour enfants aux c\u00f4t\u00e9s d\u2019un restaurant-bar avec une carte de cuisine fran\u00e7aise et internationale et un service \u00e0 table.<\/p>\n<p class=\" wall-content\">Le programme d\u2019animations et d\u2019\u00e9v\u00e9nements sera \u00ab\u2009sans cesse renouvel\u00e9\u2009\u00bb et des espaces de privatisation pour les entreprises, avec une offre pour les s\u00e9minaires et le team-building, seront \u00e9galement \u00e0 disposition.<\/p>\n<p class=\" wall-content\">Personnalisez votre actualit\u00e9 en ajoutant vos villes et m\u00e9dias en favori avec <a href=\"https:\/\/moncompte.actu.fr\" title=\"D\u00e9couvez Mon Actu\" rel=\"nofollow noopener\" data-trk=\"{&quot;cta&quot;:{&quot;action&quot;:&quot;https:\\\/\\\/moncompte.actu.fr&quot;,&quot;category&quot;:&quot;mon compte&quot;,&quot;from&quot;:&quot;article footer&quot;,&quot;name&quot;:&quot;Mon actu&quot;,&quot;type&quot;:&quot;cta&quot;}}\" target=\"_blank\">Mon Actu<\/a>.<\/p>\n","protected":false},"excerpt":{"rendered":"Par Ludivine Caporal Publi\u00e9 le 8 nov. 2025 \u00e0 6h22 Les travaux ont commenc\u00e9 sur l\u2019ancien site d\u2019Ikea&hellip;\n","protected":false},"author":2,"featured_media":521641,"comment_status":"","ping_status":"","sticky":false,"template":"","format":"standard","meta":{"footnotes":""},"categories":[1889],"tags":[1111,11,2430,33,1777,674,1011,27,714,2428,12,25,1340],"class_list":{"0":"post-521640","1":"post","2":"type-post","3":"status-publish","4":"format-standard","5":"has-post-thumbnail","7":"category-lyon","8":"tag-actu","9":"tag-actualites","10":"tag-auvergne-rhone-alpes","11":"tag-economie","12":"tag-eu","13":"tag-europe","14":"tag-fr","15":"tag-france","16":"tag-ikea","17":"tag-lyon","18":"tag-news","19":"tag-republique-francaise","20":"tag-restaurant"},"share_on_mastodon":{"url":"https:\/\/pubeurope.com\/@fr\/115516905502326940","error":""},"_links":{"self":[{"href":"https:\/\/www.europesays.com\/fr\/wp-json\/wp\/v2\/posts\/521640","targetHints":{"allow":["GET"]}}],"collection":[{"href":"https:\/\/www.europesays.com\/fr\/wp-json\/wp\/v2\/posts"}],"about":[{"href":"https:\/\/www.europesays.com\/fr\/wp-json\/wp\/v2\/types\/post"}],"author":[{"embeddable":true,"href":"https:\/\/www.europesays.com\/fr\/wp-json\/wp\/v2\/users\/2"}],"replies":[{"embeddable":true,"href":"https:\/\/www.europesays.com\/fr\/wp-json\/wp\/v2\/comments?post=521640"}],"version-history":[{"count":0,"href":"https:\/\/www.europesays.com\/fr\/wp-json\/wp\/v2\/posts\/521640\/revisions"}],"wp:featuredmedia":[{"embeddable":true,"href":"https:\/\/www.europesays.com\/fr\/wp-json\/wp\/v2\/media\/521641"}],"wp:attachment":[{"href":"https:\/\/www.europesays.com\/fr\/wp-json\/wp\/v2\/media?parent=521640"}],"wp:term":[{"taxonomy":"category","embeddable":true,"href":"https:\/\/www.europesays.com\/fr\/wp-json\/wp\/v2\/categories?post=521640"},{"taxonomy":"post_tag","embeddable":true,"href":"https:\/\/www.europesays.com\/fr\/wp-json\/wp\/v2\/tags?post=521640"}],"curies":[{"name":"wp","href":"https:\/\/api.w.org\/{rel}","templated":true}]}}