{"id":521642,"date":"2025-11-09T00:27:23","date_gmt":"2025-11-09T00:27:23","guid":{"rendered":"https:\/\/www.europesays.com\/fr\/521642\/"},"modified":"2025-11-09T00:27:23","modified_gmt":"2025-11-09T00:27:23","slug":"moussa-niakhate-le-quasi-paria-devenu-patron","status":"publish","type":"post","link":"https:\/\/www.europesays.com\/fr\/521642\/","title":{"rendered":"Moussa Niakhat\u00e9, le (quasi) paria devenu patron"},"content":{"rendered":"<p>\n    Deuxi\u00e8me recrue la plus ch\u00e8re de l\u2019histoire du club rhodanien, le d\u00e9fenseur central aura eu besoin d\u2019une saison pour s\u2019imposer au sein de l\u2019effectif lyonnais. Au point d\u2019en devenir un incontestable leader, sur et en dehors du terrain.<\/p>\n<p class=\"fig-paragraph\">Le 4 juillet 2024, en pleine folie d\u00e9pensi\u00e8re, l\u2019Olympique Lyonnais officialisait la signature de Moussa Niakhat\u00e9 en provenance de Nottingham Forest. Un club britannique avec qui les liens s\u2019av\u00e9raient alors particuli\u00e8rement \u00e9troits, notamment entre\u00a0<a href=\"http:\/\/www.lefigaro.fr\/sports\/football\/foot-john-textor-a-fait-une-offre-pour-racheter-wolverhampton-20251027\" data-fig-type=\"NewsFlash\" data-gtm-custom-categorie=\"navigation\" data-gtm-custom-action=\"crossclick\" data-gtm-custom-label=\"Contextuel\" data-gtm-event=\"customEventSPE\" data-fig-domain=\"LEFIGARO\" target=\"_blank\" rel=\"noopener\">John Textor<\/a>, alors pr\u00e9sident de l\u2019OL, et son homologue Evangelos Marinakis, \u00e9galement pr\u00e9sident de l\u2019Olympiakos. Ainsi, le club rhodanien, avant de recruter pour plus de 30 millions d\u2019euros un d\u00e9fenseur de 28 ans, titulaire \u00e0 peine un match sur deux en Premier League lors de la saison \u00e9coul\u00e9e et gu\u00e8re r\u00e9f\u00e9renc\u00e9 sur le plan international avec sa petite dizaine de s\u00e9lections tout juste avec le S\u00e9n\u00e9gal, avait d\u00e9j\u00e0 cass\u00e9 sa tirelire pour lever l\u2019option d\u2019achat concernant Orel Mangala, 23,4 millions d\u2019euros venant s\u2019ajouter aux 11,7 millions d\u00e9j\u00e0 vers\u00e9s pour le pr\u00eat du joueur l\u2019hiver pr\u00e9c\u00e9dent.<\/p>\n<p class=\"fig-paragraph\">Un jackpot pour le moins inesp\u00e9r\u00e9 pour Nottingham Forest, alors en proie \u00e0 de s\u00e9rieuses turbulences financi\u00e8res r\u00e9gl\u00e9es pignon sur rue par l\u2019ami Textor. Pour un retour sur investissement sur le plan sportif particuli\u00e8rement d\u00e9cevant. Ainsi, Orel Mangala, du haut de ses 9 matches jou\u00e9s pour 2 buts inscrits, laissera un souvenir \u00e9mu, dans le mauvais sens du terme, aux supporters lyonnais, tandis que Niakhat\u00e9, lui, peinait \u00e0 s\u2019imposer comme un taulier en d\u00e9fense. M\u00eame si sa seconde moiti\u00e9 de saison, plus consistante et avec le recul qui est le n\u00f4tre aujourd\u2019hui, annon\u00e7ait (enfin) des lendemains qui chantent pour l\u2019OL. Car depuis le d\u00e9but de la saison, l\u2019international s\u00e9n\u00e9galais est transfigur\u00e9 et il pourrait, avec le temps et en continuant d\u2019\u00e9voluer au niveau qui est le sien depuis trois mois, faire de ses 30 millions d\u2019euros un achat \u00e9clair\u00e9, plut\u00f4t qu\u2019un cadeau dor\u00e9 \u00e0 Nottingham.<\/p>\n<blockquote class=\"fig-quote&#10;    \">\n<p class=\"fig-quote__text\">J\u2019arrive quelque part et je me mets tout seul en difficult\u00e9. N\u00e9anmoins, j\u2019\u00e9tais convaincu de pouvoir prouver ma valeur.<\/p>\n<p>            Moussa Niakhat\u00e9\n    <\/p><\/blockquote>\n<p>                                    <a class=\"fig-a11y-skip a11y-hidden\" href=\"#fig-a11y-skip-main-inarticle\"><br \/>\n        Passer la publicit\u00e9<br \/>\n    <\/a><\/p>\n<p class=\"fig-paragraph\">Un possible happy end auquel le principal int\u00e9ress\u00e9 croyait dur comme fer, comme il le confiait r\u00e9cemment. \u00ab\u00c0 aucun moment je n\u2019ai dout\u00e9. Certains diront que j\u2019ai trop confiance en moi mais je sais de quoi je suis capable avec le ballon. Quand je suis arriv\u00e9 \u00e0 Lyon, j\u2019en \u00e9tais d\u00e9j\u00e0 \u00e0 ma onzi\u00e8me ann\u00e9e professionnelle. J\u2019avais jou\u00e9 en Premier League, en Bundesliga (<a href=\"https:\/\/www.lefigaro.fr\/sports\/football\/transferts\/fil-info\/moussa-niakhate-s-engage-avec-mayence-officiel-916767\" data-fig-type=\"NewsFlash\" data-gtm-custom-categorie=\"navigation\" data-gtm-custom-action=\"crossclick\" data-gtm-custom-label=\"Contextuel\" data-gtm-event=\"customEventSPE\" data-fig-domain=\"LEFIGARO\" target=\"_blank\" rel=\"noopener\">\u00e0 Mayence<\/a> ), en Ligue 1 (\u00e0 Metz) et en s\u00e9lection donc je connaissais mes qualit\u00e9s.\u00bb Qui n\u2019ont pas saut\u00e9 aux yeux des fans lyonnais lors de son premier match \u00e0 Rennes le 18 ao\u00fbt 2024, lors duquel Niakhat\u00e9, auteur globalement d\u2019une prestation catastrophique avec notamment une grosse erreur ayant co\u00fbt\u00e9 un but, avait pris l\u2019eau comme l\u2019OL (3-0). \u00abOui, c\u2019est vrai\u00bb, se souvient-il. \u00abMais c\u2019est l\u2019histoire de ma vie \u00e7a. J\u2019arrive quelque part et je me mets tout seul en difficult\u00e9. N\u00e9anmoins, j\u2019\u00e9tais convaincu de pouvoir prouver ma valeur. En signant \u00e0 l\u2019OL, je savais qu\u2019il y aurait des \u00e9preuves \u00e0 surmonter. Si tout \u00e9tait trop facile, ce ne serait pas amusant.\u00bb<\/p>\n<p>Reconnaissant vis-\u00e0-vis de Paulo Fonseca<\/p>\n<p class=\"fig-paragraph\">N\u00e9anmoins, s\u2019il s\u2019en amuse aujourd\u2019hui, Niakhat\u00e9 aura eu besoin de plusieurs mois pour r\u00e9ellement remonter la pente et inverser les quolibets accompagnants chacune de ses sorties. Deux \u00e9l\u00e9ments ont alors eu valeur de d\u00e9clics pour lui. Le premier concerne l\u2019arriv\u00e9e sur le banc de Paulo Fonseca en janvier dernier. Sous les ordres du Portugais, Niakhat\u00e9 estime ainsi avoir \u00ab\u00e9norm\u00e9ment progress\u00e9\u00bb en ayant \u00abla chance de travailler avec un tel entra\u00eeneur\u00bb. Un coach qui a eu la bonne id\u00e9e de l\u2019associer \u00e0 Clinton Mata, lat\u00e9ral de formation reconverti dans l\u2019axe. Entre les deux hommes d\u2019exp\u00e9rience, la compl\u00e9mentarit\u00e9 est parfaite, comme l\u2019expliquait l\u2019ancien d\u00e9fenseur lyonnais Cris dans les colonnes de L\u2019\u00c9quipe\u00a0: \u00abce sont deux profils qui marchent ensemble. Quand je suis arriv\u00e9 \u00e0 Lyon avec Ca\u00e7apa, \u00e7a a match\u00e9 tout de suite. On sent qu\u2019ils sont \u00e0 l\u2019aise entre eux, ils se parlent, ils peaufinent les d\u00e9tails. Des coachs m\u2019ont toujours dit\u00a0: si mes d\u00e9fenseurs aiment vraiment d\u00e9fendre, le risque de prendre des buts n\u2019est pas \u00e9norme. C\u2019est ce que je vois \u00e0 Lyon.\u00bb<\/p>\n<p>    Moussa Niakhat\u00e9<br \/>\n                Alexandre Dimou \/ Icon Sport<\/p>\n<p class=\"fig-paragraph\">Ceci explique l\u2019excellent d\u00e9but de saison de Lyon sur le plan d\u00e9fensif, avec notamment sept \u00abclean-sheets\u00bb (matches sans encaisser de but) lors des huit premi\u00e8res sorties des Rhodaniens. Une imperm\u00e9abilit\u00e9 \u00e0 laquelle le S\u00e9n\u00e9galais n\u2019est \u00e9videmment pas \u00e9tranger, bien au contraire. Titulaire \u00e0 dix reprises en onze journ\u00e9es, promu au rang de vice-capitaine derri\u00e8re Corentin Tolisso (et de capitaine quand celui-ci manque \u00e0 l\u2019appel), Niakhat\u00e9 a pris de l\u2019envergure de par ses performances sur le terrain, mais aussi dans le vestiaire o\u00f9 il s\u2019impose comme un grand fr\u00e8re au sein d\u2019un effectif rajeuni. \u00abJe trouve cela tellement normal d\u2019apporter mon v\u00e9cu aux plus jeunes\u00bb, expliquait-il sur le site Olympique-et-lyonnais.com. \u00abSi je peux leur \u00e9viter certains pi\u00e8ges, je le fais avec plaisir. D\u2019ailleurs, je leur disais qu\u2019ils devaient apprendre de leurs erreurs afin de ne plus en commettre. De tr\u00e9bucher, cela fait partie de l\u2019apprentissage. Je suis tr\u00e8s positif mais je peux \u00e9galement \u00eatre tr\u00e8s m\u00e9chant s\u2019ils font des choses qui ne me plaisent pas. Je suis le premier \u00e0 leur tomber dessus avant m\u00eame le coach.\u00bb<\/p>\n<p>Le test ultime face au PSG<\/p>\n<p class=\"fig-paragraph\">Face au Paris SG ce dimanche (20h45) pour le compte de la 12e journ\u00e9e, le d\u00e9fenseur central aura l\u2019occasion de d\u00e9montrer qu\u2019il a bien pass\u00e9 un cap entre sa premi\u00e8re et sa deuxi\u00e8me ann\u00e9e dans la cit\u00e9 des Gones. Et de r\u00e9aliser ainsi sa promesse. \u00abDans tous les clubs que j\u2019ai fr\u00e9quent\u00e9s, je suis reparti en patron. \u00c0 Lyon, \u00e7a sera la m\u00eame chose. Je vis actuellement une bonne phase mais je ne m\u2019enflamme pas. La saison est longue, il y aura des rencontres que je vais rater, on va s\u00fbrement perdre des points \u00e0 cause de moi, j\u2019en suis conscient. C\u2019est le jeu, c\u2019est le foot. \u00c7a va, \u00e7a vient.\u00bb<\/p>\n","protected":false},"excerpt":{"rendered":"Deuxi\u00e8me recrue la plus ch\u00e8re de l\u2019histoire du club rhodanien, le d\u00e9fenseur central aura eu besoin d\u2019une saison&hellip;\n","protected":false},"author":2,"featured_media":521643,"comment_status":"","ping_status":"","sticky":false,"template":"","format":"standard","meta":{"footnotes":""},"categories":[1889],"tags":[1111,11,2430,1777,674,1011,27,2428,12,978,93,25],"class_list":{"0":"post-521642","1":"post","2":"type-post","3":"status-publish","4":"format-standard","5":"has-post-thumbnail","7":"category-lyon","8":"tag-actu","9":"tag-actualites","10":"tag-auvergne-rhone-alpes","11":"tag-eu","12":"tag-europe","13":"tag-fr","14":"tag-france","15":"tag-lyon","16":"tag-news","17":"tag-olympique-lyonnais","18":"tag-psg","19":"tag-republique-francaise"},"share_on_mastodon":{"url":"https:\/\/pubeurope.com\/@fr\/115516908702277381","error":""},"_links":{"self":[{"href":"https:\/\/www.europesays.com\/fr\/wp-json\/wp\/v2\/posts\/521642","targetHints":{"allow":["GET"]}}],"collection":[{"href":"https:\/\/www.europesays.com\/fr\/wp-json\/wp\/v2\/posts"}],"about":[{"href":"https:\/\/www.europesays.com\/fr\/wp-json\/wp\/v2\/types\/post"}],"author":[{"embeddable":true,"href":"https:\/\/www.europesays.com\/fr\/wp-json\/wp\/v2\/users\/2"}],"replies":[{"embeddable":true,"href":"https:\/\/www.europesays.com\/fr\/wp-json\/wp\/v2\/comments?post=521642"}],"version-history":[{"count":0,"href":"https:\/\/www.europesays.com\/fr\/wp-json\/wp\/v2\/posts\/521642\/revisions"}],"wp:featuredmedia":[{"embeddable":true,"href":"https:\/\/www.europesays.com\/fr\/wp-json\/wp\/v2\/media\/521643"}],"wp:attachment":[{"href":"https:\/\/www.europesays.com\/fr\/wp-json\/wp\/v2\/media?parent=521642"}],"wp:term":[{"taxonomy":"category","embeddable":true,"href":"https:\/\/www.europesays.com\/fr\/wp-json\/wp\/v2\/categories?post=521642"},{"taxonomy":"post_tag","embeddable":true,"href":"https:\/\/www.europesays.com\/fr\/wp-json\/wp\/v2\/tags?post=521642"}],"curies":[{"name":"wp","href":"https:\/\/api.w.org\/{rel}","templated":true}]}}