{"id":521644,"date":"2025-11-09T00:29:15","date_gmt":"2025-11-09T00:29:15","guid":{"rendered":"https:\/\/www.europesays.com\/fr\/521644\/"},"modified":"2025-11-09T00:29:15","modified_gmt":"2025-11-09T00:29:15","slug":"on-a-sorti-lvmh-de-ce-lieu-mythique","status":"publish","type":"post","link":"https:\/\/www.europesays.com\/fr\/521644\/","title":{"rendered":"\u00ab on a sorti LVMH de ce lieu mythique \u00bb"},"content":{"rendered":"<p>            Par<br \/>\n        <strong><br \/>\n            <a href=\"https:\/\/actu.fr\/auteur\/charles-dossantos\" title=\"Consulter tous les articles de Charles Dos Santos\" target=\"_blank\" rel=\"noopener\">Charles Dos Santos<\/a><br \/>\n        <\/strong><\/p>\n<p>        Publi\u00e9 le<\/p>\n<p>            8 nov. 2025 \u00e0 13h02        <\/p>\n<p>Implant\u00e9 \u00e0 <a href=\"https:\/\/actu.fr\/occitanie\/pezens_11288\" target=\"_blank\" rel=\"noopener\"><strong>Pezens<\/strong><\/a> dans <a href=\"https:\/\/actu.fr\/occitanie\/aude_11\/economie\" target=\"_blank\" rel=\"noopener\"><strong>l\u2019Aude<\/strong><\/a> depuis fin 2020, St\u00e9phane Arnal, 43\u00a0ans, a repris, seul, le domaine de la P\u00e9rinade. C\u2019est un <strong>changement de vie assum\u00e9<\/strong>. Jusqu\u2019\u00e0 cette date, il a occup\u00e9 des fonctions strat\u00e9giques dans une grande firme fran\u00e7aise, avec une vie tr\u00e8s sereine \u00e0 Levallois-Perret avec femme et enfants.<\/p>\n<p class=\" wall-content\">Moins de 6\u00a0ans plus tard, il est parvenu \u00e0 placer <strong>3000 de ses bouteilles de ros\u00e9<\/strong> sur les tables du prestigieux <strong>Crazy Horse<\/strong> dans les beaux quartiers de <strong>Paris<\/strong>. L\u00e0-bas, il a m\u00eame remplac\u00e9 un domaine propos\u00e9 aux clients du cabaret, implant\u00e9 pr\u00e8s de Saint-Tropez et propri\u00e9t\u00e9 de la multinationale LVMH.<\/p>\n<p>    <a href=\"https:\/\/www.google.com\/maps\/embed?pb=!1m18!1m12!1m3!1d2906.1465707448965!2d2.2480422768034583!3d43.24834987852031!2m3!1f0!2f0!3f0!3m2!1i1024!2i768!4f13.1!3m3!1m2!1s0x12ae310ed0b1b8ff%3A0x51e6bc62fb4e1765!2sDomaine%20de%20la%20Perinade!5e0!3m2!1sfr!2sfr!4v1761919346188!5m2!1sfr!2sfr\" title=\"Ouvrie le lien\" target=\"_blank\" rel=\"noopener\">Cliquez ici pour visualiser le contenu<\/a><\/p>\n<p class=\" wall-content\"><b>Domaine familial<\/b><\/p>\n<p class=\" wall-content\">\u00c9panoui dans ce monde sans piti\u00e9 de la finance, St\u00e9phane Arnal est pourtant fils et petit-fils de vigneron, responsables de ce fameux site viticole, cr\u00e9\u00e9 en 1830.<\/p>\n<p class=\" wall-content\">\u00ab\u2009En quelques mois, nous sommes pass\u00e9s de Paris \u00e0 la banlieue r\u00e9sidentielle de <a href=\"https:\/\/actu.fr\/occitanie\/carcassonne_11069\" target=\"_blank\" rel=\"noopener\"><strong>Carcassonne<\/strong><\/a> (<a href=\"https:\/\/actu.fr\/occitanie\/aude_11\" target=\"_blank\" rel=\"noopener\"><strong>Aude<\/strong><\/a>). Pour ma femme, Californienne, cela a \u00e9t\u00e9 <strong>un choc<\/strong>. Moi, je n\u2019ai pas eu le temps de cogiter. Il y avait tout \u00e0 faire et \u00e0 relancer\u2009\u00bb, se souvient ce quadrag\u00e9naire.<\/p>\n<blockquote class=\"ac-article-quote wall-content\">\n<p>J&rsquo;ai repris ce lieu en 2020. Et \u00e0 l&rsquo;\u00e9poque, on ne va pas se mentir. C&rsquo;\u00e9tait du gros vin rouge propos\u00e9 quotidiennement \u00e0 la vente. Rien ne pr\u00e9destinait ce lieu \u00e0 finir au Crazy, et avec du vin ros\u00e9 de surcro\u00eet.<\/p>\n<p>    <strong>St\u00e9phane Arnal<\/strong><br \/>\n        Cog\u00e9rant du domaine La P\u00e9rinade    <\/p><\/blockquote>\n<p class=\" wall-content\">C\u2019est sans regret qu\u2019il a quitt\u00e9 l\u2019\u00cele-de-France. Pour un <strong>sacr\u00e9 d\u00e9fi<\/strong>.<\/p>\n<p>Votre r\u00e9gion, votre actu !<\/p>\n<p>Recevez chaque jour les infos qui comptent pour vous.<\/p>\n<p>\t<a href=\"https:\/\/actu.fr\/newsletter\" class=\"ac-btn ac-btn--corner ac-btn--medium ac-btn--blue800\" target=\"_blank\" rel=\"noopener\">S&rsquo;incrire<\/a><br \/>\nUne r\u00e9v\u00e9lation<\/p>\n<p class=\" wall-content\">\u00ab\u2009Avant de vendre, il faut vendanger. Avant de vendanger, il faut produire et pour \u00e7a, il faut savoir ce que l\u2019on veut. Alors, j\u2019ai test\u00e9 un peu tout ce que l\u2019on pouvait faire. Puis, apr\u00e8s d\u00e9gustation, j\u2019ai eu une r\u00e9v\u00e9lation. Sur cette <strong>parcelle de 2,25 hectares<\/strong>, j\u2019ai vite su qu\u2019un vin <strong>ros\u00e9 de dingue<\/strong>\u2009\u00e9tait \u00e0 port\u00e9e de main\u2009\u00bb, s\u2019exclame le cog\u00e9rant, n\u2019oubliant pas de pr\u00e9ciser que dans ce m\u00e9tier, il a \u00ab\u2009vraiment tout appris sur le tas, au fur et \u00e0 mesure, sans les tutos de YouTube\u2009\u00bb.<\/p>\n<p class=\" wall-content\">Il en a la certitude. Le domaine La P\u00e9rinade vivra gr\u00e2ce \u00e0 ce terrain. Sinon, l\u2019avenir s\u2019annonce maussade pour le ch\u00e2teau comme pour la famille.<\/p>\n<p>Un travail nocturne ext\u00e9nuant<\/p>\n<p class=\" wall-content\">C\u2019est d\u00e9cid\u00e9. St\u00e9phane Arnal se lance dans le vin ros\u00e9 et y met toute son \u00e9nergie.<\/p>\n<blockquote class=\"ac-article-quote wall-content\">\n<p>Les vendanges, chez nous pour le ros\u00e9, ont lieu de nuit. On commence \u00e0 2h du matin environ. C&rsquo;est un imp\u00e9ratif.<\/p>\n<p>    <strong>St\u00e9phane Arnal<\/strong><br \/>\n        Cog\u00e9rant du domaine de La P\u00e9rinade    <\/p><\/blockquote>\n<p class=\" wall-content\">\u00ab\u2009Entre la veille \u00e0 faire chez les concurrents qui sont les caves expertes du ros\u00e9, le travail de la terre, la conception de nos propres bouteilles et ainsi de suite. <strong>Je n\u2019ai jamais arr\u00eat\u00e9\u2009<\/strong>\u00bb, poursuit le jeune papa, se rappelant aussi \u00ab\u2009qu\u2019\u00e0 l\u2019\u00e9poque, j\u2019ai regard\u00e9 r\u00e9guli\u00e8rement ce que faisait le <strong>Ch\u00e2teau Esclans<\/strong> pr\u00e8s de <strong>Saint-Tropez<\/strong> car c\u2019est un site reconnu et tr\u00e8s bien r\u00e9put\u00e9\u2009\u00bb. Heureux pr\u00e9sage.<\/p>\n<p>    <img   decoding=\"async\" loading=\"lazy\" src=\"https:\/\/www.europesays.com\/fr\/wp-content\/uploads\/2025\/11\/vin-domaine-perinade-aude-960x591.jpg\" alt=\"Arriv\u00e9 comme jeune viticulteur en 2020 pr\u00e8s de Carcassonne (Aude), St\u00e9phane Arnal voit son travail aujourd'hui largement r\u00e9compens\u00e9. \" width=\"960\" height=\"591\"\/><br \/>\n    Arriv\u00e9 comme jeune viticulteur en 2020 pr\u00e8s de Carcassonne (Aude), St\u00e9phane Arnal voit son travail aujourd\u2019hui largement r\u00e9compens\u00e9. (\u00a9St\u00e9phane Arnal)<\/p>\n<p class=\" wall-content\">Mais, l\u2019une des principales diff\u00e9rences entre la pr\u00e9paration d\u2019un vin ros\u00e9 et celle d\u2019un vin rouge intervient au moment des vendanges. \u00ab\u2009Pour ce produit, tout se passe de nuit. Il faut commencer \u00e0 la fra\u00eeche, donc la nuit. <strong>On vendange d\u00e8s 2\u2009h du matin<\/strong> et sans compter nos heures\u2009\u00bb, r\u00e9p\u00e8te \u00e0 l\u2019envi St\u00e9phane Arnal.<\/p>\n<p>Une d\u00e9gustation d\u00e9cisive<\/p>\n<p class=\" wall-content\">Convaincu de d\u00e9tenir \u00ab\u2009<strong>un joyau absolu<\/strong>\u2009\u00bb sur ses terres, ce passionn\u00e9 de motocross fonce. Il ne rel\u00e2che jamais ses efforts et se fixe toujours <strong>des objectifs aussi pr\u00e9cis que tr\u00e8s \u00e9lev\u00e9s<\/strong> pour son futur ros\u00e9.<\/p>\n<p class=\" wall-content\">\u00ab\u2009Le ros\u00e9 est le vin le plus dur, le plus \u00e9puisant \u00e0 produire. Il faut vendanger aux m\u00eames heures. Il ne faut rien laisser au hasard. Il faut surveiller constamment les vignes, la m\u00e9t\u00e9o. C\u2019est comme de l\u2019orf\u00e8vre. C\u2019est franchement \u00e9puisant \u00e0 faire\u2009\u00bb, assure aujourd\u2019hui celui qui savoure le plaisir de voir d\u00e9j\u00e0 \u00e0 l\u2019\u00e9poque ses <strong>premi\u00e8res bouteilles salu\u00e9es<\/strong> par des professionnels francophones de la viticulture.<\/p>\n<blockquote class=\"ac-article-quote wall-content\">\n<p>L&rsquo;\u0153il d&rsquo;Amandine Chaignot, travaillant aux c\u00f4t\u00e9s de Yannick All\u00e9no dans les cuisines du Ritz de Londres a tout chang\u00e9. Elle a rep\u00e9r\u00e9 notre vin ros\u00e9. Elle a commenc\u00e9 \u00e0 en parler autour d&rsquo;elle et devient, un peu, l&rsquo;ambassadrice autoproclam\u00e9e de notre nouveau vin.<\/p>\n<p>    <strong>St\u00e9phane Arnal<\/strong><br \/>\n        Cog\u00e9rant du domaine La P\u00e9rinade    <\/p><\/blockquote>\n<p class=\" wall-content\">Quelques semaines plus tard, apr\u00e8s une d\u00e9gustation entre amis \u00e0 Pezens, le photographe fran\u00e7ais Pierre-\u00c9lie de\u00a0Pibrac tombe sous le charme de cette nouvelle proposition. De lui-m\u00eame, sans pr\u00e9venir St\u00e9phane Arnal, l\u2019artiste glisse le nom du domaine carcassonnais \u00e0 l\u2019\u00e9tat-major du Crazy Horse.<\/p>\n<p>Un coup de pouce tr\u00e8s opportun<\/p>\n<p class=\" wall-content\">D\u00e8s que le nom de La P\u00e9rinade circule dans les locaux d\u2019un des cabarets les plus connus de la plan\u00e8te, l\u2019histoire du site audois va s\u2019acc\u00e9l\u00e9rer.<\/p>\n<blockquote class=\"ac-article-quote wall-content\">\n<p>Cela a \u00e9t\u00e9 un premier choc. Moi, le Parisien de naissance, je rentre dans ce lieu mythique avec toute son histoire, ses stars venues il y a fort longtemps. La premi\u00e8re fois, j&rsquo;ai \u00e9t\u00e9 tr\u00e8s intimid\u00e9. Mais les affaires ont vite repris le dessus.<\/p>\n<p>    <strong>St\u00e9phane Arnal<\/strong><br \/>\n        Cog\u00e9rant du Domaine La P\u00e9rinade    <\/p><\/blockquote>\n<p class=\" wall-content\">En d\u00e9but d\u2019ann\u00e9e 2023, le chef d\u2019entreprise est sollicit\u00e9 par la directrice artistique de l\u2019\u00e9poque et une rencontre \u00e0 Paris est organis\u00e9e \u00e0 la h\u00e2te. \u00ab\u2009Il avait \u00e9t\u00e9 \u00e9voqu\u00e9 par t\u00e9l\u00e9phone d\u2019avoir quelques bouteilles l\u00e0-bas mais sans certitude, ni n\u00e9gociations clairement entam\u00e9es. Je n\u2019avais pas pris seul la d\u00e9cision d\u2019aller les voir\u2009\u00bb, assure le viticulteur.<\/p>\n<p>    <img   decoding=\"async\" loading=\"lazy\" src=\"https:\/\/www.europesays.com\/fr\/wp-content\/uploads\/2025\/11\/perinade-vins-bouteilles-paris-960x607.jpg\" alt=\"En 2025, St\u00e9phane Arnal, responsable du domaine viticole de la P\u00e9rinade \u00e0 P\u00e9zens (Aude), a pu vendre 3000 de ses bouteilles de vin ros\u00e9 sur les tables du prestigieux Crazy Horse \u00e0 Paris. \" width=\"960\" height=\"607\"\/><br \/>\n    En 2025, St\u00e9phane Arnal, responsable du domaine viticole de la P\u00e9rinade \u00e0 Pezens (Aude), a pu vendre 3000 de ses bouteilles de vin ros\u00e9 sur les tables du prestigieux Crazy Horse \u00e0 Paris. (\u00a9St\u00e9phane Arnal)<\/p>\n<p class=\" wall-content\">Une fois sur place, le quadrag\u00e9naire n\u2019est pas seul face \u00e0 la directrice artistique. Loin de l\u00e0. \u00ab\u2009Face \u00e0 moi, ils \u00e9taient <strong>22 voire 23<\/strong>. J\u2019avais face \u00e0 moi outre la directrice artistique, un des patrons, <strong>deux danseuses<\/strong>, plusieurs chefs de rang, des directeurs techniques, un ing\u00e9nieur du son entre autres. Je n\u2019avais pas \u00e9t\u00e9 inform\u00e9 de toutes ces venues\u2009\u00bb, s\u2019amuse aujourd\u2019hui l\u2019ancien financier.<\/p>\n<p>22\u00a0fois<\/p>\n<p class=\" wall-content\">Il sait tr\u00e8s bien les raisons de sa pr\u00e9sence, m\u00eame s\u2019il n\u2019a apport\u00e9 aucune bouteille.<\/p>\n<p class=\" wall-content\">\u00ab\u2009On m\u2019a rapidement fait comprendre que c\u2019\u00e9tait le moment de convaincre. Comment\u2009? En pr\u00e9sentant tout oralement, <strong>en pitchant<\/strong> comme disent les trentenaires\u2009! Je me suis retrouv\u00e9 \u00e0 r\u00e9p\u00e9ter \u00e0 chacun, la m\u00eame histoire. Ce qui fait <strong>22 pitchs en 4 petites heures<\/strong> dans la m\u00eame pi\u00e8ce, avec la m\u00eame conviction\u2009\u00bb, se souvient le jeune p\u00e8re de famille.<\/p>\n<blockquote class=\"ac-article-quote wall-content\">\n<p>J&rsquo;ai vite compris que face \u00e0 nous, c&rsquo;\u00e9tait un solide concurrent, un des fers de lance, propri\u00e9t\u00e9 du puissant groupe LVMH. C&rsquo;\u00e9tait le ch\u00e2teau Esclans \u00e0 Saint-Tropez qui \u00e9tait jusqu&rsquo;alors propos\u00e9 aux clients du cabaret. <\/p>\n<p>    <strong>St\u00e9phane Arnal<\/strong><br \/>\n        Cog\u00e9rant du domaine La P\u00e9rinade    <\/p><\/blockquote>\n<p><strong>De 25 \u00e0 3000\u2009!<\/strong><\/p>\n<p class=\" wall-content\">Tout s\u2019est jou\u00e9 dans ces instants-l\u00e0. En d\u00e9but de soir\u00e9e, un vote \u00e0 bulletin secret a lieu au sein du cabaret. Le r\u00e9sultat ne se fait pas attendre. \u00ab\u2009Andr\u00e9e Desseinberg, la responsable de l\u2019\u00e9poque, m\u2019a appel\u00e9 pour me dire que j\u2019avais <strong>renvers\u00e9 LVMH<\/strong> et qu\u2019il fallait concr\u00e8tement discuter pour la premi\u00e8re commande\u2009\u00bb, se souvient, encore \u00e9mu aujourd\u2019hui, le viticulteur.<\/p>\n<blockquote class=\"ac-article-quote wall-content\">\n<p>On a r\u00e9ussi \u00e0 sortir LVMH du Crazy Horse et ce n&rsquo;est pas rien pour un domaine comme celui que je repr\u00e9sente.<\/p>\n<p>    <strong>St\u00e9phane Arnal<\/strong><br \/>\n        Cog\u00e9rant du domaine La P\u00e9rinade    <\/p><\/blockquote>\n<p class=\" wall-content\">Quelques semaines plus tard, il prend un malin plaisir \u00e0 apporter personnellement ses 25 bouteilles au c\u00e9l\u00e8bre site touristique depuis l\u2019entrep\u00f4t de Rungis o\u00f9 il en a stock\u00e9 quelques dizaines. D\u2019autres suivront tr\u00e8s vite.<\/p>\n<p>Exportation en cours<\/p>\n<p class=\" wall-content\">Aujourd\u2019hui, les discussions sont plus simples. Les deux entit\u00e9s sont en parfaite osmose \u00e0 un tel point qu\u2019une bouteille con\u00e7ue ensemble a vu le jour. \u00ab\u2009Des cols comme celui-l\u00e0, j\u2019en place 3000 au Crazy Horse depuis plusieurs ann\u00e9es et \u00e7a va continuer en 2026. <strong>L\u2019accord est sign\u00e9\u2009<\/strong>\u00bb, se r\u00e9jouit le patron.<\/p>\n<blockquote class=\"ac-article-quote wall-content\">\n<p>Nous sommes de plus en plus pr\u00e9sents au sein des Duty-Free et c&rsquo;est un honneur. C&rsquo;est une autre voie de d\u00e9veloppement \u00e0 travailler, tout en conservant le Crazy Horse.<\/p>\n<p>    <strong>St\u00e9phane Arnal<\/strong><br \/>\n        Cog\u00e9rant du domaine La P\u00e9rinade    <\/p><\/blockquote>\n<p class=\" wall-content\">Mieux, gr\u00e2ce \u00e0 de nouveaux contacts professionnels sur lesquels il souhaite rester discret, il a pu nouer des contacts \u00e0 l\u2019international. \u00ab\u2009On a commenc\u00e9 \u00e0 exporter ce m\u00eame vin au Royaume-Uni, dans d\u2019autres pays et aussi gr\u00e2ce \u00e0 un businessman rencontr\u00e9 par hasard, en Lituanie. Et, <strong>cela fonctionne tr\u00e8s tr\u00e8s bien<\/strong>\u2009\u00bb, certifie l\u2019homme d\u2019affaires.<\/p>\n<p class=\" wall-content\">Mais il ne compte pas s\u2019arr\u00eater l\u00e0. Sans se fixer la moindre limite de temps, l\u2019homme commence \u00e0 se renseigner pour exporter sa production aux USA comme en Arabie saoudite. Pour St\u00e9phane Arnal, une chose est s\u00fbre. Son avenir, comme celui de son domaine, s\u2019\u00e9crit d\u00e9finitivement en ros\u00e9.<\/p>\n<p>Domaine de la P\u00e9rinade. Lieu-dit La P\u00e9rinade \u00e0 Pezens (Aude). Dirig\u00e9 par St\u00e9phane Arnal. T\u00e9l. 06\u200961\u200999\u200993\u200977. Plus d\u2019informations \u00e0 retrouver <a href=\"https:\/\/www.domainedelaperinade.com\/\" target=\"_blank\" rel=\"noopener\">ici<\/a>.<\/p>\n<p class=\" wall-content\">Personnalisez votre actualit\u00e9 en ajoutant vos villes et m\u00e9dias en favori avec <a href=\"https:\/\/moncompte.actu.fr\" title=\"D\u00e9couvez Mon Actu\" rel=\"nofollow noopener\" data-trk=\"{&quot;cta&quot;:{&quot;action&quot;:&quot;https:\\\/\\\/moncompte.actu.fr&quot;,&quot;category&quot;:&quot;mon compte&quot;,&quot;from&quot;:&quot;article footer&quot;,&quot;name&quot;:&quot;Mon actu&quot;,&quot;type&quot;:&quot;cta&quot;}}\" target=\"_blank\">Mon Actu<\/a>.<\/p>\n","protected":false},"excerpt":{"rendered":"Par Charles Dos Santos Publi\u00e9 le 8 nov. 2025 \u00e0 13h02 Implant\u00e9 \u00e0 Pezens dans l\u2019Aude depuis fin&hellip;\n","protected":false},"author":2,"featured_media":521645,"comment_status":"","ping_status":"","sticky":false,"template":"","format":"standard","meta":{"footnotes":""},"categories":[1592],"tags":[1111,11,33,1777,674,1011,27,662,12,626,25,602,1662,18193],"class_list":{"0":"post-521644","1":"post","2":"type-post","3":"status-publish","4":"format-standard","5":"has-post-thumbnail","7":"category-ile-de-france","8":"tag-actu","9":"tag-actualites","10":"tag-economie","11":"tag-eu","12":"tag-europe","13":"tag-fr","14":"tag-france","15":"tag-ile-de-france","16":"tag-news","17":"tag-paris","18":"tag-republique-francaise","19":"tag-tourisme","20":"tag-vin","21":"tag-viticulture"},"share_on_mastodon":{"url":"https:\/\/pubeurope.com\/@fr\/115516917368747918","error":""},"_links":{"self":[{"href":"https:\/\/www.europesays.com\/fr\/wp-json\/wp\/v2\/posts\/521644","targetHints":{"allow":["GET"]}}],"collection":[{"href":"https:\/\/www.europesays.com\/fr\/wp-json\/wp\/v2\/posts"}],"about":[{"href":"https:\/\/www.europesays.com\/fr\/wp-json\/wp\/v2\/types\/post"}],"author":[{"embeddable":true,"href":"https:\/\/www.europesays.com\/fr\/wp-json\/wp\/v2\/users\/2"}],"replies":[{"embeddable":true,"href":"https:\/\/www.europesays.com\/fr\/wp-json\/wp\/v2\/comments?post=521644"}],"version-history":[{"count":0,"href":"https:\/\/www.europesays.com\/fr\/wp-json\/wp\/v2\/posts\/521644\/revisions"}],"wp:featuredmedia":[{"embeddable":true,"href":"https:\/\/www.europesays.com\/fr\/wp-json\/wp\/v2\/media\/521645"}],"wp:attachment":[{"href":"https:\/\/www.europesays.com\/fr\/wp-json\/wp\/v2\/media?parent=521644"}],"wp:term":[{"taxonomy":"category","embeddable":true,"href":"https:\/\/www.europesays.com\/fr\/wp-json\/wp\/v2\/categories?post=521644"},{"taxonomy":"post_tag","embeddable":true,"href":"https:\/\/www.europesays.com\/fr\/wp-json\/wp\/v2\/tags?post=521644"}],"curies":[{"name":"wp","href":"https:\/\/api.w.org\/{rel}","templated":true}]}}