{"id":521648,"date":"2025-11-09T00:31:18","date_gmt":"2025-11-09T00:31:18","guid":{"rendered":"https:\/\/www.europesays.com\/fr\/521648\/"},"modified":"2025-11-09T00:31:18","modified_gmt":"2025-11-09T00:31:18","slug":"en-memoire-du-13-novembre-les-parisiens-invites-a-un-geste-place-de-la-republique","status":"publish","type":"post","link":"https:\/\/www.europesays.com\/fr\/521648\/","title":{"rendered":"En m\u00e9moire du 13-Novembre, les Parisiens invit\u00e9s \u00e0 un \u00ab geste \u00bb place de la R\u00e9publique"},"content":{"rendered":"<p class=\"mb-4 text-lg md:leading-8 break-words\">Un geste simple, dix ans apr\u00e8s les attentats du 13-Novembre. C\u2019est le sens de la d\u00e9marche propos\u00e9e d\u00e8s ce samedi 8 novembre par la mairie de <a data-i13n=\"cpos:1;pos:1\" href=\"https:\/\/fr.news.yahoo.com\/%C3%A0-paris-feu-d-artifice-153202004.html\" data-ylk=\"slk:Paris;cpos:1;pos:1;elm:context_link;itc:0;sec:content-canvas;outcm:mb_qualified_link;_E:mb_qualified_link;ct:story;\" class=\"link  yahoo-link\" target=\"_blank\" rel=\"noopener\">Paris<\/a>, qui incite la population \u00e0 \u00ab un geste comm\u00e9moratif \u00bb sur le \u00ab lieu symbole des recueillements en 2015 \u00bb, <a data-i13n=\"cpos:2;pos:1\" href=\"https:\/\/fr.news.yahoo.com\/depuis-13-novembre-2015-r%C3%A9flexes-160009414.html\" data-ylk=\"slk:la place de la R\u00e9publique;cpos:2;pos:1;elm:context_link;itc:0;sec:content-canvas;outcm:mb_qualified_link;_E:mb_qualified_link;ct:story;\" class=\"link  yahoo-link\" target=\"_blank\" rel=\"noopener\">la place de la R\u00e9publique<\/a>, au carrefour des III, Xe et XIe arrondissement de la capitale.<\/p>\n<p class=\"mb-4 text-lg md:leading-8 break-words\"><a data-i13n=\"cpos:3;pos:1\" href=\"https:\/\/fr.news.yahoo.com\/t%C3%A9moins-13-novembre-2015-racontent-173009485.html\" data-ylk=\"slk:T\u00e9moins du 13-Novembre 2015, ils racontent les sentiments qui les hantent toujours 10 ans apr\u00e8s;cpos:3;pos:1;elm:context_link;itc:0;sec:content-canvas;outcm:mb_qualified_link;_E:mb_qualified_link;ct:story;\" class=\"link  yahoo-link\" target=\"_blank\" rel=\"noopener\"> T\u00e9moins du 13-Novembre 2015, ils racontent les sentiments qui les hantent toujours 10 ans apr\u00e8s <\/a><\/p>\n<p class=\"mb-4 text-lg md:leading-8 break-words\">\u00ab Une bougie, une fleur ou un simple mot \u00bb peuvent donc \u00eatre d\u00e9pos\u00e9s d\u00e8s ce samedi sur la c\u00e9l\u00e8bre place parisienne. Mais avant cet appel, quelques bougies et fleurs avaient d\u00e9j\u00e0 \u00e9t\u00e9 d\u00e9pos\u00e9es spontan\u00e9ment sous la statue de Marianne, au centre de la place ce samedi en fin de matin\u00e9e. \u00c0 c\u00f4t\u00e9, l\u2019exposition \u00ab 13 novembre 2015, Paris se souvient \u00bb, pr\u00e9sente d\u2019ailleurs des photos illustrant <a data-i13n=\"cpos:4;pos:1\" href=\"https:\/\/www.huffingtonpost.fr\/actualites\/article\/comment-la-place-de-la-republique-s-est-forge-en-un-an-un-statut-d-exception_69885.html\" rel=\"nofollow noopener\" target=\"_blank\" data-ylk=\"slk:les hommages spontan\u00e9s qui s\u2019\u00e9taient multipli\u00e9s;cpos:4;pos:1;elm:context_link;itc:0;sec:content-canvas\" class=\"link \">les hommages spontan\u00e9s qui s\u2019\u00e9taient multipli\u00e9s<\/a> juste apr\u00e8s <a data-i13n=\"cpos:5;pos:1\" href=\"https:\/\/fr.news.yahoo.com\/vivants-r%C3%A9alisateur-s%C3%A9rie-13-novembre-094429816.html\" data-ylk=\"slk:les attentats;cpos:5;pos:1;elm:context_link;itc:0;sec:content-canvas;outcm:mb_qualified_link;_E:mb_qualified_link;ct:story;\" class=\"link  yahoo-link\" target=\"_blank\" rel=\"noopener\">les attentats<\/a>.<\/p>\n<p class=\"mb-4 text-lg md:leading-8 break-words\">\u00ab La Ville de Paris organise plusieurs temps d\u2019hommages et de comm\u00e9morations d\u00e8s le 8 novembre, date \u00e0 laquelle les Parisiennes et Parisiens sont invit\u00e9s \u00e0 faire un geste comm\u00e9moratif \u00bb, a ainsi \u00e9crit la mairie dans un communiqu\u00e9.<\/p>\n<p class=\"mb-4 text-lg md:leading-8 break-words\">Vendredi soir, un hommage avait d\u00e9j\u00e0 \u00e9t\u00e9 rendu, selon Arthur D\u00e9nouveaux, pr\u00e9sident de l\u2019association de victimes Life for Paris, par des supporters du Paris-Saint-Germain. Des membres du collectif Ultras Paris ont notamment d\u00e9ploy\u00e9, place de la R\u00e9publique et devant le Bataclan, une banderole Fluctuat Nec Mergitur (\u00ab Il est battu par les flots mais ne sombre pas \u00bb), la devise de la capitale.<\/p>\n<p class=\"mb-4 text-lg md:leading-8 break-words\">Plusieurs autres \u00e9v\u00e9nements sont organis\u00e9s cette ann\u00e9e, une d\u00e9cennie apr\u00e8s ces attentats, comme la cr\u00e9ation d\u2019une fresque murale dans le 11e arrondissement, d\u00e8s le 12 novembre. Dimanche, deux courses sont \u00e9galement organis\u00e9es par l\u2019Association fran\u00e7aise des Victimes du Terrorisme (AfVT), un \u00e9v\u00e9nement baptis\u00e9 \u00ab 13-Unis \u00bb : \u00ab La course de la Libert\u00e9 \u00bb s\u2019\u00e9lancera du Stade de France et \u00ab la marche de l\u2019\u00c9galit\u00e9 \u00bb de la Place de la R\u00e9publique, avec une arriv\u00e9e \u00e0 l\u2019H\u00f4tel de Ville.<\/p>\n<p>C\u00e9r\u00e9monie sp\u00e9ciale jeudi 13 novembre<\/p>\n<p class=\"mb-4 text-lg md:leading-8 break-words\">Le 13 novembre 2015, une vague coordonn\u00e9e d\u2019attentats men\u00e9e par des commandos du groupe \u00c9tat islamique avaient vis\u00e9 le Stade de France, \u00e0 Saint-Denis, des terrasses de caf\u00e9 et la salle de spectacle du Bataclan \u00e0 Paris, tuant 130 personnes et en blessant des centaines d\u2019autres.<\/p>\n<p class=\"mb-4 text-lg md:leading-8 break-words\">Apr\u00e8s ces \u00e9v\u00e9nements traumatisants, la place de la R\u00e9publique avait \u00e9t\u00e9 transform\u00e9e en m\u00e9morial improvis\u00e9 par les habitants de la capitale, y d\u00e9posant bougies, bouquets de fleurs ou mots en hommage aux victimes.<\/p>\n<p class=\"mb-4 text-lg md:leading-8 break-words\">Une <a data-i13n=\"cpos:6;pos:1\" href=\"https:\/\/fr.news.yahoo.com\/%C3%A0-ressemblera-l-hommage-dix-151704837.html\" data-ylk=\"slk:journ\u00e9e d\u2019hommage pas comme les autres aura d\u2019ailleurs lieu ce jeudi 13 novembre;cpos:6;pos:1;elm:context_link;itc:0;sec:content-canvas;outcm:mb_qualified_link;_E:mb_qualified_link;ct:story;\" class=\"link  yahoo-link\" target=\"_blank\" rel=\"noopener\">journ\u00e9e d\u2019hommage pas comme les autres aura d\u2019ailleurs lieu ce jeudi 13 novembre<\/a>, o\u00f9 Emmanuel Macron comm\u00e9morera les dix ans des attaques en se recueillant sur chacun des lieux vis\u00e9s. Cette journ\u00e9e d\u2019hommages s\u2019ach\u00e8vera par l\u2019inauguration du jardin du souvenir du 13-Novembre \u2212 d\u00e9j\u00e0 ouvert au public \u2212sur la place Saint-Gervais, en face de l\u2019H\u00f4tel de Ville de Paris, o\u00f9 le pr\u00e9sident de la R\u00e9publique devrait prononcer un discours. \u00ab Le 13 novembre, les Parisiennes et Parisiens pourront \u00e9galement se rassembler Place de la R\u00e9publique pour suivre les comm\u00e9morations, retransmises en direct sur France T\u00e9l\u00e9visions et TF1 \u00bb, pr\u00e9cise \u00e9galement le communiqu\u00e9 de la mairie de Paris.<\/p>\n<p class=\"mb-4 text-lg md:leading-8 break-words\"><a data-i13n=\"cpos:7;pos:1\" href=\"https:\/\/fr.news.yahoo.com\/tirage-au-sort-paris-permettra-203337668.html\" data-ylk=\"slk:Ce tirage au sort de Paris vous permettra d\u2019avoir un voisin c\u00e9l\u00e8bre... au cimeti\u00e8re;cpos:7;pos:1;elm:context_link;itc:0;sec:content-canvas;outcm:mb_qualified_link;_E:mb_qualified_link;ct:story;\" class=\"link  yahoo-link\" target=\"_blank\" rel=\"noopener\"> Ce tirage au sort de Paris vous permettra d\u2019avoir un voisin c\u00e9l\u00e8bre&#8230; au cimeti\u00e8re <\/a><\/p>\n<p class=\"mb-4 text-lg md:leading-8 break-words\"><a data-i13n=\"cpos:8;pos:1\" href=\"https:\/\/fr.news.yahoo.com\/attentats-2015-rescap%C3%A9s-politiques-t%C3%A9moignent-173046870.html\" data-ylk=\"slk:Attentats de 2015 : rescap\u00e9s, politiques\u2026 Ils t\u00e9moignent du \u00ab lien indicible \u00bb qui les unit depuis 10 ans;cpos:8;pos:1;elm:context_link;itc:0;sec:content-canvas;outcm:mb_qualified_link;_E:mb_qualified_link;ct:story;\" class=\"link  yahoo-link\" target=\"_blank\" rel=\"noopener\"> Attentats de 2015 : rescap\u00e9s, politiques\u2026 Ils t\u00e9moignent du \u00ab lien indicible \u00bb qui les unit depuis 10 ans <\/a><\/p>\n","protected":false},"excerpt":{"rendered":"Un geste simple, dix ans apr\u00e8s les attentats du 13-Novembre. C\u2019est le sens de la d\u00e9marche propos\u00e9e d\u00e8s&hellip;\n","protected":false},"author":2,"featured_media":521649,"comment_status":"","ping_status":"","sticky":false,"template":"","format":"standard","meta":{"footnotes":""},"categories":[1888],"tags":[1111,1928,11,1927,1777,674,1011,27,64163,64235,64234,12,1926,626,1925,3092,25],"class_list":{"0":"post-521648","1":"post","2":"type-post","3":"status-publish","4":"format-standard","5":"has-post-thumbnail","7":"category-paris","8":"tag-actu","9":"tag-actu-paris","10":"tag-actualites","11":"tag-actualites-paris","12":"tag-eu","13":"tag-europe","14":"tag-fr","15":"tag-france","16":"tag-jardin-du-souvenir","17":"tag-la-place","18":"tag-le-president-de-la-republique","19":"tag-news","20":"tag-news-paris","21":"tag-paris","22":"tag-paris-news","23":"tag-place-de-la-republique","24":"tag-republique-francaise"},"share_on_mastodon":{"url":"https:\/\/pubeurope.com\/@fr\/115516924573077283","error":""},"_links":{"self":[{"href":"https:\/\/www.europesays.com\/fr\/wp-json\/wp\/v2\/posts\/521648","targetHints":{"allow":["GET"]}}],"collection":[{"href":"https:\/\/www.europesays.com\/fr\/wp-json\/wp\/v2\/posts"}],"about":[{"href":"https:\/\/www.europesays.com\/fr\/wp-json\/wp\/v2\/types\/post"}],"author":[{"embeddable":true,"href":"https:\/\/www.europesays.com\/fr\/wp-json\/wp\/v2\/users\/2"}],"replies":[{"embeddable":true,"href":"https:\/\/www.europesays.com\/fr\/wp-json\/wp\/v2\/comments?post=521648"}],"version-history":[{"count":0,"href":"https:\/\/www.europesays.com\/fr\/wp-json\/wp\/v2\/posts\/521648\/revisions"}],"wp:featuredmedia":[{"embeddable":true,"href":"https:\/\/www.europesays.com\/fr\/wp-json\/wp\/v2\/media\/521649"}],"wp:attachment":[{"href":"https:\/\/www.europesays.com\/fr\/wp-json\/wp\/v2\/media?parent=521648"}],"wp:term":[{"taxonomy":"category","embeddable":true,"href":"https:\/\/www.europesays.com\/fr\/wp-json\/wp\/v2\/categories?post=521648"},{"taxonomy":"post_tag","embeddable":true,"href":"https:\/\/www.europesays.com\/fr\/wp-json\/wp\/v2\/tags?post=521648"}],"curies":[{"name":"wp","href":"https:\/\/api.w.org\/{rel}","templated":true}]}}